{"id":11081,"date":"2025-09-02T23:17:31","date_gmt":"2025-09-03T02:17:31","guid":{"rendered":"https:\/\/calleangosta.com\/ca\/?p=11081"},"modified":"2025-09-02T23:28:24","modified_gmt":"2025-09-03T02:28:24","slug":"3mpanadas-gobierno-berreta-y-degradacion-institucional","status":"publish","type":"post","link":"https:\/\/calleangosta.com\/ca\/3mpanadas-gobierno-berreta-y-degradacion-institucional\/","title":{"rendered":"3MPANADAS: Gobierno berreta y degradaci\u00f3n institucional"},"content":{"rendered":"\n<h3 class=\"wp-block-heading\"><em> <\/em><\/h3>\n\n\n\n<p> Marcelo Garc\u00eda en el editorial emitido en <em>3mpanadas<\/em> plantea una caracterizaci\u00f3n del gobierno argentino como \u201cberreta\u201d, entendiendo este t\u00e9rmino no solo en su acepci\u00f3n coloquial, sino como s\u00edntesis de una gesti\u00f3n marcada por la baja calidad institucional, la improvisaci\u00f3n administrativa y la p\u00e9rdida de legitimidad simb\u00f3lica. Se se\u00f1ala una crisis de representaci\u00f3n que excede lo partidario y afecta la estructura misma del sistema democr\u00e1tico.<\/p>\n\n\n\n<p>El editorial vincula la precariedad gubernamental con consecuencias concretas: inflaci\u00f3n persistente, deterioro de servicios p\u00fablicos, y aumento de la desigualdad. Se expone c\u00f3mo la falta de planificaci\u00f3n y la l\u00f3gica del parche generan efectos regresivos, especialmente en sectores vulnerables. La cr\u00edtica se apoya en indicadores y hechos recientes, evitando caer en la mera opini\u00f3n.<\/p>\n\n\n\n<p>El cierre editorial propone no naturalizar el desgobierno. Se exhorta a sostener la capacidad de indignaci\u00f3n, recuperar la exigencia democr\u00e1tica y participar activamente en la vida p\u00fablica. En un contexto de banalizaci\u00f3n del poder, el editorial se convierte en herramienta de resistencia simb\u00f3lica y pol\u00edtica.<\/p>\n\n\n\n<p>Escuch\u00e1 y mir\u00e1 la editorial: Gobierno berreta.<\/p>\n\n\n\n<figure class=\"wp-block-embed is-type-video is-provider-youtube wp-block-embed-youtube wp-embed-aspect-16-9 wp-has-aspect-ratio\"><div class=\"wp-block-embed__wrapper\">\n<iframe loading=\"lazy\" title=\"3mpanadas - Martes 2 de Agosto - Gobierno berreta\" width=\"500\" height=\"281\" src=\"https:\/\/www.youtube.com\/embed\/DjuYjsCvbiw?feature=oembed\" frameborder=\"0\" allow=\"accelerometer; autoplay; clipboard-write; encrypted-media; gyroscope; picture-in-picture; web-share\" referrerpolicy=\"strict-origin-when-cross-origin\" allowfullscreen><\/iframe>\n<\/div><\/figure>\n","protected":false},"excerpt":{"rendered":"<p>Marcelo Garc\u00eda en el editorial emitido en 3mpanadas plantea una caracterizaci\u00f3n del gobierno argentino como \u201cberreta\u201d, entendiendo este t\u00e9rmino no solo en su acepci\u00f3n coloquial, sino como s\u00edntesis de una gesti\u00f3n marcada por la baja calidad institucional, la improvisaci\u00f3n administrativa y la p\u00e9rdida de legitimidad simb\u00f3lica. Se se\u00f1ala una crisis de representaci\u00f3n que excede lo &hellip;<\/p>\n","protected":false},"author":7,"featured_media":11085,"comment_status":"open","ping_status":"open","sticky":false,"template":"","format":"standard","meta":{"advanced_seo_description":"","jetpack_seo_html_title":"","jetpack_seo_noindex":false,"_jetpack_memberships_contains_paid_content":false,"footnotes":"","jetpack_publicize_message":"","jetpack_publicize_feature_enabled":true,"jetpack_social_post_already_shared":false,"jetpack_social_options":{"image_generator_settings":{"template":"highway","default_image_id":0,"font":"","enabled":false},"version":2}},"categories":[33],"tags":[],"class_list":["post-11081","post","type-post","status-publish","format-standard","has-post-thumbnail","hentry","category-villa-mercedes-actualidad"],"jetpack_publicize_connections":[],"jetpack_featured_media_url":"https:\/\/i0.wp.com\/calleangosta.com\/ca\/wp-content\/uploads\/2025\/09\/foto2-1.png?fit=711%2C630&ssl=1","jetpack_sharing_enabled":true,"_links":{"self":[{"href":"https:\/\/calleangosta.com\/ca\/wp-json\/wp\/v2\/posts\/11081","targetHints":{"allow":["GET"]}}],"collection":[{"href":"https:\/\/calleangosta.com\/ca\/wp-json\/wp\/v2\/posts"}],"about":[{"href":"https:\/\/calleangosta.com\/ca\/wp-json\/wp\/v2\/types\/post"}],"author":[{"embeddable":true,"href":"https:\/\/calleangosta.com\/ca\/wp-json\/wp\/v2\/users\/7"}],"replies":[{"embeddable":true,"href":"https:\/\/calleangosta.com\/ca\/wp-json\/wp\/v2\/comments?post=11081"}],"version-history":[{"count":1,"href":"https:\/\/calleangosta.com\/ca\/wp-json\/wp\/v2\/posts\/11081\/revisions"}],"predecessor-version":[{"id":11083,"href":"https:\/\/calleangosta.com\/ca\/wp-json\/wp\/v2\/posts\/11081\/revisions\/11083"}],"wp:featuredmedia":[{"embeddable":true,"href":"https:\/\/calleangosta.com\/ca\/wp-json\/wp\/v2\/media\/11085"}],"wp:attachment":[{"href":"https:\/\/calleangosta.com\/ca\/wp-json\/wp\/v2\/media?parent=11081"}],"wp:term":[{"taxonomy":"category","embeddable":true,"href":"https:\/\/calleangosta.com\/ca\/wp-json\/wp\/v2\/categories?post=11081"},{"taxonomy":"post_tag","embeddable":true,"href":"https:\/\/calleangosta.com\/ca\/wp-json\/wp\/v2\/tags?post=11081"}],"curies":[{"name":"wp","href":"https:\/\/api.w.org\/{rel}","templated":true}]}}