{"id":11944,"date":"2025-10-27T13:18:23","date_gmt":"2025-10-27T16:18:23","guid":{"rendered":"https:\/\/calleangosta.com\/ca\/?p=11944"},"modified":"2025-10-27T13:18:25","modified_gmt":"2025-10-27T16:18:25","slug":"avanza-el-rodaje-de-la-pelicula-documental-sobre-el-papa-francisco-el-cura-del-fin-del-mundo","status":"publish","type":"post","link":"https:\/\/calleangosta.com\/ca\/avanza-el-rodaje-de-la-pelicula-documental-sobre-el-papa-francisco-el-cura-del-fin-del-mundo\/","title":{"rendered":"AVANZA EL RODAJE DE LA PEL\u00cdCULA DOCUMENTAL SOBRE EL PAPA FRANCISCO, \u201cEL CURA DEL FIN DEL MUNDO\u201d."},"content":{"rendered":"\n<p>As\u00ed lo anunci\u00f3 el director del documental sobre el Papa Francisco, Esteban Cadoche, oriundo de la ciudad de Santa Fe.<br>En ese marco, explic\u00f3 que est\u00e1n en pleno proceso de rodaje con entrevistas ya filmadas con el padre Pepe Di Paola, referente hace m\u00e1s de 30 a\u00f1os de los curas villeros, quien hoy vive en Santiago del Estero; con el juez Andr\u00e9s Gallardo, en la Ciudad de Buenos Aires, Caba; con monse\u00f1or Jaime Spengler en Porto Alegre, presidente de la Conferencia Nacional de Obispos de Brasil, y presidente del Consejo Episcopal Latinoamericano y Caribe\u00f1o (CELAM), y Arlete, una mujer afro brasile\u00f1a, integrante del MST (Movimiento de los trabajadores rurales sin tierra) el movimiento social m\u00e1s grande del planeta, en Hulla Negra (Brasil).<br>\u201cGallardo -explic\u00f3 Cadoche- es presidente del Comit\u00e9 Panamericano de Jueces y Juezas por la Justicia Social y tuvo al igual que Di Paola un v\u00ednculo muy cercano con Francisco y ambos han seguido la misma huella en cuanto a estar siempre del lado de los m\u00e1s necesitados\u201d.<br>En ese marco, el cineasta destac\u00f3: \u201cLa motivaci\u00f3n de la pel\u00edcula es contar los rasgos m\u00e1s sobresalientes del papado de Francisco que fue un l\u00edder mundial y, casi en soledad, tuvo que defender la condici\u00f3n humana la dignidad de los trabajadores y de los pueblos la justicia social y el derecho a vivir en un mundo m\u00e1s habitable\u201d.<br>Para Cadoche, \u201chay dos paradigmas en el mundo el de la crueldad que viene del lat\u00edn crudelis, que quiere decir derramamiento de sangre con deleite, es decir causar sufrimiento a los dem\u00e1s y disfrutar de eso. Hay ejemplos en el mundo, y sobre todo en la Argentina de esto, y el paradigma del cuidado que tambi\u00e9n viene del lat\u00edn cogitare pensamiento o reflexi\u00f3n es decir aquel que pone la atenci\u00f3n en las personas por ejemplo. Este paradigma del cuidado lo represent\u00f3 Francisco\u201d.<br>Adelant\u00f3 tambi\u00e9n que \u201cJaime Spengler nos har\u00e1 el inmenso favor \u2013a la pel\u00edcula- de hablar con los presidentes de las conferencias episcopales de Asia y de \u00c1frica, que vendr\u00e1n en noviembre a participar de la COP30, la conferencia de Naciones Unidas sobre cambio clim\u00e1tico de Belem Do Par\u00e1, para que ellos nos concedan una entrevista. De concretarse, en el documental del Papa Francisco, aparecer\u00e1n los representantes del ochenta por cien to de los cat\u00f3licos del mundo, que son mil quinientos millones de personas\u201d.<br>\u201cY ser\u00e1 posible -subray\u00f3 Cadoche &#8211; pensar que estaremos cerca de conseguir que d\u00e9 su testimonio el actual Papa Le\u00f3n XIV.\u201d<br>\u201cLuego nos queda la entrevista con una mujer aborigen de Chiapas M\u00e9xico, donde surgi\u00f3 hace 500 a\u00f1os Bartolom\u00e9 de las Casas, es decir la Iglesia pegada al pueblo\u201d, a\u00f1adi\u00f3.<br>\u201cY por \u00faltimo -dijo el cineasta santafesino- filmaremos en la Amazonia brasilera a la hermana Laura Vicu\u00f1a Pereira, feminista, miembro de la tribu kiriri, defensora de los pueblos abor\u00edgenes, quienes enfrentan en forma permanente a los depredadores del Amazonas que vienen a sangre y fuego\u201d.<br>El estreno nacional y mundial de la pel\u00edcula \u201cEl Cura del Fin del Mundo\u201d est\u00e1 previsto para cuando se cumpla un a\u00f1o del fallecimiento de Francisco, es decir fines de abril de 2026.<br>Prensa y Difusi\u00f3n. Marcelo Cena: +549 114 415 8283 \u00abEl cura del fin del mundo\u00bb.<\/p>\n\n\n\n<figure class=\"wp-block-image size-large\"><img data-recalc-dims=\"1\" loading=\"lazy\" decoding=\"async\" width=\"600\" height=\"316\" data-attachment-id=\"11946\" data-permalink=\"https:\/\/calleangosta.com\/ca\/avanza-el-rodaje-de-la-pelicula-documental-sobre-el-papa-francisco-el-cura-del-fin-del-mundo\/whatsapp-image-2025-10-26-at-16-30-55-1\/\" data-orig-file=\"https:\/\/i0.wp.com\/calleangosta.com\/ca\/wp-content\/uploads\/2025\/10\/WhatsApp-Image-2025-10-26-at-16.30.55-1.jpeg?fit=1600%2C843&amp;ssl=1\" data-orig-size=\"1600,843\" data-comments-opened=\"1\" data-image-meta=\"{&quot;aperture&quot;:&quot;0&quot;,&quot;credit&quot;:&quot;&quot;,&quot;camera&quot;:&quot;&quot;,&quot;caption&quot;:&quot;&quot;,&quot;created_timestamp&quot;:&quot;0&quot;,&quot;copyright&quot;:&quot;&quot;,&quot;focal_length&quot;:&quot;0&quot;,&quot;iso&quot;:&quot;0&quot;,&quot;shutter_speed&quot;:&quot;0&quot;,&quot;title&quot;:&quot;&quot;,&quot;orientation&quot;:&quot;0&quot;}\" data-image-title=\"WhatsApp Image 2025-10-26 at 16.30.55 (1)\" data-image-description=\"\" data-image-caption=\"\" data-large-file=\"https:\/\/i0.wp.com\/calleangosta.com\/ca\/wp-content\/uploads\/2025\/10\/WhatsApp-Image-2025-10-26-at-16.30.55-1.jpeg?fit=600%2C316&amp;ssl=1\" src=\"https:\/\/i0.wp.com\/calleangosta.com\/ca\/wp-content\/uploads\/2025\/10\/WhatsApp-Image-2025-10-26-at-16.30.55-1.jpeg?resize=600%2C316&#038;ssl=1\" alt=\"\" class=\"wp-image-11946\" srcset=\"https:\/\/i0.wp.com\/calleangosta.com\/ca\/wp-content\/uploads\/2025\/10\/WhatsApp-Image-2025-10-26-at-16.30.55-1.jpeg?resize=600%2C316&amp;ssl=1 600w, https:\/\/i0.wp.com\/calleangosta.com\/ca\/wp-content\/uploads\/2025\/10\/WhatsApp-Image-2025-10-26-at-16.30.55-1.jpeg?resize=300%2C158&amp;ssl=1 300w, https:\/\/i0.wp.com\/calleangosta.com\/ca\/wp-content\/uploads\/2025\/10\/WhatsApp-Image-2025-10-26-at-16.30.55-1.jpeg?resize=150%2C79&amp;ssl=1 150w, https:\/\/i0.wp.com\/calleangosta.com\/ca\/wp-content\/uploads\/2025\/10\/WhatsApp-Image-2025-10-26-at-16.30.55-1.jpeg?resize=768%2C405&amp;ssl=1 768w, https:\/\/i0.wp.com\/calleangosta.com\/ca\/wp-content\/uploads\/2025\/10\/WhatsApp-Image-2025-10-26-at-16.30.55-1.jpeg?resize=1536%2C809&amp;ssl=1 1536w, https:\/\/i0.wp.com\/calleangosta.com\/ca\/wp-content\/uploads\/2025\/10\/WhatsApp-Image-2025-10-26-at-16.30.55-1.jpeg?w=1600&amp;ssl=1 1600w\" sizes=\"auto, (max-width: 600px) 100vw, 600px\" \/><\/figure>\n\n\n\n<figure class=\"wp-block-image size-large\"><img data-recalc-dims=\"1\" loading=\"lazy\" decoding=\"async\" width=\"480\" height=\"600\" data-attachment-id=\"11947\" data-permalink=\"https:\/\/calleangosta.com\/ca\/avanza-el-rodaje-de-la-pelicula-documental-sobre-el-papa-francisco-el-cura-del-fin-del-mundo\/whatsapp-image-2025-10-26-at-16-30-55-2\/\" data-orig-file=\"https:\/\/i0.wp.com\/calleangosta.com\/ca\/wp-content\/uploads\/2025\/10\/WhatsApp-Image-2025-10-26-at-16.30.55-2.jpeg?fit=1280%2C1600&amp;ssl=1\" data-orig-size=\"1280,1600\" data-comments-opened=\"1\" data-image-meta=\"{&quot;aperture&quot;:&quot;0&quot;,&quot;credit&quot;:&quot;&quot;,&quot;camera&quot;:&quot;&quot;,&quot;caption&quot;:&quot;&quot;,&quot;created_timestamp&quot;:&quot;0&quot;,&quot;copyright&quot;:&quot;&quot;,&quot;focal_length&quot;:&quot;0&quot;,&quot;iso&quot;:&quot;0&quot;,&quot;shutter_speed&quot;:&quot;0&quot;,&quot;title&quot;:&quot;&quot;,&quot;orientation&quot;:&quot;0&quot;}\" data-image-title=\"WhatsApp Image 2025-10-26 at 16.30.55 (2)\" data-image-description=\"\" data-image-caption=\"\" data-large-file=\"https:\/\/i0.wp.com\/calleangosta.com\/ca\/wp-content\/uploads\/2025\/10\/WhatsApp-Image-2025-10-26-at-16.30.55-2.jpeg?fit=480%2C600&amp;ssl=1\" src=\"https:\/\/i0.wp.com\/calleangosta.com\/ca\/wp-content\/uploads\/2025\/10\/WhatsApp-Image-2025-10-26-at-16.30.55-2.jpeg?resize=480%2C600&#038;ssl=1\" alt=\"\" class=\"wp-image-11947\" srcset=\"https:\/\/i0.wp.com\/calleangosta.com\/ca\/wp-content\/uploads\/2025\/10\/WhatsApp-Image-2025-10-26-at-16.30.55-2.jpeg?resize=480%2C600&amp;ssl=1 480w, https:\/\/i0.wp.com\/calleangosta.com\/ca\/wp-content\/uploads\/2025\/10\/WhatsApp-Image-2025-10-26-at-16.30.55-2.jpeg?resize=240%2C300&amp;ssl=1 240w, https:\/\/i0.wp.com\/calleangosta.com\/ca\/wp-content\/uploads\/2025\/10\/WhatsApp-Image-2025-10-26-at-16.30.55-2.jpeg?resize=120%2C150&amp;ssl=1 120w, https:\/\/i0.wp.com\/calleangosta.com\/ca\/wp-content\/uploads\/2025\/10\/WhatsApp-Image-2025-10-26-at-16.30.55-2.jpeg?resize=768%2C960&amp;ssl=1 768w, https:\/\/i0.wp.com\/calleangosta.com\/ca\/wp-content\/uploads\/2025\/10\/WhatsApp-Image-2025-10-26-at-16.30.55-2.jpeg?resize=1229%2C1536&amp;ssl=1 1229w, https:\/\/i0.wp.com\/calleangosta.com\/ca\/wp-content\/uploads\/2025\/10\/WhatsApp-Image-2025-10-26-at-16.30.55-2.jpeg?w=1280&amp;ssl=1 1280w\" sizes=\"auto, (max-width: 480px) 100vw, 480px\" \/><\/figure>\n","protected":false},"excerpt":{"rendered":"<p>As\u00ed lo anunci\u00f3 el director del documental sobre el Papa Francisco, Esteban Cadoche, oriundo de la ciudad de Santa Fe.En ese marco, explic\u00f3 que est\u00e1n en pleno proceso de rodaje con entrevistas ya filmadas con el padre Pepe Di Paola, referente hace m\u00e1s de 30 a\u00f1os de los curas villeros, quien hoy vive en Santiago &hellip;<\/p>\n","protected":false},"author":2,"featured_media":11945,"comment_status":"open","ping_status":"open","sticky":false,"template":"","format":"standard","meta":{"advanced_seo_description":"","jetpack_seo_html_title":"","jetpack_seo_noindex":false,"_jetpack_memberships_contains_paid_content":false,"footnotes":"","jetpack_publicize_message":"","jetpack_publicize_feature_enabled":true,"jetpack_social_post_already_shared":false,"jetpack_social_options":{"image_generator_settings":{"template":"highway","default_image_id":0,"font":"","enabled":false},"version":2}},"categories":[7,25],"tags":[],"class_list":["post-11944","post","type-post","status-publish","format-standard","has-post-thumbnail","hentry","category-artes","category-ideas-que-valen-la-pena"],"jetpack_publicize_connections":[],"jetpack_featured_media_url":"https:\/\/i0.wp.com\/calleangosta.com\/ca\/wp-content\/uploads\/2025\/10\/WhatsApp-Image-2025-10-26-at-16.30.55.jpeg?fit=1600%2C843&ssl=1","jetpack_sharing_enabled":true,"_links":{"self":[{"href":"https:\/\/calleangosta.com\/ca\/wp-json\/wp\/v2\/posts\/11944","targetHints":{"allow":["GET"]}}],"collection":[{"href":"https:\/\/calleangosta.com\/ca\/wp-json\/wp\/v2\/posts"}],"about":[{"href":"https:\/\/calleangosta.com\/ca\/wp-json\/wp\/v2\/types\/post"}],"author":[{"embeddable":true,"href":"https:\/\/calleangosta.com\/ca\/wp-json\/wp\/v2\/users\/2"}],"replies":[{"embeddable":true,"href":"https:\/\/calleangosta.com\/ca\/wp-json\/wp\/v2\/comments?post=11944"}],"version-history":[{"count":1,"href":"https:\/\/calleangosta.com\/ca\/wp-json\/wp\/v2\/posts\/11944\/revisions"}],"predecessor-version":[{"id":11948,"href":"https:\/\/calleangosta.com\/ca\/wp-json\/wp\/v2\/posts\/11944\/revisions\/11948"}],"wp:featuredmedia":[{"embeddable":true,"href":"https:\/\/calleangosta.com\/ca\/wp-json\/wp\/v2\/media\/11945"}],"wp:attachment":[{"href":"https:\/\/calleangosta.com\/ca\/wp-json\/wp\/v2\/media?parent=11944"}],"wp:term":[{"taxonomy":"category","embeddable":true,"href":"https:\/\/calleangosta.com\/ca\/wp-json\/wp\/v2\/categories?post=11944"},{"taxonomy":"post_tag","embeddable":true,"href":"https:\/\/calleangosta.com\/ca\/wp-json\/wp\/v2\/tags?post=11944"}],"curies":[{"name":"wp","href":"https:\/\/api.w.org\/{rel}","templated":true}]}}