{"id":11949,"date":"2025-10-27T13:25:27","date_gmt":"2025-10-27T16:25:27","guid":{"rendered":"https:\/\/calleangosta.com\/ca\/?p=11949"},"modified":"2025-10-27T13:25:28","modified_gmt":"2025-10-27T16:25:28","slug":"becerra-almena-y-gato-fernandez-representaran-a-san-luis-en-el-congreso","status":"publish","type":"post","link":"https:\/\/calleangosta.com\/ca\/becerra-almena-y-gato-fernandez-representaran-a-san-luis-en-el-congreso\/","title":{"rendered":"Becerra, Almena y \u201cGato\u201d Fern\u00e1ndez representar\u00e1n a San Luis en el Congreso"},"content":{"rendered":"\n<p>San Luis defini\u00f3 sus representantes en la C\u00e1mara de Diputados de la Naci\u00f3n tras las elecciones legislativas celebradas este domingo. Los nuevos legisladores nacionales por la provincia ser\u00e1n M\u00f3nica Becerra, Carlos Almena y Jorge \u201cGato\u201d Fern\u00e1ndez, quienes asumir\u00e1n sus bancas en diciembre.<\/p>\n\n\n\n<p>La jornada electoral transcurri\u00f3 con normalidad y una participaci\u00f3n cercana al 70% del padr\u00f3n. Los resultados confirmaron la tendencia que se hab\u00eda anticipado en los sondeos: una marcada polarizaci\u00f3n entre las principales fuerzas pol\u00edticas, con una fuerte presencia del peronismo local y de los espacios opositores alineados al gobierno nacional.<\/p>\n\n\n\n<p>M\u00f3nica Becerra, vinculada al \u00e1mbito educativo y social, destac\u00f3 que su compromiso estar\u00e1 centrado en \u201cdefender la educaci\u00f3n p\u00fablica, el trabajo y la producci\u00f3n\u201d. Por su parte, Carlos Almena afirm\u00f3 que su prioridad ser\u00e1 \u201cimpulsar pol\u00edticas que beneficien a las econom\u00edas regionales y a las pymes puntanas\u201d.<\/p>\n\n\n\n<p>Jorge \u201cGato\u201d Fern\u00e1ndez, ex gobernador y referente del Justicialismo provincial, celebr\u00f3 el acompa\u00f1amiento de los votantes y remarc\u00f3 que su llegada al Congreso buscar\u00e1 \u201crepresentar con firmeza los intereses de San Luis frente a los ajustes y medidas del Gobierno nacional\u201d.<\/p>\n\n\n\n<p>Con la nueva conformaci\u00f3n, San Luis renueva su representaci\u00f3n legislativa con perfiles diversos, pero con un objetivo en com\u00fan: llevar la voz de la provincia al Parlamento nacional en un contexto pol\u00edtico y econ\u00f3mico complejo.<\/p>\n","protected":false},"excerpt":{"rendered":"<p>San Luis defini\u00f3 sus representantes en la C\u00e1mara de Diputados de la Naci\u00f3n tras las elecciones legislativas celebradas este domingo. Los nuevos legisladores nacionales por la provincia ser\u00e1n M\u00f3nica Becerra, Carlos Almena y Jorge \u201cGato\u201d Fern\u00e1ndez, quienes asumir\u00e1n sus bancas en diciembre. La jornada electoral transcurri\u00f3 con normalidad y una participaci\u00f3n cercana al 70% del &hellip;<\/p>\n","protected":false},"author":12,"featured_media":11950,"comment_status":"open","ping_status":"open","sticky":false,"template":"","format":"standard","meta":{"advanced_seo_description":"","jetpack_seo_html_title":"","jetpack_seo_noindex":false,"_jetpack_memberships_contains_paid_content":false,"footnotes":"","jetpack_publicize_message":"","jetpack_publicize_feature_enabled":true,"jetpack_social_post_already_shared":false,"jetpack_social_options":{"image_generator_settings":{"template":"highway","default_image_id":0,"font":"","enabled":false},"version":2}},"categories":[22,32],"tags":[],"class_list":["post-11949","post","type-post","status-publish","format-standard","has-post-thumbnail","hentry","category-politica","category-san-luis"],"jetpack_publicize_connections":[],"jetpack_featured_media_url":"https:\/\/i0.wp.com\/calleangosta.com\/ca\/wp-content\/uploads\/2025\/10\/WhatsApp-Image-2025-10-27-at-13.23.15.jpeg?fit=526%2C235&ssl=1","jetpack_sharing_enabled":true,"_links":{"self":[{"href":"https:\/\/calleangosta.com\/ca\/wp-json\/wp\/v2\/posts\/11949","targetHints":{"allow":["GET"]}}],"collection":[{"href":"https:\/\/calleangosta.com\/ca\/wp-json\/wp\/v2\/posts"}],"about":[{"href":"https:\/\/calleangosta.com\/ca\/wp-json\/wp\/v2\/types\/post"}],"author":[{"embeddable":true,"href":"https:\/\/calleangosta.com\/ca\/wp-json\/wp\/v2\/users\/12"}],"replies":[{"embeddable":true,"href":"https:\/\/calleangosta.com\/ca\/wp-json\/wp\/v2\/comments?post=11949"}],"version-history":[{"count":1,"href":"https:\/\/calleangosta.com\/ca\/wp-json\/wp\/v2\/posts\/11949\/revisions"}],"predecessor-version":[{"id":11951,"href":"https:\/\/calleangosta.com\/ca\/wp-json\/wp\/v2\/posts\/11949\/revisions\/11951"}],"wp:featuredmedia":[{"embeddable":true,"href":"https:\/\/calleangosta.com\/ca\/wp-json\/wp\/v2\/media\/11950"}],"wp:attachment":[{"href":"https:\/\/calleangosta.com\/ca\/wp-json\/wp\/v2\/media?parent=11949"}],"wp:term":[{"taxonomy":"category","embeddable":true,"href":"https:\/\/calleangosta.com\/ca\/wp-json\/wp\/v2\/categories?post=11949"},{"taxonomy":"post_tag","embeddable":true,"href":"https:\/\/calleangosta.com\/ca\/wp-json\/wp\/v2\/tags?post=11949"}],"curies":[{"name":"wp","href":"https:\/\/api.w.org\/{rel}","templated":true}]}}