{"id":11952,"date":"2025-10-27T14:05:38","date_gmt":"2025-10-27T17:05:38","guid":{"rendered":"https:\/\/calleangosta.com\/ca\/?p=11952"},"modified":"2025-10-27T14:05:40","modified_gmt":"2025-10-27T17:05:40","slug":"toti-videla-retrocede-y-suspende-la-nueva-tasa-de-seguridad-en-juana-koslay","status":"publish","type":"post","link":"https:\/\/calleangosta.com\/ca\/toti-videla-retrocede-y-suspende-la-nueva-tasa-de-seguridad-en-juana-koslay\/","title":{"rendered":"Toti Videla retrocede y suspende la nueva tasa de seguridad en Juana Koslay"},"content":{"rendered":"\n<p>El intendente de Juana Koslay, Jorge \u201cToti\u201d Videla, anunci\u00f3 la suspensi\u00f3n de la ordenanza que establec\u00eda la denominada \u201cTasa por Servicio de Seguridad Urbana Preventiva\u201d, tras el fuerte rechazo de vecinos y comerciantes al nuevo tributo.<\/p>\n\n\n\n<p>La iniciativa municipal, aprobada recientemente por el Concejo Deliberante, hab\u00eda generado protestas por considerar que cargaba un costo adicional innecesario en un momento de ajuste econ\u00f3mico. En su mensaje, Videla reconoci\u00f3 que se analizar\u00e1 \u201cun mecanismo alternativo de financiamiento\u201d para reforzar la seguridad sin afectar la econom\u00eda local.<\/p>\n\n\n\n<p>Un grupo de vecinos manifest\u00f3 su disconformidad alegando que \u201cya pagamos suficientemente otras tasas y no vemos mejoras concretas en la vigilancia ni en los servicios\u201d. Este malestar motiv\u00f3 que la gesti\u00f3n municipal evaluara dar marcha atr\u00e1s antes de la implementaci\u00f3n del cobro.<\/p>\n\n\n\n<p>Videla explic\u00f3 que, por ahora, \u201cno se avanzar\u00e1 con el cobro de la tasa, ni se lanzar\u00e1 ning\u00fan nuevo tributo de este tipo\u201d, y anunci\u00f3 una mesa de di\u00e1logo con representantes vecinales para trabajar en una propuesta diferente que contemple tanto la seguridad como la capacidad de pago de los ciudadanos.<\/p>\n","protected":false},"excerpt":{"rendered":"<p>El intendente de Juana Koslay, Jorge \u201cToti\u201d Videla, anunci\u00f3 la suspensi\u00f3n de la ordenanza que establec\u00eda la denominada \u201cTasa por Servicio de Seguridad Urbana Preventiva\u201d, tras el fuerte rechazo de vecinos y comerciantes al nuevo tributo. La iniciativa municipal, aprobada recientemente por el Concejo Deliberante, hab\u00eda generado protestas por considerar que cargaba un costo adicional &hellip;<\/p>\n","protected":false},"author":13,"featured_media":11953,"comment_status":"open","ping_status":"open","sticky":false,"template":"","format":"standard","meta":{"advanced_seo_description":"","jetpack_seo_html_title":"","jetpack_seo_noindex":false,"_jetpack_memberships_contains_paid_content":false,"footnotes":"","jetpack_publicize_message":"","jetpack_publicize_feature_enabled":true,"jetpack_social_post_already_shared":false,"jetpack_social_options":{"image_generator_settings":{"template":"highway","default_image_id":0,"font":"","enabled":false},"version":2}},"categories":[32],"tags":[],"class_list":["post-11952","post","type-post","status-publish","format-standard","has-post-thumbnail","hentry","category-san-luis"],"jetpack_publicize_connections":[],"jetpack_featured_media_url":"https:\/\/i0.wp.com\/calleangosta.com\/ca\/wp-content\/uploads\/2025\/10\/sddefault.jpg?fit=640%2C480&ssl=1","jetpack_sharing_enabled":true,"_links":{"self":[{"href":"https:\/\/calleangosta.com\/ca\/wp-json\/wp\/v2\/posts\/11952","targetHints":{"allow":["GET"]}}],"collection":[{"href":"https:\/\/calleangosta.com\/ca\/wp-json\/wp\/v2\/posts"}],"about":[{"href":"https:\/\/calleangosta.com\/ca\/wp-json\/wp\/v2\/types\/post"}],"author":[{"embeddable":true,"href":"https:\/\/calleangosta.com\/ca\/wp-json\/wp\/v2\/users\/13"}],"replies":[{"embeddable":true,"href":"https:\/\/calleangosta.com\/ca\/wp-json\/wp\/v2\/comments?post=11952"}],"version-history":[{"count":1,"href":"https:\/\/calleangosta.com\/ca\/wp-json\/wp\/v2\/posts\/11952\/revisions"}],"predecessor-version":[{"id":11954,"href":"https:\/\/calleangosta.com\/ca\/wp-json\/wp\/v2\/posts\/11952\/revisions\/11954"}],"wp:featuredmedia":[{"embeddable":true,"href":"https:\/\/calleangosta.com\/ca\/wp-json\/wp\/v2\/media\/11953"}],"wp:attachment":[{"href":"https:\/\/calleangosta.com\/ca\/wp-json\/wp\/v2\/media?parent=11952"}],"wp:term":[{"taxonomy":"category","embeddable":true,"href":"https:\/\/calleangosta.com\/ca\/wp-json\/wp\/v2\/categories?post=11952"},{"taxonomy":"post_tag","embeddable":true,"href":"https:\/\/calleangosta.com\/ca\/wp-json\/wp\/v2\/tags?post=11952"}],"curies":[{"name":"wp","href":"https:\/\/api.w.org\/{rel}","templated":true}]}}