{"id":11955,"date":"2025-10-27T14:09:56","date_gmt":"2025-10-27T17:09:56","guid":{"rendered":"https:\/\/calleangosta.com\/ca\/?p=11955"},"modified":"2025-10-27T14:09:57","modified_gmt":"2025-10-27T17:09:57","slug":"el-tren-de-capital-humano-permanece-parado-en-villa-mercedes-desde-hace-mas-de-un-mes","status":"publish","type":"post","link":"https:\/\/calleangosta.com\/ca\/el-tren-de-capital-humano-permanece-parado-en-villa-mercedes-desde-hace-mas-de-un-mes\/","title":{"rendered":"El \u201cTren de Capital Humano\u201d permanece parado en Villa Mercedes desde hace m\u00e1s de un mes"},"content":{"rendered":"\n<p>En Villa Mercedes, el proyecto del \u201cTren de Capital Humano\u201d, promovido por el Ministerio de la Naci\u00f3n, permanece detenido desde hace m\u00e1s de treinta d\u00edas, generando inquietud y reclamos entre los vecinos de la ciudad.<\/p>\n\n\n\n<p>En julio pasado hab\u00eda llegado una formaci\u00f3n de once vagones al sur de la ciudad, que ofrec\u00eda atenci\u00f3n m\u00e9dica gratuita, asesoramiento para tr\u00e1mites del RENAPER y de la ANSES, y otros servicios sociales. El transporte hab\u00eda sido anunciado con bombos y platillos y se esperaba que continuara su recorrido por diversas localidades de la provincia.<\/p>\n\n\n\n<p>Seg\u00fan fuentes locales, tras algunas semanas de funcionamiento los vagones fueron \u201cdejados\u201d en el lugar sin un nuevo cronograma de atenci\u00f3n. No hay informaci\u00f3n oficial que indique los motivos de esta suspensi\u00f3n prolongada ni la fecha de reactivaci\u00f3n.<\/p>\n\n\n\n<p>Vecinos y organizaciones de la sociedad civil expresaron su malestar: \u201cLa gente esperaba que pasara por Justo Daract y Alto Pelado, donde hay ramales ferroviarios activos\u201d, coment\u00f3 un referente barrial. Adem\u00e1s, se\u00f1alaron que se hab\u00edan organizado largas colas para acceder a los servicios, lo que profundiza la demanda ante la detenci\u00f3n inesperada del proyecto.<\/p>\n\n\n\n<p>Este hecho abre interrogantes respecto a la continuidad de acciones vinculadas a la inclusi\u00f3n social y la descentralizaci\u00f3n de servicios, especialmente en zonas que no suelen disponer con facilidad de recursos p\u00fablicos m\u00f3viles. La demora plantea la necesidad de mayor transparencia del estado provincial y nacional sobre el estado real de ese programa.<\/p>\n\n\n\n<p>Mientras tanto, los vagones contin\u00faan inactivos en Villa Mercedes, y los vecinos aguardan una respuesta oficial que explique el motivo y el plazo para la reanudaci\u00f3n del servicio.<\/p>\n","protected":false},"excerpt":{"rendered":"<p>En Villa Mercedes, el proyecto del \u201cTren de Capital Humano\u201d, promovido por el Ministerio de la Naci\u00f3n, permanece detenido desde hace m\u00e1s de treinta d\u00edas, generando inquietud y reclamos entre los vecinos de la ciudad. En julio pasado hab\u00eda llegado una formaci\u00f3n de once vagones al sur de la ciudad, que ofrec\u00eda atenci\u00f3n m\u00e9dica gratuita, &hellip;<\/p>\n","protected":false},"author":12,"featured_media":11956,"comment_status":"open","ping_status":"open","sticky":false,"template":"","format":"standard","meta":{"advanced_seo_description":"","jetpack_seo_html_title":"","jetpack_seo_noindex":false,"_jetpack_memberships_contains_paid_content":false,"footnotes":"","jetpack_publicize_message":"","jetpack_publicize_feature_enabled":true,"jetpack_social_post_already_shared":false,"jetpack_social_options":{"image_generator_settings":{"template":"highway","default_image_id":0,"font":"","enabled":false},"version":2}},"categories":[33],"tags":[],"class_list":["post-11955","post","type-post","status-publish","format-standard","has-post-thumbnail","hentry","category-villa-mercedes-actualidad"],"jetpack_publicize_connections":[],"jetpack_featured_media_url":"https:\/\/i0.wp.com\/calleangosta.com\/ca\/wp-content\/uploads\/2025\/10\/images-2.jpeg?fit=259%2C194&ssl=1","jetpack_sharing_enabled":true,"_links":{"self":[{"href":"https:\/\/calleangosta.com\/ca\/wp-json\/wp\/v2\/posts\/11955","targetHints":{"allow":["GET"]}}],"collection":[{"href":"https:\/\/calleangosta.com\/ca\/wp-json\/wp\/v2\/posts"}],"about":[{"href":"https:\/\/calleangosta.com\/ca\/wp-json\/wp\/v2\/types\/post"}],"author":[{"embeddable":true,"href":"https:\/\/calleangosta.com\/ca\/wp-json\/wp\/v2\/users\/12"}],"replies":[{"embeddable":true,"href":"https:\/\/calleangosta.com\/ca\/wp-json\/wp\/v2\/comments?post=11955"}],"version-history":[{"count":1,"href":"https:\/\/calleangosta.com\/ca\/wp-json\/wp\/v2\/posts\/11955\/revisions"}],"predecessor-version":[{"id":11957,"href":"https:\/\/calleangosta.com\/ca\/wp-json\/wp\/v2\/posts\/11955\/revisions\/11957"}],"wp:featuredmedia":[{"embeddable":true,"href":"https:\/\/calleangosta.com\/ca\/wp-json\/wp\/v2\/media\/11956"}],"wp:attachment":[{"href":"https:\/\/calleangosta.com\/ca\/wp-json\/wp\/v2\/media?parent=11955"}],"wp:term":[{"taxonomy":"category","embeddable":true,"href":"https:\/\/calleangosta.com\/ca\/wp-json\/wp\/v2\/categories?post=11955"},{"taxonomy":"post_tag","embeddable":true,"href":"https:\/\/calleangosta.com\/ca\/wp-json\/wp\/v2\/tags?post=11955"}],"curies":[{"name":"wp","href":"https:\/\/api.w.org\/{rel}","templated":true}]}}