{"id":11958,"date":"2025-10-27T14:13:29","date_gmt":"2025-10-27T17:13:29","guid":{"rendered":"https:\/\/calleangosta.com\/ca\/?p=11958"},"modified":"2025-10-27T14:13:31","modified_gmt":"2025-10-27T17:13:31","slug":"se-nos-estan-yendo-los-jovenes-llamado-urgente-a-actuar-por-la-salud-mental-en-san-luis","status":"publish","type":"post","link":"https:\/\/calleangosta.com\/ca\/se-nos-estan-yendo-los-jovenes-llamado-urgente-a-actuar-por-la-salud-mental-en-san-luis\/","title":{"rendered":"\u201cSe nos est\u00e1n yendo los j\u00f3venes\u201d: llamado urgente a actuar por la salud mental en San Luis"},"content":{"rendered":"\n<p>La psic\u00f3loga y docente Paula Ceballos lanz\u00f3 una fuerte advertencia sobre la salud mental de ni\u00f1os y adolescentes en San Luis, tras el reciente suicidio de un joven de 16 a\u00f1os. En un comunicado p\u00fablico, hizo hincapi\u00e9 en que este hecho no es un caso aislado sino el reflejo de un sistema fragmentado, con servicios de salud que funcionan a medias, demoras de meses para obtener turnos y una falta sistem\u00e1tica de pol\u00edticas de contenci\u00f3n emocional. <\/p>\n\n\n\n<p>Ceballos explic\u00f3 que los j\u00f3venes padecen un vac\u00edo: \u201cEl dolor actual no es individual, es social\u201d, se\u00f1al\u00f3, y agreg\u00f3 que lo que falta es un Estado presente, escuelas que integren equipos interdisciplinarios y un verdadero acompa\u00f1amiento emocional continuo.<\/p>\n\n\n\n<p>Entre los problemas que identific\u00f3 se encuentra la esperade extensas listas para acceder a psic\u00f3logos y psiquiatras, lo cual deja a los chicos en una situaci\u00f3n de alta vulnerabilidad. En muchas ocasiones, los tratamientos tambi\u00e9n est\u00e1n condicionados por los costos, incluso para quienes tienen obra social. <\/p>\n\n\n\n<p>La especialista urgi\u00f3 a implementar medidas concretas: reforzar la salud mental en las escuelas, formar a docentes y orientadores, crear espacios de asistencia emocional en barrios, y garantizar que cada ni\u00f1o que sienta angustia o vulnerabilidad pueda acudir con facilidad. Seg\u00fan ella, el silencio, la espera y la invisibilizaci\u00f3n son los verdaderos disparadores de crisis mayores.<\/p>\n\n\n\n<p>Este llamado resuena en un contexto donde los j\u00f3venes enfrentan nuevas presiones: cambio de h\u00e1bitos, redes sociales, expectativas acad\u00e9micas y laborales, y una escena social que muchas veces no los contiene. San Luis tiene ante s\u00ed el desaf\u00edo de revertir la tendencia y convertir la preocupaci\u00f3n en acci\u00f3n: porque cuando la mente de un joven se apaga, la sociedad entera pierde luz.<\/p>\n\n\n\n<p><\/p>\n","protected":false},"excerpt":{"rendered":"<p>La psic\u00f3loga y docente Paula Ceballos lanz\u00f3 una fuerte advertencia sobre la salud mental de ni\u00f1os y adolescentes en San Luis, tras el reciente suicidio de un joven de 16 a\u00f1os. En un comunicado p\u00fablico, hizo hincapi\u00e9 en que este hecho no es un caso aislado sino el reflejo de un sistema fragmentado, con servicios &hellip;<\/p>\n","protected":false},"author":8,"featured_media":11909,"comment_status":"open","ping_status":"open","sticky":false,"template":"","format":"standard","meta":{"advanced_seo_description":"","jetpack_seo_html_title":"","jetpack_seo_noindex":false,"_jetpack_memberships_contains_paid_content":false,"footnotes":"","jetpack_publicize_message":"","jetpack_publicize_feature_enabled":true,"jetpack_social_post_already_shared":false,"jetpack_social_options":{"image_generator_settings":{"template":"highway","default_image_id":0,"font":"","enabled":false},"version":2}},"categories":[32],"tags":[],"class_list":["post-11958","post","type-post","status-publish","format-standard","has-post-thumbnail","hentry","category-san-luis"],"jetpack_publicize_connections":[],"jetpack_featured_media_url":"https:\/\/i0.wp.com\/calleangosta.com\/ca\/wp-content\/uploads\/2025\/10\/WhatsApp-Image-2025-10-23-at-15.47.22.jpeg?fit=620%2C368&ssl=1","jetpack_sharing_enabled":true,"_links":{"self":[{"href":"https:\/\/calleangosta.com\/ca\/wp-json\/wp\/v2\/posts\/11958","targetHints":{"allow":["GET"]}}],"collection":[{"href":"https:\/\/calleangosta.com\/ca\/wp-json\/wp\/v2\/posts"}],"about":[{"href":"https:\/\/calleangosta.com\/ca\/wp-json\/wp\/v2\/types\/post"}],"author":[{"embeddable":true,"href":"https:\/\/calleangosta.com\/ca\/wp-json\/wp\/v2\/users\/8"}],"replies":[{"embeddable":true,"href":"https:\/\/calleangosta.com\/ca\/wp-json\/wp\/v2\/comments?post=11958"}],"version-history":[{"count":1,"href":"https:\/\/calleangosta.com\/ca\/wp-json\/wp\/v2\/posts\/11958\/revisions"}],"predecessor-version":[{"id":11959,"href":"https:\/\/calleangosta.com\/ca\/wp-json\/wp\/v2\/posts\/11958\/revisions\/11959"}],"wp:featuredmedia":[{"embeddable":true,"href":"https:\/\/calleangosta.com\/ca\/wp-json\/wp\/v2\/media\/11909"}],"wp:attachment":[{"href":"https:\/\/calleangosta.com\/ca\/wp-json\/wp\/v2\/media?parent=11958"}],"wp:term":[{"taxonomy":"category","embeddable":true,"href":"https:\/\/calleangosta.com\/ca\/wp-json\/wp\/v2\/categories?post=11958"},{"taxonomy":"post_tag","embeddable":true,"href":"https:\/\/calleangosta.com\/ca\/wp-json\/wp\/v2\/tags?post=11958"}],"curies":[{"name":"wp","href":"https:\/\/api.w.org\/{rel}","templated":true}]}}