{"id":12586,"date":"2025-12-03T21:10:36","date_gmt":"2025-12-04T00:10:36","guid":{"rendered":"https:\/\/calleangosta.com\/ca\/?p=12586"},"modified":"2025-12-04T11:26:53","modified_gmt":"2025-12-04T14:26:53","slug":"si-no-terminamos-con-el-odio-el-miedo-y-la-angustia-nos-destruiran","status":"publish","type":"post","link":"https:\/\/calleangosta.com\/ca\/si-no-terminamos-con-el-odio-el-miedo-y-la-angustia-nos-destruiran\/","title":{"rendered":"Si no terminamos con el odio, el miedo y la angustia nos destruir\u00e1n"},"content":{"rendered":"\n<p>Cuenta la mitolog\u00eda griega, que Pandora, la esposa de Prometeo -aqu\u00e9l que rob\u00f3 el fuego a los dioses y se los dio a los hombres para que tuvieran la tecnolog\u00eda- por simple curiosidad, aunque lo ten\u00eda prohibido, abri\u00f3 la caja de todos los males. Y estos, velozmente, se dispersaron por el mundo afligiendo a la Humanidad. Aterrada, cerr\u00f3 la Caja, atrapando a la esperanza, lo \u00faltimo que quedaba para afrontar la adversidad.<\/p>\n\n\n\n<blockquote class=\"wp-block-quote is-layout-flow wp-block-quote-is-layout-flow\">\n<p><em>\u201cEl odio es un sentimiento que s\u00f3lo existe donde no hay lugar para la inteligencia\u201d<\/em><br>Tennessee Williams<\/p>\n<\/blockquote>\n\n\n\n<p>Con la Libertad, quedamos indeterminados, sujetos a nuestras propias decisiones y totalmente responsables de las mismas. Una libertad que m\u00e1s de las veces se encuentra entre el Deseo y la Ley. El deseo no es solo personal, subjetivo, tambi\u00e9n es colectivo. Y la Ley, trata de ser objetiva, igual para todos, reglando la relaci\u00f3n intersubjetiva de la convivencia social, aplic\u00e1ndose a Sujetos concretos. El Deseo, las pulsiones, son connaturales al ser humano, y del mismo modo podemos decir del Afecto. Tanto el Deseo como el Afecto, se pueden complementar. Ambos son atravesados por sentimientos de Amor u Odio. Pero mediados por lo simb\u00f3lico, el lenguaje y el pensamiento. El problema surge cuando son desordenados, manipulando cualquiera de estos sentimientos absolutamente uno al otro o viceversa, sin ninguna gu\u00eda de Raz\u00f3n que devenga de la conciencia de la dignidad humana.<\/p>\n\n\n\n<p>Liberar al odio, a la violencia, generando miedo y angustia en la poblaci\u00f3n, es la maldad absoluta. No es Libertad. Es sumisi\u00f3n y esclavitud. Es buscar la destrucci\u00f3n del ser humano. Es hacer que nos olvidemos de nosotros mismos, de quienes somos realmente: personas y con dignidad. Y que dependemos unos de los otros, y que somos los unos con los otros. Es el ego\u00edsmo absoluto. El individualismo indiferente y materialista que niega la existencia de otros que no sea el individuo. Paraliza cualquier acci\u00f3n colectiva, comunitaria y solidaria. Destruye al esp\u00edritu humano.<\/p>\n\n\n\n<blockquote class=\"wp-block-quote is-layout-flow wp-block-quote-is-layout-flow\">\n<p><em>\u201cCuanto m\u00e1s peque\u00f1o es el coraz\u00f3n, m\u00e1s odio alberga\u201d<\/em><br>V\u00edctor Hugo<\/p>\n<\/blockquote>\n\n\n\n<p>Dicen que el Coraz\u00f3n tiene sinrazones que la Raz\u00f3n no conoce. Pero tambi\u00e9n la Raz\u00f3n construye sinrazones para cautivar a las personas. Por eso no toda libertad de expresi\u00f3n es verdadera y buena, ni toda Ley es justa. Tampoco el Poder real o formal es justo. Liberar el deseo desordenado suprimiendo a la raz\u00f3n, al esp\u00edritu, volviendo a la persona una cosa, con tolerancia relativa de vida, convirti\u00e9ndola en objeto de placer y frivolidad, obnubilando su sentido real de existencia, es un violento golpe a la cara del respeto a la vida, a la inocencia, a la honradez y a lo que es correcto.<\/p>\n\n\n\n<p>\u00bfAcaso este Gobierno quiere que no nos sorprendamos por la represi\u00f3n a los jubilados, el abandono de la seguridad social, el abuso a los ni\u00f1os, la violencia de g\u00e9nero, los j\u00f3venes zombis con la droga y la delincuencia, naturalizando la desigualdad, la injusticia y la muerte? \u00bfCon qu\u00e9 fin? Con el fin de la codicia, el dominio del coraz\u00f3n met\u00e1lico al que no le importa el sufrimiento del pr\u00f3jimo del que forma parte ni deja lugar a la sensibilidad, si el Otro sufre o muere. Dar permiso para odiar, como promueve este gobierno, es perversi\u00f3n y delito.<\/p>\n\n\n\n<p>No existe la \u201cgente de bien\u201d. Una gran mentira. Todos somos gente de bien. Todos iguales en dignidad, derechos y obligaciones. Los que se autodenominen \u201cgente de bien\u201d, o cualquier sector que se diferencie del resto de la poblaci\u00f3n, no merece ser respetado en nuestra Comunidad. Discriminar a las personas por su nivel econ\u00f3mico, cultura, costumbres, marginalidad, discapacidad, edad, g\u00e9nero, creencia o por cualquier otro prejuicio, ocasiona un grave da\u00f1o y perjuicio a nuestra identidad y a nuestro ser como personas.<\/p>\n\n\n\n<p>Lamentablemente en las sociedades existen personas delincuentes, mentirosas, da\u00f1inas y perversas; en todos los sectores sociales y en el Poder especialmente. Pero no son toda la poblaci\u00f3n. A mayor responsabilidad, mayor rendici\u00f3n de cuentas. Somos una Comunidad y unos nos debemos a otros. Y las estructuras de desigualdad e injusticia que afectan a la argentina no vienen de generaci\u00f3n espont\u00e1nea, han sido producidas y establecidas por minor\u00edas poderosas y sus oportunistas lacayos pol\u00edticos, judiciales y sindicales que arbitrariamente deciden sobre nuestras vidas. Hay que detener esa maldad.<\/p>\n\n\n\n<p>Nos extra\u00f1amos hip\u00f3critamente de la violencia; en las calles, entre los vecinos, de los j\u00f3venes en la escuela y boliches, de los padres de alumnos, de familiares de pacientes en los hospitales, de los femicidios, filicidios, parricidios, abusos, estafas y enga\u00f1os, represi\u00f3n de la protesta, indiferencia pol\u00edtica, oportunismo sindical y desidia judicial, pero negamos en realidad que todo ello se profundiza con la irresponsabilidad de un gobierno que promueve el odio serpenteando con la ira, la emoci\u00f3n y el insulto, con falsas culpas ideol\u00f3gicas anacr\u00f3nicas y fantasmales, buscando chivos expiatorios del dolor y muerte que ellos mismos producen. \u00bfAcaso existe la Ley? \u00bfDe qu\u00e9 la vigencia de Ley hablamos si los gobernantes la usan para su propio beneficio y los que deben legislarla y hacerla cumplir, cobardemente se retrotraen al oportunismo m\u00e1s conveniente? Han soltado las cadenas de la ira para someter al Pueblo y nadie sale a defenderlo. \u00bfSer\u00e1 que el Pueblo debe actuar por s\u00ed mismo?<\/p>\n\n\n\n<blockquote class=\"wp-block-quote is-layout-flow wp-block-quote-is-layout-flow\">\n<p><em>\u201cEl odio es la venganza de un\u00a0cobarde intimidado\u201d<\/em><br>George Bernard Shaw<\/p>\n<\/blockquote>\n\n\n\n<p>\u00bfEn d\u00f3nde est\u00e1 la esperanza? \u00bfA d\u00f3nde se nos ha escapado la felicidad? \u00bfEn qu\u00e9 obscuridad nos encontramos que se ha ocultado el cielo? En la ominosa noche, los ladrones aprovechan para quitarnos bienes y vida.<\/p>\n\n\n\n<p>Entonces, exhortemos a nuestra conciencia, que se abran nuestros ojos y de quienes nos gobiernan, para que de la conversi\u00f3n nuestros corazones, renazca la responsabilidad solidaria del amor a nuestros semejantes y al medio en que vivimos, para concretar la esperanza de una sociedad justa y saludable.<\/p>\n","protected":false},"excerpt":{"rendered":"<p>Cuenta la mitolog\u00eda griega, que Pandora, la esposa de Prometeo -aqu\u00e9l que rob\u00f3 el fuego a los dioses y se los dio a los hombres para que tuvieran la tecnolog\u00eda- por simple curiosidad, aunque lo ten\u00eda prohibido, abri\u00f3 la caja de todos los males. Y estos, velozmente, se dispersaron por el mundo afligiendo a la &hellip;<\/p>\n","protected":false},"author":6,"featured_media":12589,"comment_status":"open","ping_status":"open","sticky":false,"template":"","format":"standard","meta":{"advanced_seo_description":"","jetpack_seo_html_title":"","jetpack_seo_noindex":false,"_jetpack_memberships_contains_paid_content":false,"footnotes":"","jetpack_publicize_message":"","jetpack_publicize_feature_enabled":true,"jetpack_social_post_already_shared":false,"jetpack_social_options":{"image_generator_settings":{"template":"highway","default_image_id":0,"font":"","enabled":false},"version":2}},"categories":[23],"tags":[],"class_list":["post-12586","post","type-post","status-publish","format-standard","has-post-thumbnail","hentry","category-opinion"],"jetpack_publicize_connections":[],"jetpack_featured_media_url":"https:\/\/i0.wp.com\/calleangosta.com\/ca\/wp-content\/uploads\/2025\/12\/ChatGPT-Image-3-dic-2025-21_07_08.jpg?fit=1024%2C1024&ssl=1","jetpack_sharing_enabled":true,"_links":{"self":[{"href":"https:\/\/calleangosta.com\/ca\/wp-json\/wp\/v2\/posts\/12586","targetHints":{"allow":["GET"]}}],"collection":[{"href":"https:\/\/calleangosta.com\/ca\/wp-json\/wp\/v2\/posts"}],"about":[{"href":"https:\/\/calleangosta.com\/ca\/wp-json\/wp\/v2\/types\/post"}],"author":[{"embeddable":true,"href":"https:\/\/calleangosta.com\/ca\/wp-json\/wp\/v2\/users\/6"}],"replies":[{"embeddable":true,"href":"https:\/\/calleangosta.com\/ca\/wp-json\/wp\/v2\/comments?post=12586"}],"version-history":[{"count":1,"href":"https:\/\/calleangosta.com\/ca\/wp-json\/wp\/v2\/posts\/12586\/revisions"}],"predecessor-version":[{"id":12588,"href":"https:\/\/calleangosta.com\/ca\/wp-json\/wp\/v2\/posts\/12586\/revisions\/12588"}],"wp:featuredmedia":[{"embeddable":true,"href":"https:\/\/calleangosta.com\/ca\/wp-json\/wp\/v2\/media\/12589"}],"wp:attachment":[{"href":"https:\/\/calleangosta.com\/ca\/wp-json\/wp\/v2\/media?parent=12586"}],"wp:term":[{"taxonomy":"category","embeddable":true,"href":"https:\/\/calleangosta.com\/ca\/wp-json\/wp\/v2\/categories?post=12586"},{"taxonomy":"post_tag","embeddable":true,"href":"https:\/\/calleangosta.com\/ca\/wp-json\/wp\/v2\/tags?post=12586"}],"curies":[{"name":"wp","href":"https:\/\/api.w.org\/{rel}","templated":true}]}}