{"id":13070,"date":"2026-01-08T20:05:15","date_gmt":"2026-01-08T23:05:15","guid":{"rendered":"https:\/\/calleangosta.com\/ca\/?p=13070"},"modified":"2026-01-08T20:32:32","modified_gmt":"2026-01-08T23:32:32","slug":"motin-de-arequito-la-desobediencia-que-abrio-el-camino-a-la-autonomia-de-san-luis","status":"publish","type":"post","link":"https:\/\/calleangosta.com\/ca\/motin-de-arequito-la-desobediencia-que-abrio-el-camino-a-la-autonomia-de-san-luis\/","title":{"rendered":"Mot\u00edn de Arequito, la desobediencia que abri\u00f3 el camino a la autonom\u00eda de San Luis"},"content":{"rendered":"\n<p>No por una efem\u00e9ride c\u00f3moda ni por un consenso edulcorado, sino por una fecha <strong>inc\u00f3moda para la historia oficial<\/strong>: el aniversario del <strong>Mot\u00edn de Arequito<\/strong>, ocurrido el 8 de enero de 1820. Un hecho decisivo, deliberadamente relegado, cuya onda expansiva alcanz\u00f3 de lleno a la provincia de <strong>San Luis<\/strong>, tanto en el plano pol\u00edtico como en el militar, y que marc\u00f3 el inicio efectivo de su autonom\u00eda.<\/p>\n\n\n\n<h3 class=\"wp-block-heading\">Una pregunta inc\u00f3moda<\/h3>\n\n\n\n<p>\u00bfPor qu\u00e9 Arequito no ocupa el lugar que merece en la memoria colectiva?<br>Porque fue una <strong>desobediencia consciente<\/strong>. Porque cuestion\u00f3 el proyecto centralista porte\u00f1o en su n\u00facleo. Y porque puso en primer plano una verdad que incomodaba \u2014y a\u00fan incomoda\u2014 a los relatos dominantes: <strong>las armas de la Patria no deb\u00edan usarse contra el propio pueblo<\/strong>.<\/p>\n\n\n\n<h3 class=\"wp-block-heading\">Dos proyectos de pa\u00eds, un choque inevitable<\/h3>\n\n\n\n<p>En 1820 colisionaban <strong>dos proyectos irreconciliables<\/strong>.<br>Por un lado, el del <strong>Directorio porte\u00f1o<\/strong>, centralista, unitario, elitista, que en 1819 hab\u00eda impuesto una Constituci\u00f3n unitaria y exploraba incluso la posibilidad de instaurar una monarqu\u00eda con un pr\u00edncipe europeo.<br>Por el otro, el proyecto <strong>federal, republicano y popular<\/strong>, encarnado por el artiguismo y sostenido por las provincias del Interior, que reclamaban autonom\u00eda real y respeto por sus pueblos.<\/p>\n\n\n\n<p>Cuando las fuerzas federales de <strong>Estanislao L\u00f3pez<\/strong> y <strong>Francisco \u201cPancho\u201d Ram\u00edrez<\/strong> avanzaron sobre Buenos Aires, la elite dirigente entr\u00f3 en p\u00e1nico. Primero intent\u00f3 involucrar a <strong>Jos\u00e9 de San Mart\u00edn<\/strong>, que ya hab\u00eda liberado Chile y preparaba la expedici\u00f3n al Per\u00fa. La respuesta fue categ\u00f3rica y fundacional:<\/p>\n\n\n\n<blockquote class=\"wp-block-quote is-layout-flow wp-block-quote-is-layout-flow\">\n<p>\u201cMi sable jam\u00e1s se sacar\u00e1 de la vaina por opiniones pol\u00edticas, como \u00e9stas no sean en contra de los espa\u00f1oles y su dependencia\u201d.<\/p>\n<\/blockquote>\n\n\n\n<p>San Mart\u00edn no s\u00f3lo se neg\u00f3: <strong>marc\u00f3 un l\u00edmite \u00e9tico y pol\u00edtico<\/strong>. No combatir\u00eda al federalismo ni desviar\u00eda un ej\u00e9rcito continental \u2014formado con el esfuerzo del pueblo cuyano\u2014 para resolver una interna porte\u00f1a. Esa negativa le cost\u00f3 persecuci\u00f3n, acusaciones y destierro. San Mart\u00edn <strong>nunca volvi\u00f3 en vida a su patria<\/strong>.<\/p>\n\n\n\n<h3 class=\"wp-block-heading\">San Luis y el Ej\u00e9rcito de la Patria: una aclaraci\u00f3n necesaria<\/h3>\n\n\n\n<p>Aqu\u00ed es clave introducir una precisi\u00f3n hist\u00f3rica que suele ser omitida o simplificada.<br>Es cierto que <strong>no se registran oficiales puntanos encabezando el Mot\u00edn de Arequito<\/strong>, pero <strong>no es cierto que San Luis haya estado ausente del entramado militar que hizo posible ese acontecimiento<\/strong>.<\/p>\n\n\n\n<p>La provincia de San Luis fue <strong>un espacio central de reclutamiento, apoyo log\u00edstico y concentraci\u00f3n de tropas<\/strong> para el Ej\u00e9rcito de los Andes. Desde el <strong>campamento de Las Chacras<\/strong>, numerosos hombres puntanos se incorporaron a la causa independentista y marcharon hacia el <strong>campamento de El Plumerillo<\/strong>, donde se organiz\u00f3 el ej\u00e9rcito que liber\u00f3 Chile y luego Per\u00fa. Miles de sanluise\u00f1os integraron esas filas, aportando cuerpos, caballos, armas, alimentos y trabajo.<\/p>\n\n\n\n<p>Ese ej\u00e9rcito no era \u201cporte\u00f1o\u201d: era <strong>popular y regional<\/strong>, integrado mayoritariamente por hombres del Interior. La <strong>cultura militar<\/strong> forjada en ese proceso \u2014la de luchar contra imperios, no contra compatriotas\u2014 es la misma que, en otro frente, aliment\u00f3 la decisi\u00f3n del <strong>Ej\u00e9rcito del Norte<\/strong> de no derramar sangre argentina en guerras civiles.<\/p>\n\n\n\n<p>Arequito no fue un rayo en cielo despejado: fue la consecuencia l\u00f3gica de un ej\u00e9rcito formado con pueblos que <strong>no aceptaban ser utilizados como fuerza de ocupaci\u00f3n interna<\/strong>.<\/p>\n\n\n\n<h3 class=\"wp-block-heading\">Arequito: la rebeli\u00f3n \u00e9tica<\/h3>\n\n\n\n<p>Descartado San Mart\u00edn, el Director Supremo <strong>Jos\u00e9 Rondeau<\/strong> recurri\u00f3 al <strong>Ej\u00e9rcito Auxiliar del Per\u00fa (Ej\u00e9rcito del Norte)<\/strong>. Belgrano, enfermo pero l\u00facido, tampoco quiso involucrarse. El mando efectivo recay\u00f3 en <strong>Francisco Fern\u00e1ndez de la Cruz<\/strong>.<br>Pero al pasar por la <strong>Posta de Arequito<\/strong>, ocurri\u00f3 lo inesperado.<\/p>\n\n\n\n<p>La mayor parte del Ej\u00e9rcito se sublev\u00f3. <strong>Juan Bautista Bustos<\/strong>, cordob\u00e9s, formado junto a San Mart\u00edn y admirador de Belgrano y Artigas, encabez\u00f3 el mot\u00edn con el apoyo de <strong>Jos\u00e9 Mar\u00eda Paz<\/strong> y <strong>Alejandro Heredia<\/strong>. No fue indisciplina: fue una <strong>decisi\u00f3n pol\u00edtica y moral<\/strong>.<\/p>\n\n\n\n<p>Bustos lo dej\u00f3 por escrito en su carta al gobernador santafesino Estanislao L\u00f3pez, fechada el 12 de enero de 1820:<\/p>\n\n\n\n<blockquote class=\"wp-block-quote is-layout-flow wp-block-quote-is-layout-flow\">\n<p>\u201cHe realizado mi proyecto de impedir la invasi\u00f3n contra la provincia de su mando\u2026 puede V.S. reputarme por un amigo, que no desea otra cosa que la felicidad del pa\u00eds, casi arruinado por la guerra civil que debemos terminar de un modo amistoso\u201d.<\/p>\n<\/blockquote>\n\n\n\n<h3 class=\"wp-block-heading\">El derrumbe del poder central<\/h3>\n\n\n\n<p>El Ej\u00e9rcito del Norte no acudi\u00f3 en auxilio de Rondeau.<br>El desenlace fue r\u00e1pido: <strong>Batalla de Cepeda<\/strong> (1\u00ba de febrero de 1820), derrota porte\u00f1a, ca\u00edda del Directorio y disoluci\u00f3n del Congreso centralista.<br>La historiograf\u00eda liberal llam\u00f3 a ese proceso \u201c<strong>Anarqu\u00eda del A\u00f1o XX<\/strong>\u201d. Sin embargo, lejos del caos, lo que se produjo fue una <strong>reconfiguraci\u00f3n profunda del poder<\/strong>, que dio nacimiento a los <strong>Estados provinciales aut\u00f3nomos<\/strong>.<\/p>\n\n\n\n<p>Jos\u00e9 Mar\u00eda Paz, en sus Memorias, fue m\u00e1s honesto: llam\u00f3 <strong>revoluci\u00f3n<\/strong> al mot\u00edn.<\/p>\n\n\n\n<h3 class=\"wp-block-heading\">San Luis: de subordinaci\u00f3n a autonom\u00eda<\/h3>\n\n\n\n<p>Aqu\u00ed Arequito se vuelve <strong>historia puntana directa<\/strong>.<\/p>\n\n\n\n<p>Hasta 1820, San Luis estaba subordinada a estructuras pol\u00edticas mayores, particularmente a la <strong>Gobernaci\u00f3n Intendencia de Cuyo<\/strong>, con sede en Mendoza, y a autoridades designadas por el Directorio.<br>El vac\u00edo de poder abierto tras Arequito y Cepeda <strong>aceler\u00f3 la ruptura de ese orden<\/strong>.<\/p>\n\n\n\n<p>El teniente gobernador <strong>Vicente Dupuy<\/strong>, designado por el poder central, qued\u00f3 sin respaldo pol\u00edtico real. En enero de 1820 present\u00f3 su renuncia ante el Cabildo de San Luis. Las <strong>milicias locales<\/strong>, expresi\u00f3n armada del pueblo puntano, presionaron para poner fin a una autoridad ya sin legitimidad.<\/p>\n\n\n\n<p>El <strong>26 de febrero de 1820<\/strong>, en Cabildo Abierto, San Luis tom\u00f3 una decisi\u00f3n hist\u00f3rica:<\/p>\n\n\n\n<ul class=\"wp-block-list\">\n<li>Se acept\u00f3 la renuncia de Dupuy<\/li>\n\n\n\n<li>El Cabildo asumi\u00f3 funciones ejecutivas<\/li>\n\n\n\n<li>Se declar\u00f3 la <strong>autonom\u00eda pol\u00edtica<\/strong><\/li>\n\n\n\n<li>El 1\u00ba de marzo fue nombrado el primer gobernador provincial, <strong>Jos\u00e9 Santos Ortiz<\/strong><\/li>\n<\/ul>\n\n\n\n<p>San Luis <strong>naci\u00f3 como provincia aut\u00f3noma<\/strong> en ese clima pol\u00edtico abierto por Arequito. No por casualidad, sino como <strong>consecuencia directa del derrumbe del centralismo<\/strong>.<\/p>\n\n\n\n<h3 class=\"wp-block-heading\">Memoria, arte y silencios<\/h3>\n\n\n\n<p>Que Arequito no sea feriado no es un olvido inocente. <strong>El silencio tambi\u00e9n es una forma de hacer pol\u00edtica<\/strong>. Bustos fue relegado por ser demasiado federal, demasiado popular, demasiado inc\u00f3modo.<\/p>\n\n\n\n<p>La memoria, sin embargo, persiste. El <strong>Monumento a la Sublevaci\u00f3n Federal<\/strong>, de <strong>Augusto Daniel Gallo<\/strong>, erigido en Arequito en 2013, expresa con potencia ese gesto colectivo: no glorifica pr\u00f3ceres distantes, sino a <strong>hombres comunes<\/strong>, muchos de ellos an\u00f3nimos, que se atrevieron a decir no.<\/p>\n\n\n\n<h3 class=\"wp-block-heading\">Ep\u00edlogo puntano<\/h3>\n\n\n\n<p>Para San Luis, Arequito no es una an\u00e9cdota santafesina ni un conflicto ajeno.<br>Es el <strong>punto de quiebre que permiti\u00f3 su autonom\u00eda<\/strong>, la consecuencia pol\u00edtica de un ej\u00e9rcito popular que se neg\u00f3 a ser instrumento del centralismo.<\/p>\n\n\n\n<p>Tal vez por eso incomoda.<br>Tal vez por eso no es feriado.<br>Pero el 8 de enero sigue ah\u00ed, record\u00e1ndonos que <strong>la desobediencia, cuando es \u00e9tica, popular y federal, tambi\u00e9n funda patria<\/strong>.<\/p>\n\n\n\n<h3 class=\"wp-block-heading\">Modelos de pa\u00eds<\/h3>\n\n\n\n<p>Detr\u00e1s del Mot\u00edn de Arequito no s\u00f3lo se enfrentaban ej\u00e9rcitos: <strong>se enfrentaban modelos de pa\u00eds<\/strong>. El proyecto centralista porte\u00f1o \u2014que terminar\u00eda imponi\u00e9ndose a lo largo del siglo XIX\u2014 conceb\u00eda a la Argentina como una naci\u00f3n organizada desde un \u00fanico centro de poder pol\u00edtico, financiero y aduanero. Buenos Aires concentraba la renta del comercio exterior, administraba los ingresos de la Aduana y subordinaba al resto de las provincias a una l\u00f3gica extractiva: materias primas hacia el puerto, manufacturas importadas hacia el Interior. Ese esquema fue sostenido y consolidado por la <strong>oligarqu\u00eda terrateniente ganadera<\/strong>, asociada al mercado mundial y beneficiaria directa de la concentraci\u00f3n de la riqueza y del poder estatal.<\/p>\n\n\n\n<p>El federalismo que defend\u00edan las provincias del Interior propon\u00eda otra cosa. No se trataba de una mera disputa administrativa, sino de una <strong>visi\u00f3n alternativa de desarrollo<\/strong>: un pa\u00eds descentralizado, con provincias aut\u00f3nomas, capaces de administrar sus recursos, fomentar sus propias econom\u00edas regionales y articularse en igualdad de condiciones. En ese proyecto, regiones como Cuyo \u2014y San Luis en particular\u2014 no quedaban reducidas a periferias subordinadas, sino que pod\u00edan proyectar <strong>producci\u00f3n agr\u00edcola diversificada, manufacturas locales, circuitos comerciales internos e incluso desarrollos industriales propios<\/strong>, de acuerdo a sus condiciones geogr\u00e1ficas y sociales.<\/p>\n\n\n\n<p>La derrota hist\u00f3rica de ese federalismo temprano no fue s\u00f3lo militar o pol\u00edtica: fue <strong>econ\u00f3mica y cultural<\/strong>. El triunfo del centralismo consolid\u00f3 un pa\u00eds desequilibrado, con un centro poderoso y periferias dependientes, cuyas consecuencias estructurales a\u00fan persisten. Arequito, en ese sentido, no fue un episodio menor ni una an\u00e9cdota rom\u00e1ntica: fue una <strong>oportunidad hist\u00f3rica<\/strong> para otro modelo de naci\u00f3n. Que haya sido silenciado no es casual. Recordarlo hoy, desde San Luis, es tambi\u00e9n volver a interrogar el pa\u00eds que pudo haber sido y el que todav\u00eda est\u00e1 en disputa.<\/p>\n\n\n\n<h2 class=\"wp-block-heading\"><strong>Fuentes y textos de referencia<\/strong><\/h2>\n\n\n\n<ul class=\"wp-block-list\">\n<li>Bustos, Juan Bautista. <em>Carta a Estanislao L\u00f3pez<\/em>, 12 de enero de 1820.<\/li>\n\n\n\n<li>Paz, Jos\u00e9 Mar\u00eda. <em>Memorias p\u00f3stumas<\/em>.<\/li>\n\n\n\n<li>Ar\u00e1oz de Lamadrid, Gregorio. <em>Memorias<\/em>.<\/li>\n\n\n\n<li>Tedeschi, Sonia Rosa. Investigaciones sobre el Mot\u00edn de Arequito y federalismo temprano.<\/li>\n\n\n\n<li>Halperin Donghi, Tulio. <em>Revoluci\u00f3n y guerra<\/em>.<\/li>\n\n\n\n<li>Chiaramonte, Jos\u00e9 Carlos. <em>Naci\u00f3n y Estado en Iberoam\u00e9rica<\/em>.<\/li>\n\n\n\n<li>Documentaci\u00f3n del Cabildo de San Luis, febrero\u2013marzo de 1820.<\/li>\n\n\n\n<li>Estudios hist\u00f3ricos sobre el campamento de <strong>Las Chacras (San Luis)<\/strong> y el <strong>Plumerillo (Mendoza)<\/strong> en la conformaci\u00f3n del Ej\u00e9rcito de los Andes.<\/li>\n\n\n\n<li>Monumento a la Sublevaci\u00f3n Federal, Augusto Daniel Gallo (2013).<\/li>\n<\/ul>\n","protected":false},"excerpt":{"rendered":"<p>No por una efem\u00e9ride c\u00f3moda ni por un consenso edulcorado, sino por una fecha inc\u00f3moda para la historia oficial: el aniversario del Mot\u00edn de Arequito, ocurrido el 8 de enero de 1820. Un hecho decisivo, deliberadamente relegado, cuya onda expansiva alcanz\u00f3 de lleno a la provincia de San Luis, tanto en el plano pol\u00edtico como &hellip;<\/p>\n","protected":false},"author":2,"featured_media":13071,"comment_status":"open","ping_status":"open","sticky":false,"template":"","format":"standard","meta":{"advanced_seo_description":"","jetpack_seo_html_title":"","jetpack_seo_noindex":false,"_jetpack_memberships_contains_paid_content":false,"footnotes":"","jetpack_publicize_message":"","jetpack_publicize_feature_enabled":true,"jetpack_social_post_already_shared":false,"jetpack_social_options":{"image_generator_settings":{"template":"highway","default_image_id":0,"font":"","enabled":false},"version":2}},"categories":[25,28],"tags":[],"class_list":["post-13070","post","type-post","status-publish","format-standard","has-post-thumbnail","hentry","category-ideas-que-valen-la-pena","category-investigaciones-e-informes-especiales"],"jetpack_publicize_connections":[],"jetpack_featured_media_url":"https:\/\/i0.wp.com\/calleangosta.com\/ca\/wp-content\/uploads\/2026\/01\/b2E0-qwCy_1300x655__1.webp?fit=1300%2C655&ssl=1","jetpack_sharing_enabled":true,"_links":{"self":[{"href":"https:\/\/calleangosta.com\/ca\/wp-json\/wp\/v2\/posts\/13070","targetHints":{"allow":["GET"]}}],"collection":[{"href":"https:\/\/calleangosta.com\/ca\/wp-json\/wp\/v2\/posts"}],"about":[{"href":"https:\/\/calleangosta.com\/ca\/wp-json\/wp\/v2\/types\/post"}],"author":[{"embeddable":true,"href":"https:\/\/calleangosta.com\/ca\/wp-json\/wp\/v2\/users\/2"}],"replies":[{"embeddable":true,"href":"https:\/\/calleangosta.com\/ca\/wp-json\/wp\/v2\/comments?post=13070"}],"version-history":[{"count":1,"href":"https:\/\/calleangosta.com\/ca\/wp-json\/wp\/v2\/posts\/13070\/revisions"}],"predecessor-version":[{"id":13072,"href":"https:\/\/calleangosta.com\/ca\/wp-json\/wp\/v2\/posts\/13070\/revisions\/13072"}],"wp:featuredmedia":[{"embeddable":true,"href":"https:\/\/calleangosta.com\/ca\/wp-json\/wp\/v2\/media\/13071"}],"wp:attachment":[{"href":"https:\/\/calleangosta.com\/ca\/wp-json\/wp\/v2\/media?parent=13070"}],"wp:term":[{"taxonomy":"category","embeddable":true,"href":"https:\/\/calleangosta.com\/ca\/wp-json\/wp\/v2\/categories?post=13070"},{"taxonomy":"post_tag","embeddable":true,"href":"https:\/\/calleangosta.com\/ca\/wp-json\/wp\/v2\/tags?post=13070"}],"curies":[{"name":"wp","href":"https:\/\/api.w.org\/{rel}","templated":true}]}}