{"id":13240,"date":"2026-01-25T13:52:59","date_gmt":"2026-01-25T16:52:59","guid":{"rendered":"https:\/\/calleangosta.com\/ca\/?p=13240"},"modified":"2026-01-31T14:34:10","modified_gmt":"2026-01-31T17:34:10","slug":"domingo-de-politiquerias-ii","status":"publish","type":"post","link":"https:\/\/calleangosta.com\/ca\/domingo-de-politiquerias-ii\/","title":{"rendered":"Domingo de Politiquer\u00edas II"},"content":{"rendered":"\n<p>M\u00e1s all\u00e1 de las cuestiones coyunturales que atraviesan la pol\u00edtica local, es indudable que a rasgos generales las cosas parecen estar \u201ctranquilas\u201d, sin embargo, la dirigencia est\u00e1 comenzando a articular charlas y acuerdos. Si hablamos de espacios pol\u00edticos, el peronismo indudablemente es parte de esto.<strong> Entonces vale preguntarnos, qu\u00e9 es el peronismo mercedino?<\/strong> Con un fuerte arraigo en los trabajadores ferroviarios y peones rurales, el mercedino que \u201c daba la vida por Per\u00f3n \u201c fue transform\u00e1ndose en un testigo pasivo de una&nbsp; sociedad que ( luego de varias transformaciones en su esencia) eligi\u00f3&nbsp; masivamente a un exponente de lo peor de la derecha como Javier Milei, pero vota hace a\u00f1os intendentes identificados con el justicialismo.<\/p>\n\n\n\n<p>Hoy la realidad de la ciudad es otra. Y la del peronismo tambi\u00e9n. Varios hechos se vivieron en la semana. Por un lado, fuertes rumores acerca de un comienzo de acuerdo entre los dos dirigentes m\u00e1s importantes de peronismo provincial: <strong>Adolfo y Alberto Rodriguez Sa\u00e1, <\/strong>quienes cuentan con una representatividad innegable, m\u00e1s a\u00fan dentro de este sector. Otro dirigente que tambi\u00e9n llam\u00f3 al peronismo a la reflexi\u00f3n y compromiso fue el <strong>Esc. Mones Ruiz <\/strong>qui\u00e9n mediante un documento y una recorrida radial dej\u00f3 clara la postura de trabajar por conformar un espacio pol\u00edtico que se oponga pol\u00edtica y democr\u00e1ticamente a las pol\u00edticas del gobierno nacional representadas por <strong>Claudio Poggi<\/strong> en San Luis.<\/p>\n\n\n\n<p>El dirigente <strong>Guillermo Moreno<\/strong> protagoniz\u00f3 en los bajos del Caf\u00e9 La Plaza una conferencia de prensa y reuni\u00f3n con&nbsp; dirigentes del espacio del <strong>Dr. Fernando Pastor<\/strong>, le termin\u00f3 de poner el mo\u00f1o a una semana movida para el peronismo mercedino. Sorprendi\u00f3 ( o no tanto) la presencia&nbsp; de Alberto Trombetta, qui\u00e9n hasta hace poco era el primer Saa\u00edsta de la provincia y ahora es el principal opositor. En f\u00edn, nuevos dirigentes ( que es lo que necesita el peronismo) pero con s\u00edmbolos que m\u00e1s que sumar a tan noble construcci\u00f3n pol\u00edtica, restan.<\/p>\n\n\n\n<p>En esta reconfiguraci\u00f3n del espacio, el <strong>Dip. Nacional \u201cPipi Ali <\/strong>present\u00f3 el proyecto de Programa de Desendeudamiento de las Familias Argentinas en un intento de&nbsp; buscar dar una respuesta concreta al sobreendeudamiento que hoy afecta a millones de hogares, principalmente por el uso de tarjetas de cr\u00e9dito y financieras no bancarias. Interesante para tirar arriba de la mesa y discutir. Nos falta cultura de la tolerancia en el intercambio de ideas.<\/p>\n\n\n\n<p>En lo partidario y producto de la falta de conducci\u00f3n, el <strong>Partido Justicialista <\/strong>se encuentra pr\u00e1cticamente inmovilizado en toda la provincia. Y nuestra ciudad no es la excepci\u00f3n. Llegando esta inactividad incluso a manifestarse con la situaci\u00f3n de la no asunci\u00f3n efectiva del legislador comunal que representaba al Partido Justicialista. Ante este hecho, la nula militancia ( en todos sus aspectos) en defensa del espacio pol\u00edtico fue evidente. Dirigentes supuestamente representativos como<strong> Anabella Lucero<\/strong>, quien moviliza miles de j\u00f3venes, el gremialista <strong>Walter Aguilar<\/strong>, actual diputado provincial o el rector <strong>Marcelo Sosa<\/strong> o el mism\u00edsimo intendente de Justo Daract<strong> Alfredo Dominguez, <\/strong>no han convocado a\u00fan a una reuni\u00f3n para analizar lo sucedido en las elecciones.&nbsp;<\/p>\n\n\n\n<p>En tanto, el peronismo deber\u00e1 retomar la senda de la raz\u00f3n. Reestructurar el movimiento y el partido. Ning\u00fan espacio debe quedar sin ser motivo de sana disputa militante. Activarse , adecuarse desde sus bases doctrinarias El triste papel de la Uni\u00f3n C\u00edvica Radical&nbsp; en los \u00faltimos a\u00f1os deber\u00e1 servir tambi\u00e9n de ejemplo. No es un ejemplo tan lejano.<\/p>\n","protected":false},"excerpt":{"rendered":"<p>M\u00e1s all\u00e1 de las cuestiones coyunturales que atraviesan la pol\u00edtica local, es indudable que a rasgos generales las cosas parecen estar \u201ctranquilas\u201d, sin embargo, la dirigencia est\u00e1 comenzando a articular charlas y acuerdos. Si hablamos de espacios pol\u00edticos, el peronismo indudablemente es parte de esto. Entonces vale preguntarnos, qu\u00e9 es el peronismo mercedino? Con un &hellip;<\/p>\n","protected":false},"author":7,"featured_media":13186,"comment_status":"open","ping_status":"open","sticky":false,"template":"","format":"standard","meta":{"advanced_seo_description":"","jetpack_seo_html_title":"","jetpack_seo_noindex":false,"_jetpack_memberships_contains_paid_content":false,"footnotes":"","jetpack_publicize_message":"","jetpack_publicize_feature_enabled":true,"jetpack_social_post_already_shared":false,"jetpack_social_options":{"image_generator_settings":{"template":"highway","default_image_id":0,"font":"","enabled":false},"version":2}},"categories":[22],"tags":[],"class_list":["post-13240","post","type-post","status-publish","format-standard","has-post-thumbnail","hentry","category-politica"],"jetpack_publicize_connections":[],"jetpack_featured_media_url":"https:\/\/i0.wp.com\/calleangosta.com\/ca\/wp-content\/uploads\/2026\/01\/ChatGPT-Image-18-ene-2026-13_21_07.png?fit=1536%2C1024&ssl=1","jetpack_sharing_enabled":true,"_links":{"self":[{"href":"https:\/\/calleangosta.com\/ca\/wp-json\/wp\/v2\/posts\/13240","targetHints":{"allow":["GET"]}}],"collection":[{"href":"https:\/\/calleangosta.com\/ca\/wp-json\/wp\/v2\/posts"}],"about":[{"href":"https:\/\/calleangosta.com\/ca\/wp-json\/wp\/v2\/types\/post"}],"author":[{"embeddable":true,"href":"https:\/\/calleangosta.com\/ca\/wp-json\/wp\/v2\/users\/7"}],"replies":[{"embeddable":true,"href":"https:\/\/calleangosta.com\/ca\/wp-json\/wp\/v2\/comments?post=13240"}],"version-history":[{"count":1,"href":"https:\/\/calleangosta.com\/ca\/wp-json\/wp\/v2\/posts\/13240\/revisions"}],"predecessor-version":[{"id":13241,"href":"https:\/\/calleangosta.com\/ca\/wp-json\/wp\/v2\/posts\/13240\/revisions\/13241"}],"wp:featuredmedia":[{"embeddable":true,"href":"https:\/\/calleangosta.com\/ca\/wp-json\/wp\/v2\/media\/13186"}],"wp:attachment":[{"href":"https:\/\/calleangosta.com\/ca\/wp-json\/wp\/v2\/media?parent=13240"}],"wp:term":[{"taxonomy":"category","embeddable":true,"href":"https:\/\/calleangosta.com\/ca\/wp-json\/wp\/v2\/categories?post=13240"},{"taxonomy":"post_tag","embeddable":true,"href":"https:\/\/calleangosta.com\/ca\/wp-json\/wp\/v2\/tags?post=13240"}],"curies":[{"name":"wp","href":"https:\/\/api.w.org\/{rel}","templated":true}]}}