{"id":13548,"date":"2026-03-11T13:09:38","date_gmt":"2026-03-11T16:09:38","guid":{"rendered":"https:\/\/calleangosta.com\/ca\/?p=13548"},"modified":"2026-03-11T17:01:28","modified_gmt":"2026-03-11T20:01:28","slug":"el-maiz-fantasma-que-sacude-al-poder","status":"publish","type":"post","link":"https:\/\/calleangosta.com\/ca\/el-maiz-fantasma-que-sacude-al-poder\/","title":{"rendered":"El ma\u00edz fantasma que sacude al poder"},"content":{"rendered":"\n<p>El esc\u00e1ndalo que golpea al gobierno provincial tiene nombre propio: Ricardo Andr\u00e9 Bazla. El funcionario, que se desempe\u00f1aba como secretario de \u00c9tica P\u00fablica y Control de Gesti\u00f3n del gobierno de Claudio Poggi, pidi\u00f3 una licencia por 90 d\u00edas despu\u00e9s de que la fiscal\u00eda solicitara que sea citado a declaraci\u00f3n indagatoria en una causa por presunta defraudaci\u00f3n al Estado.<strong> La investigaci\u00f3n se tramita en la Justicia de Villa Mercedes y gira alrededor de la misteriosa desaparici\u00f3n de una cosecha de ma\u00edz valuada en alrededor de dos millones de d\u00f3lares. <\/strong><\/p>\n\n\n\n<p>El caso se remonta al manejo del campo \u201cEl Cabur\u00e9\u201d, un establecimiento rural que hab\u00eda sido expropiado por el Estado provincial. All\u00ed se sembraron cerca de dos mil hect\u00e1reas de ma\u00edz que luego fueron cosechadas y almacenadas en silo bolsas. Sin embargo, cuando se intent\u00f3 reconstruir el destino de esa producci\u00f3n, apareci\u00f3 el gran interrogante: la carga simplemente desapareci\u00f3. La causa judicial busca determinar si existieron irregularidades en la administraci\u00f3n, la comercializaci\u00f3n y la rendici\u00f3n de cuentas de esa producci\u00f3n agr\u00edcola. <\/p>\n\n\n\n<p>El fiscal Leandro Estrada considera que Bazla podr\u00eda haber tenido responsabilidad en estos hechos y solicit\u00f3 su indagatoria como presunto coautor de una defraudaci\u00f3n en perjuicio de la administraci\u00f3n p\u00fablica. La causa tambi\u00e9n involucra a otros funcionarios y asesores vinculados al manejo del establecimiento rural. Frente al avance judicial, Bazla pidi\u00f3 apartarse temporalmente del cargo y sostuvo que enfrenta \u201cfalsas e injustas acusaciones\u201d, afirmando que utilizar\u00e1 este tiempo para ejercer su defensa. <\/p>\n\n\n\n<p>El impacto pol\u00edtico es particularmente fuerte en Villa Mercedes. No solo porque la causa judicial se investiga en tribunales de la ciudad, sino tambi\u00e9n porque Bazla es un dirigente con ra\u00edces en la sociedad mercedina. En una ciudad donde la pol\u00edtica y las relaciones personales suelen cruzarse con la gesti\u00f3n p\u00fablica, el caso se vive como un golpe a la credibilidad institucional. La paradoja resulta evidente: quien ocupaba el cargo destinado a controlar la \u00e9tica del Estado hoy est\u00e1 bajo sospecha de haber perjudicado al propio Estado.<\/p>\n\n\n\n<p>En la sociedad mercedina el episodio reabre una discusi\u00f3n que atraviesa la pol\u00edtica local desde hace a\u00f1os: la distancia entre el discurso de transparencia y la pr\u00e1ctica real del poder. La desaparici\u00f3n de una cosecha millonaria no solo plantea preguntas judiciales, sino tambi\u00e9n pol\u00edticas. Y esas preguntas, inevitablemente, se hacen desde el mismo lugar donde comenz\u00f3 la investigaci\u00f3n: Villa Mercedes.<\/p>\n","protected":false},"excerpt":{"rendered":"<p>El esc\u00e1ndalo que golpea al gobierno provincial tiene nombre propio: Ricardo Andr\u00e9 Bazla. El funcionario, que se desempe\u00f1aba como secretario de \u00c9tica P\u00fablica y Control de Gesti\u00f3n del gobierno de Claudio Poggi, pidi\u00f3 una licencia por 90 d\u00edas despu\u00e9s de que la fiscal\u00eda solicitara que sea citado a declaraci\u00f3n indagatoria en una causa por presunta &hellip;<\/p>\n","protected":false},"author":2,"featured_media":13551,"comment_status":"open","ping_status":"open","sticky":false,"template":"","format":"standard","meta":{"advanced_seo_description":"","jetpack_seo_html_title":"","jetpack_seo_noindex":false,"_jetpack_memberships_contains_paid_content":false,"footnotes":"","jetpack_publicize_message":"","jetpack_publicize_feature_enabled":true,"jetpack_social_post_already_shared":false,"jetpack_social_options":{"image_generator_settings":{"template":"highway","default_image_id":0,"font":"","enabled":false},"version":2}},"categories":[32],"tags":[],"class_list":["post-13548","post","type-post","status-publish","format-standard","has-post-thumbnail","hentry","category-san-luis"],"jetpack_publicize_connections":[],"jetpack_featured_media_url":"https:\/\/i0.wp.com\/calleangosta.com\/ca\/wp-content\/uploads\/2026\/03\/maiz.jpg?fit=780%2C470&ssl=1","jetpack_sharing_enabled":true,"_links":{"self":[{"href":"https:\/\/calleangosta.com\/ca\/wp-json\/wp\/v2\/posts\/13548","targetHints":{"allow":["GET"]}}],"collection":[{"href":"https:\/\/calleangosta.com\/ca\/wp-json\/wp\/v2\/posts"}],"about":[{"href":"https:\/\/calleangosta.com\/ca\/wp-json\/wp\/v2\/types\/post"}],"author":[{"embeddable":true,"href":"https:\/\/calleangosta.com\/ca\/wp-json\/wp\/v2\/users\/2"}],"replies":[{"embeddable":true,"href":"https:\/\/calleangosta.com\/ca\/wp-json\/wp\/v2\/comments?post=13548"}],"version-history":[{"count":1,"href":"https:\/\/calleangosta.com\/ca\/wp-json\/wp\/v2\/posts\/13548\/revisions"}],"predecessor-version":[{"id":13550,"href":"https:\/\/calleangosta.com\/ca\/wp-json\/wp\/v2\/posts\/13548\/revisions\/13550"}],"wp:featuredmedia":[{"embeddable":true,"href":"https:\/\/calleangosta.com\/ca\/wp-json\/wp\/v2\/media\/13551"}],"wp:attachment":[{"href":"https:\/\/calleangosta.com\/ca\/wp-json\/wp\/v2\/media?parent=13548"}],"wp:term":[{"taxonomy":"category","embeddable":true,"href":"https:\/\/calleangosta.com\/ca\/wp-json\/wp\/v2\/categories?post=13548"},{"taxonomy":"post_tag","embeddable":true,"href":"https:\/\/calleangosta.com\/ca\/wp-json\/wp\/v2\/tags?post=13548"}],"curies":[{"name":"wp","href":"https:\/\/api.w.org\/{rel}","templated":true}]}}