{"id":13555,"date":"2026-03-13T11:54:25","date_gmt":"2026-03-13T14:54:25","guid":{"rendered":"https:\/\/calleangosta.com\/ca\/?p=13555"},"modified":"2026-03-13T11:54:27","modified_gmt":"2026-03-13T14:54:27","slug":"claramente-jueves-12-de-marzo-de-2026","status":"publish","type":"post","link":"https:\/\/calleangosta.com\/ca\/claramente-jueves-12-de-marzo-de-2026\/","title":{"rendered":"Claramente Jueves 12 de Marzo de 2026"},"content":{"rendered":"\n<p>Bienvenidos a *Claramente*, programa grabado y transmitido los Jueves de cada semana donde analizamos las noticias que impactan semanalmente a San Luis, Villa Mercedes, Merlo y ciudad de Mendoza. Nuestro prop\u00f3sito es ayudar a nuestros oyentes a entender mejor las noticias que circulan en los medios, redes sociales y m\u00e1s. En cada episodio, explicamos, desmentimos falsedades y ofrecemos un an\u00e1lisis claro, con el objetivo de proporcionar informaci\u00f3n objetiva y comprensible. \u00a1Acomp\u00e1\u00f1anos para estar bien informado y descubrir la verdad detr\u00e1s de las noticias! Gracias por seguirnos y confiar en nosotros.<\/p>\n\n\n\n<p><strong>S\u00edntesis clara del programa \u201cClaramente\u201d \u2013 Jueves 12 de marzo de 2026<\/strong> (transmitido por FM Radio R\u00edo Seco 88.7 y YouTube)<\/p>\n\n\n\n<p><strong>Conductores<\/strong>: Ricardo Vallejo (San Luis), Enrique Costanzo (San Luis), Pablo Cufr\u00e9 (Villa Mercedes) y Crunchi Garc\u00eda (Villa Mercedes). Ausente Claudia. <strong>Invitado especial<\/strong>: Jorge Pasuchanc (ingeniero, polit\u00f3logo y ex funcionario provincial en econom\u00eda).<\/p>\n\n\n\n<h3 class=\"wp-block-heading\">1. Tema nacional principal: Esc\u00e1ndalo Adorni y doble vara<\/h3>\n\n\n\n<ul class=\"wp-block-list\">\n<li>Fuerte cr\u00edtica al viaje de la esposa de Adorni (jefe de Gabinete) en avi\u00f3n presidencial a EE.UU. y Punta del Este durante la \u201cArgentina Week\u201d.<\/li>\n\n\n\n<li>Se compara con casos kirchneristas (ej. Jaime) por los que s\u00ed condenaron a funcionarios. Conclusi\u00f3n de los conductores: \u201ca peronistas y pobres los meten presos; a los libertarios no\u201d.<\/li>\n\n\n\n<li>Hipocres\u00eda total: el mismo gobierno que promet\u00eda \u201cnunca m\u00e1s familiares en aviones oficiales\u201d lo hace ahora. Diputada libertaria Marcela Pagano reconoci\u00f3 que \u201csi no hay plata, no pasa nada\u201d y que no habr\u00e1 juicio pol\u00edtico.<\/li>\n\n\n\n<li>Se menciona tambi\u00e9n el viaje de gobernadores y senadores (incluida Mois\u00e9s) sin esc\u00e1ndalo.<\/li>\n\n\n\n<li>Justicia selectiva: caso Libra (contratos de Milei), cuadernos (testigos truchos, declaraci\u00f3n de Robela presionado) y otros siguen sin avanzar cuando involucran al oficialismo.<\/li>\n<\/ul>\n\n\n\n<h3 class=\"wp-block-heading\">2. An\u00e1lisis econ\u00f3mico (con Jorge Pasuchanc) \u2013 Estanflaci\u00f3n<\/h3>\n\n\n\n<p>El invitado define la situaci\u00f3n actual como <strong>estanflaci\u00f3n<\/strong> (estancamiento + inflaci\u00f3n + empleo de baja calidad):<\/p>\n\n\n\n<ul class=\"wp-block-list\">\n<li>Servicios p\u00fablicos subieron brutalmente desde diciembre 2023:\n<ul class=\"wp-block-list\">\n<li>Transporte: +950-1000 %<\/li>\n\n\n\n<li>Gas natural: +750-900 %<\/li>\n\n\n\n<li>Agua: +400-500 %<\/li>\n\n\n\n<li>Electricidad: +250-350 %<\/li>\n<\/ul>\n<\/li>\n\n\n\n<li>Salarios congelados o con aumentos m\u00ednimos \u2192 p\u00e9rdida masiva de poder adquisitivo.<\/li>\n\n\n\n<li>Gobierno \u201cmiente ardorosamente\u201d con los \u00edndices (reformulados para ocultar la realidad).<\/li>\n\n\n\n<li>Consumo: menor calidad (segundas marcas), morosidad en alquileres, tarjetas y pr\u00e9stamos. La gente usa ahorros para subsistir.<\/li>\n\n\n\n<li>Cr\u00edtica al discurso oficial (\u201cen d\u00f3lares cobramos m\u00e1s\u201d): los precios internos suben mucho m\u00e1s que el d\u00f3lar blue.<\/li>\n\n\n\n<li>Sectores beneficiados: familia Caputo y amigos con deuda y contratos.<\/li>\n<\/ul>\n\n\n\n<h3 class=\"wp-block-heading\">3. Situaci\u00f3n provincial y social en San Luis, Merlo y Mendoza<\/h3>\n\n\n\n<ul class=\"wp-block-list\">\n<li>San Luis \u201cno existe\u201d en el debate nacional (ni oficialismo ni oposici\u00f3n).<\/li>\n\n\n\n<li>Ambiente tenso: rayones en la oficina del contador Abdallas (en contexto del 8M), protestas en Mendoza (Vendimia suspendida parcialmente), Catamarca, docentes y polic\u00edas reprimidos.<\/li>\n\n\n\n<li>Turismo: falta de pol\u00edtica receptiva (la que deja plata). El ministro provincial Juan \u00c1lvarez Pinto (de Merlo) es criticado por ser m\u00e1s inmobiliario que turista. \u201cPlan Maestro de Turismo\u201d visto como beneficio para empresarios locales y \u201cturismo cautivo\u201d.<\/li>\n\n\n\n<li>Sectores productivos: agro e industria afectados por retenciones y costos (fertilizantes). Preocupaci\u00f3n por miner\u00eda (uso del agua) y riesgo a acu\u00edferos. Parque inform\u00e1tico y econom\u00eda del conocimiento subutilizados. Oportunidades desaprovechadas en rob\u00f3tica y 5G.<\/li>\n<\/ul>\n\n\n\n<h3 class=\"wp-block-heading\">4. Noticias municipales r\u00e1pidas<\/h3>\n\n\n\n<ul class=\"wp-block-list\">\n<li><strong>San Luis capital<\/strong>: Concejales justicialistas se reunieron con el intendente Isa. \u00c9l reconoci\u00f3 que tienen raz\u00f3n en los reclamos de baches y calles destruidas por lluvias. Prometieron trabajar juntos.<\/li>\n\n\n\n<li><strong>Villa Mercedes<\/strong>: Asumi\u00f3 la concejal Andrea Quiroga (tras demoras judiciales). Avanza la investigaci\u00f3n contra Bazla (ex peronista, ahora oficialista) y se reactivaron causas contra Frey y el colectivo de Cintia Ram\u00edrez.<\/li>\n<\/ul>\n\n\n\n<h3 class=\"wp-block-heading\">Cierre y mensaje general<\/h3>\n\n\n\n<p>Los conductores destacan la hipocres\u00eda generalizada, la falta de reacci\u00f3n p\u00fablica y judicial, y el deterioro econ\u00f3mico que se siente en el d\u00eda a d\u00eda. Piden que San Luis tenga m\u00e1s protagonismo y que la provincia reclame fondos nacionales no distribuidos (ej. rutas).<\/p>\n\n\n\n<p>El programa dura aproximadamente 1 hora y mantiene el estilo habitual: an\u00e1lisis claro, desmentidas y visi\u00f3n desde la provincia. \u00a1Muy enfocado en la realidad que vive la gente!<\/p>\n\n\n\n<figure class=\"wp-block-embed is-type-video is-provider-youtube wp-block-embed-youtube wp-embed-aspect-16-9 wp-has-aspect-ratio\"><div class=\"wp-block-embed__wrapper\">\n<iframe loading=\"lazy\" title=\"Claramente 12-03-26\" width=\"500\" height=\"281\" src=\"https:\/\/www.youtube.com\/embed\/miohi-bhmS8?feature=oembed\" frameborder=\"0\" allow=\"accelerometer; autoplay; clipboard-write; encrypted-media; gyroscope; picture-in-picture; web-share\" referrerpolicy=\"strict-origin-when-cross-origin\" allowfullscreen><\/iframe>\n<\/div><\/figure>\n","protected":false},"excerpt":{"rendered":"<p>Bienvenidos a *Claramente*, programa grabado y transmitido los Jueves de cada semana donde analizamos las noticias que impactan semanalmente a San Luis, Villa Mercedes, Merlo y ciudad de Mendoza. Nuestro prop\u00f3sito es ayudar a nuestros oyentes a entender mejor las noticias que circulan en los medios, redes sociales y m\u00e1s. En cada episodio, explicamos, desmentimos &hellip;<\/p>\n","protected":false},"author":2,"featured_media":13556,"comment_status":"open","ping_status":"open","sticky":false,"template":"","format":"standard","meta":{"advanced_seo_description":"","jetpack_seo_html_title":"","jetpack_seo_noindex":false,"_jetpack_memberships_contains_paid_content":false,"footnotes":"","jetpack_publicize_message":"","jetpack_publicize_feature_enabled":true,"jetpack_social_post_already_shared":false,"jetpack_social_options":{"image_generator_settings":{"template":"highway","default_image_id":0,"font":"","enabled":false},"version":2}},"categories":[82],"tags":[],"class_list":["post-13555","post","type-post","status-publish","format-standard","has-post-thumbnail","hentry","category-claramente"],"jetpack_publicize_connections":[],"jetpack_featured_media_url":"https:\/\/i0.wp.com\/calleangosta.com\/ca\/wp-content\/uploads\/2026\/03\/WhatsApp-Image-2026-03-13-at-11.53.37.jpeg?fit=1125%2C504&ssl=1","jetpack_sharing_enabled":true,"_links":{"self":[{"href":"https:\/\/calleangosta.com\/ca\/wp-json\/wp\/v2\/posts\/13555","targetHints":{"allow":["GET"]}}],"collection":[{"href":"https:\/\/calleangosta.com\/ca\/wp-json\/wp\/v2\/posts"}],"about":[{"href":"https:\/\/calleangosta.com\/ca\/wp-json\/wp\/v2\/types\/post"}],"author":[{"embeddable":true,"href":"https:\/\/calleangosta.com\/ca\/wp-json\/wp\/v2\/users\/2"}],"replies":[{"embeddable":true,"href":"https:\/\/calleangosta.com\/ca\/wp-json\/wp\/v2\/comments?post=13555"}],"version-history":[{"count":1,"href":"https:\/\/calleangosta.com\/ca\/wp-json\/wp\/v2\/posts\/13555\/revisions"}],"predecessor-version":[{"id":13557,"href":"https:\/\/calleangosta.com\/ca\/wp-json\/wp\/v2\/posts\/13555\/revisions\/13557"}],"wp:featuredmedia":[{"embeddable":true,"href":"https:\/\/calleangosta.com\/ca\/wp-json\/wp\/v2\/media\/13556"}],"wp:attachment":[{"href":"https:\/\/calleangosta.com\/ca\/wp-json\/wp\/v2\/media?parent=13555"}],"wp:term":[{"taxonomy":"category","embeddable":true,"href":"https:\/\/calleangosta.com\/ca\/wp-json\/wp\/v2\/categories?post=13555"},{"taxonomy":"post_tag","embeddable":true,"href":"https:\/\/calleangosta.com\/ca\/wp-json\/wp\/v2\/tags?post=13555"}],"curies":[{"name":"wp","href":"https:\/\/api.w.org\/{rel}","templated":true}]}}