{"id":13559,"date":"2026-03-14T13:42:55","date_gmt":"2026-03-14T16:42:55","guid":{"rendered":"https:\/\/calleangosta.com\/ca\/?p=13559"},"modified":"2026-03-14T13:42:57","modified_gmt":"2026-03-14T16:42:57","slug":"las-opciones-del-peronismo-peornismo-segun-jorge-asis","status":"publish","type":"post","link":"https:\/\/calleangosta.com\/ca\/las-opciones-del-peronismo-peornismo-segun-jorge-asis\/","title":{"rendered":"las opciones del peronismo\/peornismo, seg\u00fan Jorge As\u00eds"},"content":{"rendered":"\n<p>El escritor y analista pol\u00edtico Jorge As\u00eds, habitual columnista y predictor de los avatares de la pol\u00edtica argentina, asegura que el mito del\u00a0<strong>S<\/strong><em><strong>olitario Fen\u00f3meno Milei<\/strong>\u00a0se sustenta en el exceso conceptual que alude a la\u00a0<strong>\u201cfalta de oposici\u00f3n\u201d<\/strong>. Eso es un disparate que tiende a deslizarse por la descalificaci\u00f3n habitual del movimiento popular que gest\u00f3 patolog\u00edas pol\u00e9micas solo cuando correspond\u00eda.<\/em><\/p>\n\n\n\n<p><em>Durante la onda global del neoliberalismo que movilizaba\u00a0<a href=\"https:\/\/periodicotribuna.com.ar\/bernardo-neustadt\/\"><strong>Bernardo Neustadt<\/strong><\/a>, El Creador de Ep\u00edgonos, apareci\u00f3\u00a0<a href=\"https:\/\/es.wikipedia.org\/wiki\/Carlos_Menem\" target=\"_blank\" rel=\"noreferrer noopener\"><strong>Carlos Menem<\/strong><\/a>, El Emir. Cuando la onda mostr\u00f3 los s\u00edntomas de agotamiento que fastidiaban a Eduardo Duhalde, El Piloto de Tormentas (generadas), apareci\u00f3 N\u00e9stor Kirchner, El Furia<\/em>.<\/p>\n\n\n\n<p><em>Cuesta asumir sociol\u00f3gicamente al Fen\u00f3meno Milei como \u00abla pen\u00faltima patolog\u00eda del peronismo contempor\u00e1neo\u00bb.\u00a0<strong>Fue inventado y financiado por el peronismo para evitar que la deriva de Alberto, El Poeta Impopular<\/strong>, desembocara en el gradualismo frustrante de Juntos por el Cambio.<\/em><\/p>\n\n\n\n<p><em>En cuanto La Doctora dijo en C5N que\u00a0<strong>\u201cse aproximaba una elecci\u00f3n de tercios<\/strong>\u201d, el destino del republicanismo tibio\u00a0<strong>ya estaba condenado<\/strong>.<\/em><\/p>\n\n\n\n<p>En su lista de postulantes As\u00eds omite a Guillermo Moreno y a Juan Grabois. NI una palabra sobre ellos, curiosamente.   <\/p>\n\n\n\n<p><em>La fantas\u00eda te\u00f3rica que alude a la inexistencia de la oposici\u00f3n favorece ampliamente al \u201cpresidente m\u00e1s sionista del mundo\u201d. La carencia informativa induce a la gilada a caer en generalizaciones a la bartola.\u00a0<strong>\u201cNo existe la oposici\u00f3n\u201d.<\/strong><\/em><\/p>\n\n\n\n<p><em>Axel, El G\u00f3tico, se lanza de palomita a confrontar en 2027 con\u00a0<strong>\u201cel topo del Estado\u201d.\u00a0<\/strong>El gobernador de La Provincia del Pecado concentra la cruzada novedosa de oponerse con dureza al presidente de la Naci\u00f3n.<\/em><\/p>\n\n\n\n<p><em>Por primera vez, en 43 a\u00f1os de esta versi\u00f3n de la democracia, se registra una diferencia ideol\u00f3gica de magnitud semejante.\u00a0<strong>Ni puede compararse con el lapso de Antonio Cafiero<\/strong>, El Peronista Interrumpido, con Ra\u00fal Alfons\u00edn, El Providencial.<\/em><\/p>\n\n\n\n<p><em>Y menos a\u00fan se lo puede comparar con la convivencia del ascendente peronista Carlos Ruckauf, El Libertario Repentino, con\u00a0<strong>Fernando De la R\u00faa, El Radical Traicionable<\/strong>.<\/em><\/p>\n\n\n\n<p><em>El elemental trayecto en colectivo desde el Maxiquiosco hacia Avellaneda o Lan\u00fas (y viceversa) signa el cambio total de reglas del juego.\u00a0<strong>La caracter\u00edstica del Fen\u00f3meno Milei consiste en administrar la naci\u00f3n con la absoluta enemistad de quien gobierna la Provincia del Pecado.<\/strong>\u00a0Axel atraviesa un fen\u00f3meno similar. Para ser indagado desde la ciencia pol\u00edtica.<\/em><\/p>\n\n\n\n<p><em>La creaci\u00f3n disruptiva de La Doctora deriv\u00f3 en la instalaci\u00f3n del \u201ctransparente en la mesa de los pecadores\u201d.\u00a0<strong>Para crecer inesperadamente Axel en el oficio<\/strong>, hasta transformarse en el experto en cajas recaudatorias de hoy, sin siquiera sugerir a los pecadores la menor contraprestaci\u00f3n.<\/em><\/p>\n\n\n\n<p><em>Con la consecuencia involuntaria de convertirse, en un tiempo relativo, en el adversario fundamental de La (Agencia de Colocaciones) C\u00e1mpora,\u00a0<strong>que conduce formalmente M\u00e1ximo,<\/strong>\u00a0En el Nombre del Hijo, pero quien manda en la pr\u00e1ctica es La Doctora.<\/em><\/p>\n\n\n\n<p><em>En principio Axel identific\u00f3 como adversario interno a M\u00e1ximo,\u00a0<strong>quien no vacil\u00f3 en aplicar la instrucci\u00f3n de La Doctora de intervenir la provincia<\/strong>\u00a0en la primera derrota de cambio. Con Mart\u00edn Insaurralde, El J\u00e9ssico, como Premier.<\/em><\/p>\n\n\n\n<p><em>Pero en alg\u00fan a\u00f1o Axel se recuper\u00f3 y debi\u00f3 darse cuenta.\u00a0<strong>El adversario real se encontraba en el origen.<\/strong>\u00a0Para ser exactos, en la propia creaci\u00f3n.<\/em><\/p>\n\n\n\n<h3 class=\"wp-block-heading\">La Alternativa Nacional<\/h3>\n\n\n\n<p><em>Pero tambi\u00e9n se registran reuniones simult\u00e1neas para crear la\u00a0<strong>\u201cAlternativa Nacional\u201d<\/strong>\u00a0que supere la conducci\u00f3n estricta de La Doctora y confronte con la invenci\u00f3n exitosa del Monstruo Milei, que despu\u00e9s les jug\u00f3 admirablemente en contra.<\/em><\/p>\n\n\n\n<p><em>Son por lo menos cuatro los candidatos potenciales para encabezar la \u00abalternativa\u201d.\u00a0<strong>Aparte del casi indescifrable Axel aparecen dos candidatos que supieron ser eficaces gobernadores y hoy son senadores.<\/strong>\u00a0Exponentes de la \u201cficci\u00f3n federal del interior\u201d.<\/em><\/p>\n\n\n\n<p><em>Alguno incluso estar\u00eda dispuesto a vivir en la residencia de Olivos\u00a0<strong>si se estrella relativamente pronto Donald Trump con sus corbatas carmes\u00ed<\/strong>. Si se agudiza la indeseable deriva de Milei que induzca a la gestaci\u00f3n de otra equivocada Asamblea Legislativa.<\/em><\/p>\n\n\n\n<p><em>Como la del 2001 que llev\u00f3 a la presidencia a Duhalde.\u00a0<strong>Pero cuando De la R\u00faa estaba hu\u00e9rfano de vicepresidente por la huida de Chacho \u00c1lvarez<\/strong>, El Ponedor. No es, ni de lejos, el caso de hoy.<\/em><\/p>\n\n\n\n<p><em>Sergio U\u00f1ac, Empleado Bancario, de San Juan,\u00a0<strong>y Gerardo Zamora, El Ambidiestro, de Santiago del Estero (patea con las dos piernas, la radical y la peronista).<\/strong>\u00a0U\u00f1ac se encontraba en el bolillero de los presidenciables cuando era el trascendente gobernador. Hasta que la pifi\u00f3 al pretender la persistencia en el tercer mandato que jur\u00eddicamente fue trabado por la Suprema Corte.<\/em><\/p>\n\n\n\n<p><em>Zamora, en cambio, es esquivo hasta como Ambidiestro. Es el candidato potencial de todos los que lo admiran\u00a0<strong>y conocen su manejo ejemplar del poder<\/strong>. Los que insisten en tentarlo con el lanzamiento.<\/em><\/p>\n\n\n\n<p><em>Colegas del interior, probablemente La Doctora, y un conjunto de seguidores del Maxiquiosco.\u00a0<strong>Van entonces tres.<\/strong>\u00a0Sin tener en cuenta a\u00fan al elemento de reserva que \u201cest\u00e1 siempre dispuesto y espera\u201d.<\/em><\/p>\n\n\n\n<p><em>A los 53 a\u00f1os, Sergio El Profesional, sabe que le queda la \u00faltima bala en la rec\u00e1mara.\u00a0<strong>Una sola bala, nunca cuatro<\/strong>. Debe ser utilizada cuando corresponda.<\/em><\/p>\n\n\n\n<p><em>Sin contar tampoco al\u00a0<strong>fragmento pintoresco de la derecha nacionalista del movimiento popular que contempla la patolog\u00eda de otra se\u00f1ora Victoria.<\/strong>\u00a0Villarruel, La Cayetana (por \u00c1lvarez de Toledo).<\/em><\/p>\n\n\n\n<h3 class=\"wp-block-heading\">Para abril o para mayo<\/h3>\n\n\n\n<p><em>Guillermo Michel, El Implacable, de Entre R\u00edos;\u00a0<strong>Juan Manuel Olmos, Puiggari, del Maxiquiosco; y la se\u00f1ora Victoria Tolosa Paz, La Aplanadora<\/strong>, de la Provincia del Pecado. Exponentes que armaron la trenza con destino colectivo, lo suficientemente interconectada.<\/em><\/p>\n\n\n\n<p><em>Michel combina la experimentada sabidur\u00eda reconocida\u00a0<strong>desde que era baluarte de Ricardo Etchegaray en la AFIP (hoy ARCA).<\/strong>\u00a0Es cuando comenzaron precisamente a denominarlo \u201cImplacable\u201d. Contiene Michel la ambici\u00f3n rescatable, acaso ilimitada.<\/em><\/p>\n\n\n\n<p><em>El Implacable dista de conformarse con la obviedad de la gobernaci\u00f3n.\u00a0<strong>Por su refugio de Callao anda siempre cerca Miguel \u00c1ngel Picchetto, El Lepenito.\u00a0<\/strong>Y anda aparte m\u00e1s cerca de Sergio. Instrumento habilitado de su armada.<\/em><\/p>\n\n\n\n<p><em>El doctor Olmos aporta la reconocida destreza para la operaci\u00f3n pol\u00edtica.\u00a0<strong>Gracias a la Organizaci\u00f3n Puiggari es el ex Gordo Olmos, baj\u00f3 no menos de 30 kilos.\u00a0<\/strong>Ya casi parece un maduro modelo publicitario.<\/em><\/p>\n\n\n\n<p><em>Puiggari es uno de los dos propietarios del \u201cperonismo del Maxiquiosco\u201d. Nadie saborea un chocolat\u00edn que Olmos desconozca.\u00a0<strong>Mantiene una amistad c\u00f3mplice con Daniel Angelici, El Radical L\u00fadico, y con Horacio Rodr\u00edguez Larreta, Geniol. Con El Profesional<\/strong>. Pero tambi\u00e9n con La Doctora que result\u00f3 fundamental para clavarlo en la Auditor\u00eda.<\/em><\/p>\n\n\n\n<p><em>Por \u00faltimo, Tolosa Paz, La Aplanadora.\u00a0<strong>La esot\u00e9rica que porta una extraordinaria capacidad para el armado, por su ostensible influencia entre las segundas y terceras l\u00edneas<\/strong>. Sabe vestir, es agradable, maneja con soltura el sujeto y el predicado. Es la mujer fuerte del matrimonio con Jos\u00e9 \u201cPepe\u201d Albistur, Pochoclo, trascendente peronista cultural.<\/em><\/p>\n\n\n\n<p><em>Los elitistas de la informaci\u00f3n aseguran que se planifica un encuentro de las diversas trenzas.\u00a0<strong>\u201cPara abril o para mayo\u201d, como en la canci\u00f3n Cerezas<\/strong>. En alguna acogedora ciudad de Entre R\u00edos que perfectamente puede ser Concepci\u00f3n del Uruguay, geogr\u00e1ficamente destinada a equipararse, acaso, a la Gualeguaych\u00fa de Juntos por el Cambio.<\/em><\/p>\n\n\n\n<p><\/p>\n","protected":false},"excerpt":{"rendered":"<p>El escritor y analista pol\u00edtico Jorge As\u00eds, habitual columnista y predictor de los avatares de la pol\u00edtica argentina, asegura que el mito del\u00a0Solitario Fen\u00f3meno Milei\u00a0se sustenta en el exceso conceptual que alude a la\u00a0\u201cfalta de oposici\u00f3n\u201d. Eso es un disparate que tiende a deslizarse por la descalificaci\u00f3n habitual del movimiento popular que gest\u00f3 patolog\u00edas pol\u00e9micas &hellip;<\/p>\n","protected":false},"author":2,"featured_media":13560,"comment_status":"open","ping_status":"open","sticky":false,"template":"","format":"standard","meta":{"advanced_seo_description":"","jetpack_seo_html_title":"","jetpack_seo_noindex":false,"_jetpack_memberships_contains_paid_content":false,"footnotes":"","jetpack_publicize_message":"","jetpack_publicize_feature_enabled":true,"jetpack_social_post_already_shared":false,"jetpack_social_options":{"image_generator_settings":{"template":"highway","default_image_id":0,"font":"","enabled":false},"version":2}},"categories":[24,22],"tags":[],"class_list":["post-13559","post","type-post","status-publish","format-standard","has-post-thumbnail","hentry","category-analisis","category-politica"],"jetpack_publicize_connections":[],"jetpack_featured_media_url":"https:\/\/i0.wp.com\/calleangosta.com\/ca\/wp-content\/uploads\/2026\/03\/dia-361-del-pacto-sindical-militar-al-pacto-milei-cristina-1924944.jpg?fit=720%2C405&ssl=1","jetpack_sharing_enabled":true,"_links":{"self":[{"href":"https:\/\/calleangosta.com\/ca\/wp-json\/wp\/v2\/posts\/13559","targetHints":{"allow":["GET"]}}],"collection":[{"href":"https:\/\/calleangosta.com\/ca\/wp-json\/wp\/v2\/posts"}],"about":[{"href":"https:\/\/calleangosta.com\/ca\/wp-json\/wp\/v2\/types\/post"}],"author":[{"embeddable":true,"href":"https:\/\/calleangosta.com\/ca\/wp-json\/wp\/v2\/users\/2"}],"replies":[{"embeddable":true,"href":"https:\/\/calleangosta.com\/ca\/wp-json\/wp\/v2\/comments?post=13559"}],"version-history":[{"count":1,"href":"https:\/\/calleangosta.com\/ca\/wp-json\/wp\/v2\/posts\/13559\/revisions"}],"predecessor-version":[{"id":13561,"href":"https:\/\/calleangosta.com\/ca\/wp-json\/wp\/v2\/posts\/13559\/revisions\/13561"}],"wp:featuredmedia":[{"embeddable":true,"href":"https:\/\/calleangosta.com\/ca\/wp-json\/wp\/v2\/media\/13560"}],"wp:attachment":[{"href":"https:\/\/calleangosta.com\/ca\/wp-json\/wp\/v2\/media?parent=13559"}],"wp:term":[{"taxonomy":"category","embeddable":true,"href":"https:\/\/calleangosta.com\/ca\/wp-json\/wp\/v2\/categories?post=13559"},{"taxonomy":"post_tag","embeddable":true,"href":"https:\/\/calleangosta.com\/ca\/wp-json\/wp\/v2\/tags?post=13559"}],"curies":[{"name":"wp","href":"https:\/\/api.w.org\/{rel}","templated":true}]}}