{"id":13568,"date":"2026-03-16T20:05:08","date_gmt":"2026-03-16T23:05:08","guid":{"rendered":"https:\/\/calleangosta.com\/ca\/?p=13568"},"modified":"2026-03-16T20:06:14","modified_gmt":"2026-03-16T23:06:14","slug":"jorge-omar-cazorla-una-medalla-revelo-que-estuvo-detenido-en-la-perla","status":"publish","type":"post","link":"https:\/\/calleangosta.com\/ca\/jorge-omar-cazorla-una-medalla-revelo-que-estuvo-detenido-en-la-perla\/","title":{"rendered":"Jorge Omar Cazorla: Una medalla revel\u00f3 que estuvo detenido en \u201cLa Perla\u201d"},"content":{"rendered":"\n<p>El hallazgo de una medalla permiti\u00f3 reconstruir parte de la historia del villamercedino <strong>Jorge Omar Cazorla<\/strong>, v\u00edctima del terrorismo de Estado durante la \u00faltima dictadura militar. El objeto, encontrado d\u00e9cadas despu\u00e9s, aport\u00f3 un dato clave para confirmar que Cazorla estuvo detenido en el centro clandestino de detenci\u00f3n <strong>\u201cLa Perla\u201d<\/strong>, en la provincia de C\u00f3rdoba, uno de los principales lugares de reclusi\u00f3n ilegal utilizados por el aparato represivo entre 1976 y 1978. La misma pertenec\u00eda a Graciela Geuna, su mujer, <\/p>\n\n\n\n<p>La investigaci\u00f3n sobre su paso por ese lugar se vincula con los registros y testimonios que con el tiempo permitieron reconstruir la red de centros clandestinos que funcionaron durante la dictadura. <strong>La Perla<\/strong>, ubicada en las afueras de la ciudad de C\u00f3rdoba, fue el mayor campo de detenci\u00f3n del interior del pa\u00eds y por all\u00ed pasaron miles de personas que fueron secuestradas, torturadas o desaparecidas por el sistema represivo del Estado.<\/p>\n\n\n\n<p>Seg\u00fan se pudo establecer, la medalla hallada funcion\u00f3 como una pieza clave para confirmar la presencia de Cazorla en ese centro clandestino, aportando un elemento material que ayuda a reconstruir su historia y el recorrido que tuvo tras su secuestro. Estos objetos y documentos suelen convertirse en pruebas fundamentales para los procesos judiciales y para la reconstrucci\u00f3n de la memoria hist\u00f3rica sobre lo ocurrido durante esos a\u00f1os.<\/p>\n\n\n\n<p>El caso vuelve a poner en evidencia c\u00f3mo, incluso d\u00e9cadas despu\u00e9s, siguen apareciendo elementos que ayudan a completar la verdad sobre lo sucedido con muchas v\u00edctimas de la represi\u00f3n ilegal. Cada documento, testimonio o hallazgo permite avanzar en la reconstrucci\u00f3n de los hechos y mantener vigente el trabajo de memoria, verdad y justicia sobre uno de los per\u00edodos m\u00e1s oscuros de la historia argentina.<\/p>\n","protected":false},"excerpt":{"rendered":"<p>El hallazgo de una medalla permiti\u00f3 reconstruir parte de la historia del villamercedino Jorge Omar Cazorla, v\u00edctima del terrorismo de Estado durante la \u00faltima dictadura militar. El objeto, encontrado d\u00e9cadas despu\u00e9s, aport\u00f3 un dato clave para confirmar que Cazorla estuvo detenido en el centro clandestino de detenci\u00f3n \u201cLa Perla\u201d, en la provincia de C\u00f3rdoba, uno &hellip;<\/p>\n","protected":false},"author":2,"featured_media":13569,"comment_status":"open","ping_status":"open","sticky":false,"template":"","format":"standard","meta":{"advanced_seo_description":"","jetpack_seo_html_title":"","jetpack_seo_noindex":false,"_jetpack_memberships_contains_paid_content":false,"footnotes":"","jetpack_publicize_message":"","jetpack_publicize_feature_enabled":true,"jetpack_social_post_already_shared":false,"jetpack_social_options":{"image_generator_settings":{"template":"highway","default_image_id":0,"font":"","enabled":false},"version":2}},"categories":[33],"tags":[],"class_list":["post-13568","post","type-post","status-publish","format-standard","has-post-thumbnail","hentry","category-villa-mercedes-actualidad"],"jetpack_publicize_connections":[],"jetpack_featured_media_url":"https:\/\/i0.wp.com\/calleangosta.com\/ca\/wp-content\/uploads\/2026\/03\/Diseno-sin-titulo-7-1024x768-1.jpg?fit=1024%2C768&ssl=1","jetpack_sharing_enabled":true,"_links":{"self":[{"href":"https:\/\/calleangosta.com\/ca\/wp-json\/wp\/v2\/posts\/13568","targetHints":{"allow":["GET"]}}],"collection":[{"href":"https:\/\/calleangosta.com\/ca\/wp-json\/wp\/v2\/posts"}],"about":[{"href":"https:\/\/calleangosta.com\/ca\/wp-json\/wp\/v2\/types\/post"}],"author":[{"embeddable":true,"href":"https:\/\/calleangosta.com\/ca\/wp-json\/wp\/v2\/users\/2"}],"replies":[{"embeddable":true,"href":"https:\/\/calleangosta.com\/ca\/wp-json\/wp\/v2\/comments?post=13568"}],"version-history":[{"count":2,"href":"https:\/\/calleangosta.com\/ca\/wp-json\/wp\/v2\/posts\/13568\/revisions"}],"predecessor-version":[{"id":13572,"href":"https:\/\/calleangosta.com\/ca\/wp-json\/wp\/v2\/posts\/13568\/revisions\/13572"}],"wp:featuredmedia":[{"embeddable":true,"href":"https:\/\/calleangosta.com\/ca\/wp-json\/wp\/v2\/media\/13569"}],"wp:attachment":[{"href":"https:\/\/calleangosta.com\/ca\/wp-json\/wp\/v2\/media?parent=13568"}],"wp:term":[{"taxonomy":"category","embeddable":true,"href":"https:\/\/calleangosta.com\/ca\/wp-json\/wp\/v2\/categories?post=13568"},{"taxonomy":"post_tag","embeddable":true,"href":"https:\/\/calleangosta.com\/ca\/wp-json\/wp\/v2\/tags?post=13568"}],"curies":[{"name":"wp","href":"https:\/\/api.w.org\/{rel}","templated":true}]}}