{"id":14265,"date":"2026-04-23T18:35:24","date_gmt":"2026-04-23T21:35:24","guid":{"rendered":"https:\/\/calleangosta.com\/ca\/?p=14265"},"modified":"2026-04-26T19:45:41","modified_gmt":"2026-04-26T22:45:41","slug":"la-unsl-implementa-protocolos-de-seguridad-ante-la-aparicion-de-grafitis-amenazantes-en-un-aula","status":"publish","type":"post","link":"https:\/\/calleangosta.com\/ca\/la-unsl-implementa-protocolos-de-seguridad-ante-la-aparicion-de-grafitis-amenazantes-en-un-aula\/","title":{"rendered":"La UNSL implementa protocolos de seguridad ante la aparici\u00f3n de grafitis amenazantes en un aula"},"content":{"rendered":"\n<p>La Universidad Nacional de San Luis, con sede en Villa Mercedes, emiti\u00f3 un <strong>comunicado oficial tras la detecci\u00f3n de inscripciones (grafitis) en un aula que hacen referencia a una posible situaci\u00f3n de violencia con fecha expl\u00edcita<\/strong>.<\/p>\n\n\n\n<p>Seg\u00fan el comunicado, <strong>los mensajes fueron encontrados en un espacio \u00e1ulico de la universidad<\/strong> y, ante antecedentes similares en otras instituciones educativas, se activaron <strong>de manera inmediata medidas preventivas<\/strong> en conjunto entre el Rectorado y la Facultad de Ciencias F\u00edsico Matem\u00e1ticas y Naturales.<\/p>\n\n\n\n<p>Asimismo, la instituci\u00f3n confirm\u00f3 que <strong>se realiz\u00f3 la denuncia ante las autoridades competentes<\/strong>, con el objetivo de que se lleven a cabo las actuaciones necesarias para <strong>esclarecer los hechos<\/strong>.<\/p>\n\n\n\n<p>La universidad subray\u00f3 que se busca <strong>brindar tranquilidad a la comunidad educativa<\/strong>, asegurando que se est\u00e1n implementando acciones para <strong>garantizar el normal desarrollo de las actividades acad\u00e9micas y la seguridad de estudiantes, docentes y personal no docente<\/strong>.<\/p>\n\n\n\n<p>Finalmente, la instituci\u00f3n reafirm\u00f3 su compromiso con <strong>el respeto, la convivencia y el bienestar de toda la comunidad universitaria<\/strong>, e indic\u00f3 que en los pr\u00f3ximos d\u00edas <strong>continuar\u00e1n las instancias de abordaje institucional en coordinaci\u00f3n con las \u00e1reas competentes<\/strong>.<\/p>\n\n\n\n<p><em>Fuente original: <a href=\"https:\/\/sanluis24.com.ar\/la-unsl-activo-protocolos-tras-el-hallazgo-de-grafitis-con-amenazas-en-un-aula\/\">Clic aqu\u00ed<\/a><\/em><\/p>\n","protected":false},"excerpt":{"rendered":"<p>La Universidad Nacional de San Luis, con sede en Villa Mercedes, emiti\u00f3 un comunicado oficial tras la detecci\u00f3n de inscripciones (grafitis) en un aula que hacen referencia a una posible situaci\u00f3n de violencia con fecha expl\u00edcita. Seg\u00fan el comunicado, los mensajes fueron encontrados en un espacio \u00e1ulico de la universidad y, ante antecedentes similares en &hellip;<\/p>\n","protected":false},"author":2,"featured_media":14266,"comment_status":"open","ping_status":"closed","sticky":false,"template":"","format":"standard","meta":{"advanced_seo_description":"","jetpack_seo_html_title":"","jetpack_seo_noindex":false,"_jetpack_memberships_contains_paid_content":false,"footnotes":"","jetpack_publicize_message":"","jetpack_publicize_feature_enabled":true,"jetpack_social_post_already_shared":true,"jetpack_social_options":{"image_generator_settings":{"template":"highway","default_image_id":0,"font":"","enabled":false},"version":2}},"categories":[29,32,17],"tags":[],"class_list":["post-14265","post","type-post","status-publish","format-standard","has-post-thumbnail","hentry","category-actualidad","category-san-luis","category-sociedad"],"jetpack_publicize_connections":[],"jetpack_featured_media_url":"https:\/\/i0.wp.com\/calleangosta.com\/ca\/wp-content\/uploads\/2026\/04\/la-unsl-implementa-protocolos-de-seguridad-ante-la-aparicion-de-grafitis-amenazantes-en-un-aula.png?fit=576%2C1024&ssl=1","jetpack_sharing_enabled":true,"_links":{"self":[{"href":"https:\/\/calleangosta.com\/ca\/wp-json\/wp\/v2\/posts\/14265","targetHints":{"allow":["GET"]}}],"collection":[{"href":"https:\/\/calleangosta.com\/ca\/wp-json\/wp\/v2\/posts"}],"about":[{"href":"https:\/\/calleangosta.com\/ca\/wp-json\/wp\/v2\/types\/post"}],"author":[{"embeddable":true,"href":"https:\/\/calleangosta.com\/ca\/wp-json\/wp\/v2\/users\/2"}],"replies":[{"embeddable":true,"href":"https:\/\/calleangosta.com\/ca\/wp-json\/wp\/v2\/comments?post=14265"}],"version-history":[{"count":1,"href":"https:\/\/calleangosta.com\/ca\/wp-json\/wp\/v2\/posts\/14265\/revisions"}],"predecessor-version":[{"id":14299,"href":"https:\/\/calleangosta.com\/ca\/wp-json\/wp\/v2\/posts\/14265\/revisions\/14299"}],"wp:featuredmedia":[{"embeddable":true,"href":"https:\/\/calleangosta.com\/ca\/wp-json\/wp\/v2\/media\/14266"}],"wp:attachment":[{"href":"https:\/\/calleangosta.com\/ca\/wp-json\/wp\/v2\/media?parent=14265"}],"wp:term":[{"taxonomy":"category","embeddable":true,"href":"https:\/\/calleangosta.com\/ca\/wp-json\/wp\/v2\/categories?post=14265"},{"taxonomy":"post_tag","embeddable":true,"href":"https:\/\/calleangosta.com\/ca\/wp-json\/wp\/v2\/tags?post=14265"}],"curies":[{"name":"wp","href":"https:\/\/api.w.org\/{rel}","templated":true}]}}