{"id":14278,"date":"2026-04-26T12:45:37","date_gmt":"2026-04-26T15:45:37","guid":{"rendered":"https:\/\/calleangosta.com\/ca\/?p=14278"},"modified":"2026-04-26T19:40:29","modified_gmt":"2026-04-26T22:40:29","slug":"el-sindicato-de-farmaceuticos-prepara-una-denuncia-contra-el-gobierno-por-la-autorizacion-de-la-venta-en-linea-de-medicamentos-con-receta","status":"publish","type":"post","link":"https:\/\/calleangosta.com\/ca\/el-sindicato-de-farmaceuticos-prepara-una-denuncia-contra-el-gobierno-por-la-autorizacion-de-la-venta-en-linea-de-medicamentos-con-receta\/","title":{"rendered":"El sindicato de farmac\u00e9uticos prepara una denuncia contra el Gobierno por la autorizaci\u00f3n de la venta en l\u00ednea de medicamentos con receta"},"content":{"rendered":"\n<p>El Secretario General del Sindicato Argentino de Farmac\u00e9uticos y Bioqu\u00edmicos (SAFYB), <strong>Marcelo Peretta<\/strong>, manifest\u00f3 su en\u00e9rgico rechazo a la reciente autorizaci\u00f3n del gobierno para la venta online de medicamentos en plataformas como <strong>Mercado Libre<\/strong>. En esta ocasi\u00f3n, se\u00f1al\u00f3 a los funcionarios <strong>Federico Sturzenegger<\/strong>, Ministro de Desregulaci\u00f3n, y <strong>Mario Lugones<\/strong>, Ministro de Salud, como responsables de las potenciales consecuencias de esta medida, la cual fomenta un uso irresponsable de medicamentos. Asimismo, Peretta advirti\u00f3 sobre la posibilidad de iniciar acciones legales contra el gobierno.<\/p>\n\n\n\n<p>Peretta consider\u00f3 que la decisi\u00f3n del gobierno \u201c<strong>promueve la automedicaci\u00f3n, el uso irracional, el abuso y la adicci\u00f3n<\/strong>\u201d. En un contexto alarmante, donde se reportan casos de abuso de sustancias como el fentanilo, el dirigente expres\u00f3 su preocupaci\u00f3n, se\u00f1alando que \u201cen la cr\u00edtica situaci\u00f3n del fentanilo contaminado y el abuso de anest\u00e9sicos como el propofol, esta medida solo agravar\u00e1 el problema\u201d.<\/p>\n\n\n\n<p>El sindicalista destac\u00f3 que \u201c<strong>las guardias hospitalarias est\u00e1n plagadas de ingresos por abuso de paracetamol, aspirina y anti\u00e1cidos<\/strong>, exacerbados por la constante publicidad\u201d. Esta promoci\u00f3n de la venta online de medicamentos, seg\u00fan Peretta, perjudica a\u00fan m\u00e1s la salud p\u00fablica en Villa Mercedes y otras localidades del pa\u00eds.<\/p>\n\n\n\n<p>En relaci\u00f3n a la legislaci\u00f3n vigente, Peretta record\u00f3 que la Ley 17.565 y el Decreto 63\/2024 proh\u00edben la venta de medicamentos bajo receta en plataformas online y estipulan que \u201c<strong>la dispensa de medicamentos con receta solo puede realizarla un farmac\u00e9utico matriculado en una farmacia habilitada<\/strong>.\u201d<\/p>\n\n\n\n<p>Adem\u00e1s, Peretta critic\u00f3 a ciertos periodistas que, como <strong>Eduardo Feinmann<\/strong>, han sido vinculados a laboratorios que promueven la automedicaci\u00f3n y la venta indiscriminada de medicamentos. En su discurso, inst\u00f3 a los programas de televisi\u00f3n a dejar de trivializar el uso de f\u00e1rmacos y subray\u00f3 la falta de acci\u00f3n del Ministerio de Salud en este asunto.<\/p>\n\n\n\n<p>Finalmente, concluy\u00f3 afirmando que \u201c<strong>en el SAFYB nos preocupa que, en lugar de regular el consumo de medicamentos, el Ministerio de Salud promueva el caos y nuevas enfermedades por abuso de f\u00e1rmacos, generando una carga que eventualmente recaer\u00e1 sobre el Estado y los contribuyentes<\/strong>.\u201d En respuesta a esta situaci\u00f3n, el gremio de farmac\u00e9uticos y bioqu\u00edmicos ha formalizado una presentaci\u00f3n judicial para detener esta iniciativa.<\/p>\n\n\n\n<p><em>Fuente original: <a href=\"https:\/\/www.infogremiales.com.ar\/el-gremio-de-farmaceuticos-denunciara-al-gobierno-por-habilitar-la-venta-online-de-medicamentos-recetados\/\">Clic aqu\u00ed<\/a><\/em><\/p>\n","protected":false},"excerpt":{"rendered":"<p>El Secretario General del Sindicato Argentino de Farmac\u00e9uticos y Bioqu\u00edmicos (SAFYB), Marcelo Peretta, manifest\u00f3 su en\u00e9rgico rechazo a la reciente autorizaci\u00f3n del gobierno para la venta online de medicamentos en plataformas como Mercado Libre. En esta ocasi\u00f3n, se\u00f1al\u00f3 a los funcionarios Federico Sturzenegger, Ministro de Desregulaci\u00f3n, y Mario Lugones, Ministro de Salud, como responsables de &hellip;<\/p>\n","protected":false},"author":2,"featured_media":14291,"comment_status":"open","ping_status":"closed","sticky":false,"template":"","format":"standard","meta":{"advanced_seo_description":"","jetpack_seo_html_title":"","jetpack_seo_noindex":false,"_jetpack_memberships_contains_paid_content":false,"footnotes":"","jetpack_publicize_message":"","jetpack_publicize_feature_enabled":true,"jetpack_social_post_already_shared":true,"jetpack_social_options":{"image_generator_settings":{"template":"highway","default_image_id":0,"font":"","enabled":false},"version":2}},"categories":[29,1,34],"tags":[],"class_list":["post-14278","post","type-post","status-publish","format-standard","has-post-thumbnail","hentry","category-actualidad","category-sin-categoria","category-sindicales"],"jetpack_publicize_connections":[],"jetpack_featured_media_url":"https:\/\/i0.wp.com\/calleangosta.com\/ca\/wp-content\/uploads\/2026\/04\/Catamarca-44-1024x576-1.png?fit=1024%2C576&ssl=1","jetpack_sharing_enabled":true,"_links":{"self":[{"href":"https:\/\/calleangosta.com\/ca\/wp-json\/wp\/v2\/posts\/14278","targetHints":{"allow":["GET"]}}],"collection":[{"href":"https:\/\/calleangosta.com\/ca\/wp-json\/wp\/v2\/posts"}],"about":[{"href":"https:\/\/calleangosta.com\/ca\/wp-json\/wp\/v2\/types\/post"}],"author":[{"embeddable":true,"href":"https:\/\/calleangosta.com\/ca\/wp-json\/wp\/v2\/users\/2"}],"replies":[{"embeddable":true,"href":"https:\/\/calleangosta.com\/ca\/wp-json\/wp\/v2\/comments?post=14278"}],"version-history":[{"count":1,"href":"https:\/\/calleangosta.com\/ca\/wp-json\/wp\/v2\/posts\/14278\/revisions"}],"predecessor-version":[{"id":14292,"href":"https:\/\/calleangosta.com\/ca\/wp-json\/wp\/v2\/posts\/14278\/revisions\/14292"}],"wp:featuredmedia":[{"embeddable":true,"href":"https:\/\/calleangosta.com\/ca\/wp-json\/wp\/v2\/media\/14291"}],"wp:attachment":[{"href":"https:\/\/calleangosta.com\/ca\/wp-json\/wp\/v2\/media?parent=14278"}],"wp:term":[{"taxonomy":"category","embeddable":true,"href":"https:\/\/calleangosta.com\/ca\/wp-json\/wp\/v2\/categories?post=14278"},{"taxonomy":"post_tag","embeddable":true,"href":"https:\/\/calleangosta.com\/ca\/wp-json\/wp\/v2\/tags?post=14278"}],"curies":[{"name":"wp","href":"https:\/\/api.w.org\/{rel}","templated":true}]}}