{"id":14305,"date":"2026-04-27T11:37:23","date_gmt":"2026-04-27T14:37:23","guid":{"rendered":"https:\/\/calleangosta.com\/ca\/?p=14305"},"modified":"2026-04-27T16:11:11","modified_gmt":"2026-04-27T19:11:11","slug":"el-recipiente-blanco-solidario-por-que-nos-negamos-a-que-el-hambre-sea-un-delito-en-villa-mercedes","status":"publish","type":"post","link":"https:\/\/calleangosta.com\/ca\/el-recipiente-blanco-solidario-por-que-nos-negamos-a-que-el-hambre-sea-un-delito-en-villa-mercedes\/","title":{"rendered":"El Recipiente Blanco Solidario: Por qu\u00e9 nos negamos a que el hambre sea un delito en Villa Mercedes"},"content":{"rendered":"\n<p>Este lunes 27 de abril concurrimos al Honorable Concejo Deliberante para presentar formalmente el proyecto de Ordenanza que propone crear el <strong>PROMSORA<\/strong> (Programa Municipal de Separaci\u00f3n Solidaria de Residuos Aprovechables). No lo hicimos como especialistas en programas sociales, ni pol\u00edticas en contra del hambre, sino como ciudadanos que caminan la misma ciudad que ustedes, viendo c\u00f3mo el paisaje de nuestras veredas se ha transformado en un mapa de la necesidad.<\/p>\n\n\n\n<p>A veces, para entender la pol\u00edtica, tenemos que dejar de mirar los gr\u00e1ficos de la macroeconom\u00eda y empezar a mirar las bolsas de basura. En Villa Mercedes, ver a un vecino \u2014un par, un igual\u2014 revolviendo residuos en busca de algo para llevar a la mesa ya no es una excepci\u00f3n. Es la postal dolorosa de una crisis que nos ha pasado por encima, destruyendo el poder adquisitivo y la dignidad del plato de comida diario.<\/p>\n\n\n\n<h3 class=\"wp-block-heading\"><strong>Nuestra respuesta no puede ser el patrullero<\/strong><\/h3>\n\n\n\n<p>Presentamos este proyecto porque nos negamos a aceptar l<a href=\"https:\/\/calleangosta.com\/ca\/quieren-multar-a-quienes-buscan-comida-en-la-basura-si-no-tienen-para-comer-con-que-pagarian\/\" target=\"_blank\" rel=\"noreferrer noopener\">a visi\u00f3n que algunos sectores proponen desde la comodidad de una banca: la de multar, filmar y perseguir a quien tiene hambre.<\/a> No podemos comprender la l\u00f3gica de quienes ven un \u00abproblema de seguridad\u00bb o una \u00abinfracci\u00f3n est\u00e9tica\u00bb donde hay una tragedia humana.<\/p>\n\n\n\n<p>Frente a la propuesta de criminalizar la miseria, nuestra iniciativa propone <strong>organizar la solidaridad<\/strong>. El PROMSORA es una invitaci\u00f3n al comerciante gastron\u00f3mico, al panadero y al vecino particular: les pedimos que separemos. Que utilicemos el <strong>Recipiente Blanco Solidario<\/strong> para los excedentes de comida y un contenedor diferenciado para los reciclables. Queremos que el recuperador urbano deje de ser un fantasma en la oscuridad para ser reconocido como un trabajador de la econom\u00eda popular que, adem\u00e1s, cuida nuestro medio ambiente.<\/p>\n\n\n\n<h3 class=\"wp-block-heading\"><strong>Para que no queden dudas: Lo que S\u00cd y lo que NO somos<\/strong><\/h3>\n\n\n\n<p>Sabemos que este tema genera debates intensos y por eso queremos ser claros sobre los cimientos de nuestra propuesta:<\/p>\n\n\n\n<p><strong>Lo que este proyecto NO es:<\/strong><\/p>\n\n\n\n<ul class=\"wp-block-list\">\n<li><strong>No es una soluci\u00f3n permanente ni deseable.<\/strong> Tenemos plena conciencia de que alimentos y residuos no deber\u00edan ir juntos. Ninguna ordenanza deber\u00eda tener que organizar la b\u00fasqueda de comida en la calle, pero esto es una respuesta de emergencia a una emergencia real.<\/li>\n\n\n\n<li><strong>No es resignaci\u00f3n ni conformismo.<\/strong> Es exactamente lo contrario: es nuestra respuesta local al da\u00f1o que las pol\u00edticas de ajuste y desempleo est\u00e1n causando en nuestras familias.<\/li>\n\n\n\n<li><strong>No es un proyecto punitivo.<\/strong> A diferencia de quienes proponen multar y llamar a la polic\u00eda, nosotros no criminalizamos a nadie ni convertimos la miseria ajena en una infracci\u00f3n.<\/li>\n\n\n\n<li><strong>No es la \u00fanica respuesta posible.<\/strong> Es apenas una forma de organizarnos. No agota el debate sobre la pobreza; lo abre desde la empat\u00eda.<\/li>\n\n\n\n<li><strong>No es para siempre.<\/strong> Tiene fecha de vencimiento: el d\u00eda que vuelvan los gobiernos comprometidos con el trabajo y el salario digno. Ese d\u00eda, este proyecto ser\u00e1 felizmente archivado.<\/li>\n<\/ul>\n\n\n\n<p><strong>Lo que este proyecto S\u00cd es:<\/strong><\/p>\n\n\n\n<ul class=\"wp-block-list\">\n<li><strong>Es una mirada emp\u00e1tica.<\/strong> Partimos de la base de que ver a alguien buscar comida en la basura debe generarnos verg\u00fcenza colectiva y voluntad de ayudar, no indignaci\u00f3n contra el necesitado.<\/li>\n\n\n\n<li><strong>Es la respuesta antag\u00f3nica al castigo.<\/strong> Donde otros eligen la c\u00e1mara y la multa, nosotros elegimos el <strong>Recipiente Blanco Solidario<\/strong> y el reconocimiento del otro.<\/li>\n\n\n\n<li><strong>Es un reconocimiento institucional.<\/strong> Los recuperadores no son un problema urbano; son trabajadores que cumplen una funci\u00f3n ambiental. Queremos registrarlos, equiparlos y dignificarlos.<\/li>\n\n\n\n<li><strong>Es temporal y consciente.<\/strong> Su mayor virtud pol\u00edtica es admitir su propia excepcionalidad: estamos legislando para una emergencia.<\/li>\n\n\n\n<li><strong>Es una invitaci\u00f3n a la comunidad.<\/strong> Le proponemos al gastron\u00f3mico y al vecino ser parte de algo m\u00e1s grande. El gesto de separar una vianda puede ser, literalmente, la diferencia entre que un mercedino cene o no cene esta noche.<\/li>\n<\/ul>\n\n\n\n<h3 class=\"wp-block-heading\"><strong>Una invitaci\u00f3n a no cerrar los ojos<\/strong><\/h3>\n\n\n\n<p>El PROMSORA tiene una misi\u00f3n \u00e9tica. El d\u00eda que en nuestra ciudad ning\u00fan pibe y ning\u00fan abuelo tengan que salir a ver qu\u00e9 qued\u00f3 en la puerta de un restaurante, ese d\u00eda habremos triunfado como sociedad.<\/p>\n\n\n\n<p>Pero mientras ese momento llega, tenemos una opci\u00f3n clara: o nos convertimos en una comunidad de denunciantes y vigilantes de la pobreza, o nos organizamos para cuidarnos entre nosotros. Conf\u00edo en que el Concejo Deliberante sabr\u00e1 entender que el hambre no espera los tiempos de la burocracia. No es una cuesti\u00f3n de ideolog\u00edas, es una cuesti\u00f3n de humanidad.<\/p>\n\n\n\n<p><strong>Separar lo que sirve es el primer paso para no descartar a las personas.<\/strong><\/p>\n\n\n<iframe loading=\"lazy\" class=\"embed-pdf-viewer\" src=\"https:\/\/calleangosta.com\/ca\/wp-content\/uploads\/2026\/04\/ordenanza_solidaria-con-no-y-si-1.pdf\" height=\"835\" width=\"835\" title=\"Array\"><\/iframe>","protected":false},"excerpt":{"rendered":"<p>Este lunes 27 de abril concurrimos al Honorable Concejo Deliberante para presentar formalmente el proyecto de Ordenanza que propone crear el PROMSORA (Programa Municipal de Separaci\u00f3n Solidaria de Residuos Aprovechables). No lo hicimos como especialistas en programas sociales, ni pol\u00edticas en contra del hambre, sino como ciudadanos que caminan la misma ciudad que ustedes, viendo &hellip;<\/p>\n","protected":false},"author":2,"featured_media":14307,"comment_status":"open","ping_status":"open","sticky":false,"template":"","format":"standard","meta":{"advanced_seo_description":"","jetpack_seo_html_title":"","jetpack_seo_noindex":false,"_jetpack_memberships_contains_paid_content":false,"footnotes":"","jetpack_publicize_message":"","jetpack_publicize_feature_enabled":true,"jetpack_social_post_already_shared":true,"jetpack_social_options":{"image_generator_settings":{"template":"highway","default_image_id":0,"font":"","enabled":false},"version":2}},"categories":[25,17,33],"tags":[],"class_list":["post-14305","post","type-post","status-publish","format-standard","has-post-thumbnail","hentry","category-ideas-que-valen-la-pena","category-sociedad","category-villa-mercedes-actualidad"],"jetpack_publicize_connections":[],"jetpack_featured_media_url":"https:\/\/i0.wp.com\/calleangosta.com\/ca\/wp-content\/uploads\/2026\/04\/WhatsApp-Image-2026-04-27-at-11.33.45-e1777300510944.jpeg?fit=898%2C586&ssl=1","jetpack_sharing_enabled":true,"_links":{"self":[{"href":"https:\/\/calleangosta.com\/ca\/wp-json\/wp\/v2\/posts\/14305","targetHints":{"allow":["GET"]}}],"collection":[{"href":"https:\/\/calleangosta.com\/ca\/wp-json\/wp\/v2\/posts"}],"about":[{"href":"https:\/\/calleangosta.com\/ca\/wp-json\/wp\/v2\/types\/post"}],"author":[{"embeddable":true,"href":"https:\/\/calleangosta.com\/ca\/wp-json\/wp\/v2\/users\/2"}],"replies":[{"embeddable":true,"href":"https:\/\/calleangosta.com\/ca\/wp-json\/wp\/v2\/comments?post=14305"}],"version-history":[{"count":5,"href":"https:\/\/calleangosta.com\/ca\/wp-json\/wp\/v2\/posts\/14305\/revisions"}],"predecessor-version":[{"id":14316,"href":"https:\/\/calleangosta.com\/ca\/wp-json\/wp\/v2\/posts\/14305\/revisions\/14316"}],"wp:featuredmedia":[{"embeddable":true,"href":"https:\/\/calleangosta.com\/ca\/wp-json\/wp\/v2\/media\/14307"}],"wp:attachment":[{"href":"https:\/\/calleangosta.com\/ca\/wp-json\/wp\/v2\/media?parent=14305"}],"wp:term":[{"taxonomy":"category","embeddable":true,"href":"https:\/\/calleangosta.com\/ca\/wp-json\/wp\/v2\/categories?post=14305"},{"taxonomy":"post_tag","embeddable":true,"href":"https:\/\/calleangosta.com\/ca\/wp-json\/wp\/v2\/tags?post=14305"}],"curies":[{"name":"wp","href":"https:\/\/api.w.org\/{rel}","templated":true}]}}