{"id":14310,"date":"2026-04-27T12:55:31","date_gmt":"2026-04-27T15:55:31","guid":{"rendered":"https:\/\/calleangosta.com\/ca\/?p=14310"},"modified":"2026-04-28T18:51:34","modified_gmt":"2026-04-28T21:51:34","slug":"la-cgt-impugna-a-los-jueces-que-avalaron-la-reforma-laboral-denuncia-un-premio-del-gobierno-y-solicita-la-nulidad-de-la-resolucion","status":"publish","type":"post","link":"https:\/\/calleangosta.com\/ca\/la-cgt-impugna-a-los-jueces-que-avalaron-la-reforma-laboral-denuncia-un-premio-del-gobierno-y-solicita-la-nulidad-de-la-resolucion\/","title":{"rendered":"La CGT impugna a los jueces que avalaron la Reforma Laboral, denuncia un \u00abpremio\u00bb del Gobierno y solicita la nulidad de la resoluci\u00f3n."},"content":{"rendered":"\n<p>La Confederaci\u00f3n General del Trabajo (CGT) ha presentado un escrito ante la C\u00e1mara Nacional de Apelaciones del Trabajo solicitando la recusaci\u00f3n de dos integrantes de la Sala VIII, quienes tomaron una decisi\u00f3n crucial que invalid\u00f3 una medida cautelar de la central sindical, que hab\u00edan puesto en vigencia para frenar la Reforma Laboral impulsada por el Gobierno. En este contexto, el escrito acusa un presunto \u201cintercambio de favores\u201d entre el Poder Ejecutivo y los magistrados.<\/p>\n\n\n\n<p>El conflicto se origin\u00f3 el pasado jueves, cuando la Sala VIII resolvi\u00f3 modificar una decisi\u00f3n del juez <strong>Ra\u00fal Ojeda<\/strong>, aprobando un efecto suspensivo al recurso de apelaci\u00f3n del Estado Nacional, lo que permiti\u00f3 que la Reforma Laboral comenzara a aplicarse nuevamente. La CGT argumenta que los jueces <strong>V\u00edctor Arturo Pesino<\/strong> y <strong>Mar\u00eda Dora Gonz\u00e1lez<\/strong> actuaron sin competencia y con una \u201cmanifiesta parcialidad\u201d en su fallo.<\/p>\n\n\n\n<p>Un punto cr\u00edtico del escrito se centra en el juez V\u00edctor Arturo Pesino, a quien la CGT acusa de estar en una situaci\u00f3n de \u201cinter\u00e9s\u201d bajo el art\u00edculo 17, inciso 8 del C\u00f3digo Procesal Civil y Comercial de la Naci\u00f3n, tras haber recibido \u201cun beneficio de importancia por el Estado Nacional\u201d. Se menciona que un magistrado se hab\u00eda excusado de una causa por tener \u201cun sentimiento de profunda gratitud hacia una de las partes\u201d.<\/p>\n\n\n\n<p><strong>Una publicaci\u00f3n del Bolet\u00edn Oficial<\/strong> del 24 de abril, apenas un d\u00eda despu\u00e9s de la resoluci\u00f3n, revel\u00f3 que el Ministerio de Justicia hab\u00eda aceptado la solicitud de Pesino para continuar en su cargo m\u00e1s all\u00e1 de los 75 a\u00f1os, lo que genera inquietudes sobre la imparcialidad judicial. La presentaci\u00f3n de la CGT sostiene que esta situaci\u00f3n deteriora la imagen de la justicia laboral en el pa\u00eds.<\/p>\n\n\n\n<p>Medios locales han cubierto esta situaci\u00f3n, y en el escrito se citan notas de prestigiosos diarios, que destacan la rapidez con la que el Gobierno impuls\u00f3 el tr\u00e1mite de Pesino tras su votaci\u00f3n favorable, reforzando as\u00ed las sospechas de v\u00ednculos indebidos. La diputada <strong>Myriam Bregman<\/strong> (FIT) fue mencionada por se\u00f1alar en redes sociales la existencia de una <strong>\u201csospecha de corrupci\u00f3n descarada\u201d<\/strong>.<\/p>\n\n\n\n<p>Adem\u00e1s de la recusaci\u00f3n contra Pesino, la CGT tambi\u00e9n solicita la separaci\u00f3n de la vocal Mar\u00eda Dora Gonz\u00e1lez y del propio Pesino por prejuzgamiento, se\u00f1alando que los magistrados determinaron err\u00f3neamente que no se encontraban en riesgo sectores socialmente vulnerables, contradiciendo su propio criterio en casos previos.<\/p>\n\n\n\n<p>El escrito culmina con una reflexi\u00f3n sobre la desaz\u00f3n que provoca que \u201cjueces con especial versaci\u00f3n laboral\u201d consideren que quienes trabajan en relaci\u00f3n de dependencia no son socialmente vulnerables. La CGT recalca que los derechos laborales son de \u201cnaturaleza alimentaria\u201d y que debi\u00f3 considerarse la excepci\u00f3n prevista en la ley de medidas cautelares contra el Estado.<\/p>\n\n\n\n<p>Otro aspecto relevante del planteo es la <strong>nulidad absoluta de la resoluci\u00f3n por falta de jurisdicci\u00f3n<\/strong>, ya que argumenta que, seg\u00fan el principio de prevenci\u00f3n, la causa deb\u00eda ser resuelta por la Sala I, no por la Sala VIII. La CGT sostiene que la Sala VIII actu\u00f3 con \u201cpremura\u201d y sin darle traslado de la queja al Estado Nacional, lo que vulner\u00f3 el derecho de defensa.<\/p>\n\n\n\n<p>El gremio solicita ahora que las actuaciones sean enviadas a la Sala I para que resuelva la nulidad, y como medida alterna, interpone un recurso de <strong>reposici\u00f3n<\/strong> para dejar sin efecto el fallo. La CGT advierte que la implementaci\u00f3n de la ley 27.802 (de Reforma Laboral) podr\u00eda causar un da\u00f1o irreversible al cercenar derechos protegidos constitucionalmente, tales como la irrenunciabilidad de derechos, montos indemnizatorios y el derecho de huelga.<\/p>\n\n\n\n<p>Finalmente, la CGT enfatiza su intenci\u00f3n de llevar este asunto a la <strong>Corte Suprema de Justicia de la Naci\u00f3n<\/strong> y ha decidido recurrir a la <strong>Organizaci\u00f3n Internacional del Trabajo (OIT)<\/strong> y a la <strong>Comisi\u00f3n Interamericana de Derechos Humanos (CIDH)<\/strong> para continuar su lucha en defensa de los derechos laborales.<\/p>\n\n\n\n<p><em>Fuente original: <a href=\"https:\/\/www.infogremiales.com.ar\/la-cgt-recuso-a-los-jueces-que-habilitaron-la-reforma-laboral-y-denuncio-un-premio-del-gobierno\/\">Clic aqu\u00ed<\/a><\/em><\/p>\n","protected":false},"excerpt":{"rendered":"<p>La Confederaci\u00f3n General del Trabajo (CGT) ha presentado un escrito ante la C\u00e1mara Nacional de Apelaciones del Trabajo solicitando la recusaci\u00f3n de dos integrantes de la Sala VIII, quienes tomaron una decisi\u00f3n crucial que invalid\u00f3 una medida cautelar de la central sindical, que hab\u00edan puesto en vigencia para frenar la Reforma Laboral impulsada por el &hellip;<\/p>\n","protected":false},"author":2,"featured_media":14311,"comment_status":"open","ping_status":"closed","sticky":false,"template":"","format":"standard","meta":{"advanced_seo_description":"","jetpack_seo_html_title":"","jetpack_seo_noindex":false,"_jetpack_memberships_contains_paid_content":false,"footnotes":"","jetpack_publicize_message":"","jetpack_publicize_feature_enabled":true,"jetpack_social_post_already_shared":true,"jetpack_social_options":{"image_generator_settings":{"template":"highway","default_image_id":0,"font":"","enabled":false},"version":2}},"categories":[29,1,34],"tags":[],"class_list":["post-14310","post","type-post","status-publish","format-standard","has-post-thumbnail","hentry","category-actualidad","category-sin-categoria","category-sindicales"],"jetpack_publicize_connections":[],"jetpack_featured_media_url":"https:\/\/i0.wp.com\/calleangosta.com\/ca\/wp-content\/uploads\/2026\/04\/la-cgt-impugna-a-los-jueces-que-avalaron-la-reforma-laboral-denuncia-un-premio-del-gobierno-y-solicita-la-nulidad-de-la-resolucion.png?fit=1000%2C609&ssl=1","jetpack_sharing_enabled":true,"_links":{"self":[{"href":"https:\/\/calleangosta.com\/ca\/wp-json\/wp\/v2\/posts\/14310","targetHints":{"allow":["GET"]}}],"collection":[{"href":"https:\/\/calleangosta.com\/ca\/wp-json\/wp\/v2\/posts"}],"about":[{"href":"https:\/\/calleangosta.com\/ca\/wp-json\/wp\/v2\/types\/post"}],"author":[{"embeddable":true,"href":"https:\/\/calleangosta.com\/ca\/wp-json\/wp\/v2\/users\/2"}],"replies":[{"embeddable":true,"href":"https:\/\/calleangosta.com\/ca\/wp-json\/wp\/v2\/comments?post=14310"}],"version-history":[{"count":1,"href":"https:\/\/calleangosta.com\/ca\/wp-json\/wp\/v2\/posts\/14310\/revisions"}],"predecessor-version":[{"id":14333,"href":"https:\/\/calleangosta.com\/ca\/wp-json\/wp\/v2\/posts\/14310\/revisions\/14333"}],"wp:featuredmedia":[{"embeddable":true,"href":"https:\/\/calleangosta.com\/ca\/wp-json\/wp\/v2\/media\/14311"}],"wp:attachment":[{"href":"https:\/\/calleangosta.com\/ca\/wp-json\/wp\/v2\/media?parent=14310"}],"wp:term":[{"taxonomy":"category","embeddable":true,"href":"https:\/\/calleangosta.com\/ca\/wp-json\/wp\/v2\/categories?post=14310"},{"taxonomy":"post_tag","embeddable":true,"href":"https:\/\/calleangosta.com\/ca\/wp-json\/wp\/v2\/tags?post=14310"}],"curies":[{"name":"wp","href":"https:\/\/api.w.org\/{rel}","templated":true}]}}