{"id":14317,"date":"2026-04-27T19:24:26","date_gmt":"2026-04-27T22:24:26","guid":{"rendered":"https:\/\/calleangosta.com\/ca\/?p=14317"},"modified":"2026-04-27T19:28:51","modified_gmt":"2026-04-27T22:28:51","slug":"rescatar-la-politica-rescatar-la-humanidad","status":"publish","type":"post","link":"https:\/\/calleangosta.com\/ca\/rescatar-la-politica-rescatar-la-humanidad\/","title":{"rendered":"Rescatar la pol\u00edtica, rescatar la humanidad"},"content":{"rendered":"\n<p>En una sociedad donde gobernantes y adeptos imponen imp\u00fadica y p\u00fablicamente la decadencia y el desprecio a los valores \u00e9ticos, morales y a las creencias, distorsionando el Derecho y a las Instituciones, promoviendo el odio y la ira en las redes y Medios para encubrir la opresi\u00f3n, s\u00f3lo una valiente actitud de testimoniar la Verdad y crear las condiciones para un debate popular donde la gente impulse decisiones, reci\u00e9n all\u00ed estar\u00edamos creando un camino para un gobierno justo. Y tal vez, lograr que los sectores progresistas y bienintencionados, vuelvan a hegemonizar una pol\u00edtica de bienestar y seguridad social.<\/p>\n\n\n\n<p>Hoy, se cuestiona mal el papel de la Pol\u00edtica; hay que cuestionarla, pero tambi\u00e9n al Estado, a la Justicia, al Sistema Representativo, a la Constituci\u00f3n y al Sistema Electoral entre otras Formaciones Sociales. Las han deformado y desnaturalizado, creando una gran injusticia a la Sociedad. Ni a\u00fan respetando esos sistemas obsoletos hay garant\u00edas de Justicia Social.&nbsp;<\/p>\n\n\n\n<p>Tendr\u00edamos que parar con eso. La Pol\u00edtica, un servicio p\u00fablico para el gobierno y administraci\u00f3n de la Comunidad, se supone orientada a una vida digna, pero est\u00e1 desfasada de los intereses y decisiones de los Pueblos. La han reducido y anquilosado mentirosamente a los Partidos Pol\u00edticos, reductos de Burocracias que toman decisiones en nombre de la poblaci\u00f3n y que no siempre responden a sus necesidades, problem\u00e1ticas y demandas.<\/p>\n\n\n\n<p>Lo m\u00e1s grave es que a trav\u00e9s de ellos, las Corporaciones deciden sobre grandes masas de poblaci\u00f3n. Institucionalizan pr\u00e1cticas en nombre de la Pol\u00edtica para defender intereses y continuidad, y no permiten que la Pol\u00edtica sea una decisi\u00f3n popular. Cuando llegan al Gobierno, son responsables de la desigualdad, la injusticia y el desamparo. Inclusive la invisibilizan como exclusiva de los Partidos y de los pol\u00edticos, o del Gobierno, pero no de la vida cotidiana. De ese modo niegan que las instituciones p\u00fablicas, educativas, religiosas, sindicales y de los medios de producci\u00f3n, hagan Pol\u00edtica.<\/p>\n\n\n\n<p>Los malos ejemplos han instalado en el imaginario popular que la Pol\u00edtica es sucia, al punto que exigir demandas reivindicativas -por ejemplo- no es Pol\u00edtica. Menos a\u00fan pol\u00edtica partidaria o ideol\u00f3gica. Pero en realidad, la Pol\u00edtica atraviesa la vida social, y es la que puede dar respuesta a muchas problem\u00e1ticas. Aunque la solidaridad es mejor. Y la corresponsabilidad un compromiso activo. Porque es concreci\u00f3n de decisiones. El Gobierno, en una tergiversaci\u00f3n sem\u00e1ntica, habla de los Pol\u00edticos como una casta culpable de todos los males, cuando \u00e9l mismo se ha reducido a un c\u00edrculo autoritario que no respeta a la Ley ni a los ciudadanos, obteniendo beneficios para los ricos a costa del sufrimiento del Pueblo argentino.<\/p>\n\n\n\n<p>Esto es la consecuencia de un Sistema de Gobierno, de un Sistema Representativo, de un Sistema Electoral, de un Sistema de Partidos Pol\u00edticos y de Factores de Poder obsoletos y decadentes. Han reducido la Pol\u00edtica a una acci\u00f3n de aquellos intereses corporativos, alejados del Bien Com\u00fan, en lugar de una acci\u00f3n devenida de las decisiones populares, de los trabajadores y sus organizaciones, de las Asociaciones de Base, de las instituciones de la Educaci\u00f3n, de la Cultura, el Arte y la Religi\u00f3n.<\/p>\n\n\n\n<p>Insistimos que la Pol\u00edtica sea del Pueblo, porque es posible. La poblaci\u00f3n puede deliberar, decidir y organizarse para concretar sus objetivos comunitarios. Esto implica situaciones y \u00e1mbitos de debate p\u00fablicos, abiertos, inclusivos, desde reuniones y asambleas, a fin de discutir y cuestionar absolutamente todas las Formaciones del Sistema Democr\u00e1tico, a la Pol\u00edtica y a la Democracia misma. Pero tambi\u00e9n establecer nuevas formas organizativas, legales y sociales, para garantizar la Justicia, los Derechos y la Paz social. Es muy necesario en esta \u00e9poca que vivimos. Con lo formal que tenemos, hay que depurarlo, para ir hacia una democracia verdaderamente popular. Que sean los nuevos modos de hacer Pol\u00edtica sin caer en pr\u00e1cticas partidocr\u00e1ticas, lo que nos gu\u00ede a aquel objetivo.<\/p>\n\n\n\n<p>Estamos ante un grave peligro. En el mundo se han desenmascarado los intereses corporativos de la codicia. Para ello, atacan a las culturas, a los valores, a las creencias, y la expresi\u00f3n p\u00fablica del odio justifica la destrucci\u00f3n y la muerte. El Derecho y las Instituciones que deben garantizar la vida digna de los Pueblos como el Derecho Internacional, las Naciones Unidas y similares, fueron cooptadas, sustituidas y reemplazadas por Grupos de Poder que, aprovechando la endeblez de estas instituciones, la hegemon\u00eda de la alienaci\u00f3n Medi\u00e1tica y las amenazas econ\u00f3micas, militares y de destrucci\u00f3n de las civilizaciones, quieren imponer el Unilateralismo Pol\u00edtico a los fines de la codicia, en desmedro de la soberan\u00eda y libertad de los Pueblos.<\/p>\n\n\n\n<p>Nuestro Pa\u00eds no es ajeno a ello. Y rescatar la Pol\u00edtica, es comenzar a tomar decisiones comunitarias, a defender nuestra dignidad como Pueblo en lugar de ponerse servilmente de rodillas frente a los intereses de grupos nacionales y extranjeros; es &nbsp;defender y poner en vigencia el Derecho Internacional, la Paz y la Diplomacia como los \u00fanicos caminos para la convivencia saludable de los Pueblos; es reconocer y propiciar la necesidad del Multilateralismo en el mundo para el respeto al libre desarrollo de las culturas, la econom\u00eda y soberan\u00eda de las naciones. Todos los Pueblos tienen el derecho inalienable a existir, a ser, y a vivir una vida digna. Los que propician o apoyan las guerras y la codicia, sin importarles la Naturaleza, el Medio Ambiente y la vida, son los que la Humanidad juzgar\u00e1 como delincuentes. Necesitamos un Pa\u00eds y un mundo m\u00e1s humano. De di\u00e1logo y respeto a la libre determinaci\u00f3n de los Pueblos; a su cultura, creencias, ciencia y tecnolog\u00eda. En no avasallarlos ni someterlos, ni por la fuerza ni la econom\u00eda. Tampoco perjudicarlos con la destrucci\u00f3n del Medio Ambiente que pertenece a todos en el Planeta. \u00bfComprendemos esto? Nada escapa de las manos si estamos dispuestos a decidir en Comunidad. Rescatar la Pol\u00edtica, el Humanismo, y condenar la concentraci\u00f3n de la riqueza y codicia como pecados capitales sociales por los cuales se somete a pueblos enteros a la guerra, a la pobreza, al hambre, a la injusticia de morir o sobrevivir indignamente, no permitirlo, es sostener a la Humanidad como el nuevo Sujeto Social que es.<\/p>\n\n\n\n<blockquote class=\"wp-block-quote is-layout-flow wp-block-quote-is-layout-flow\">\n<p><em>\u201cComienza a resurgir en el mundo actual, una nueva forma de pensar, de movilizarse y actuar en la Pol\u00edtica\u201d<\/em>.<\/p>\n\n\n\n<p class=\"has-text-align-right\">Gustavo Petro<\/p>\n<\/blockquote>\n","protected":false},"excerpt":{"rendered":"<p>En una sociedad donde gobernantes y adeptos imponen imp\u00fadica y p\u00fablicamente la decadencia y el desprecio a los valores \u00e9ticos, morales y a las creencias, distorsionando el Derecho y a las Instituciones, promoviendo el odio y la ira en las redes y Medios para encubrir la opresi\u00f3n, s\u00f3lo una valiente actitud de testimoniar la Verdad &hellip;<\/p>\n","protected":false},"author":6,"featured_media":14318,"comment_status":"open","ping_status":"open","sticky":false,"template":"","format":"standard","meta":{"advanced_seo_description":"","jetpack_seo_html_title":"","jetpack_seo_noindex":false,"_jetpack_memberships_contains_paid_content":false,"footnotes":"","jetpack_publicize_message":"","jetpack_publicize_feature_enabled":true,"jetpack_social_post_already_shared":true,"jetpack_social_options":{"image_generator_settings":{"template":"highway","default_image_id":0,"font":"","enabled":false},"version":2}},"categories":[23],"tags":[],"class_list":["post-14317","post","type-post","status-publish","format-standard","has-post-thumbnail","hentry","category-opinion"],"jetpack_publicize_connections":[],"jetpack_featured_media_url":"https:\/\/i0.wp.com\/calleangosta.com\/ca\/wp-content\/uploads\/2026\/04\/Adictos2_WF-1024x745-1.jpg?fit=1024%2C745&ssl=1","jetpack_sharing_enabled":true,"_links":{"self":[{"href":"https:\/\/calleangosta.com\/ca\/wp-json\/wp\/v2\/posts\/14317","targetHints":{"allow":["GET"]}}],"collection":[{"href":"https:\/\/calleangosta.com\/ca\/wp-json\/wp\/v2\/posts"}],"about":[{"href":"https:\/\/calleangosta.com\/ca\/wp-json\/wp\/v2\/types\/post"}],"author":[{"embeddable":true,"href":"https:\/\/calleangosta.com\/ca\/wp-json\/wp\/v2\/users\/6"}],"replies":[{"embeddable":true,"href":"https:\/\/calleangosta.com\/ca\/wp-json\/wp\/v2\/comments?post=14317"}],"version-history":[{"count":1,"href":"https:\/\/calleangosta.com\/ca\/wp-json\/wp\/v2\/posts\/14317\/revisions"}],"predecessor-version":[{"id":14321,"href":"https:\/\/calleangosta.com\/ca\/wp-json\/wp\/v2\/posts\/14317\/revisions\/14321"}],"wp:featuredmedia":[{"embeddable":true,"href":"https:\/\/calleangosta.com\/ca\/wp-json\/wp\/v2\/media\/14318"}],"wp:attachment":[{"href":"https:\/\/calleangosta.com\/ca\/wp-json\/wp\/v2\/media?parent=14317"}],"wp:term":[{"taxonomy":"category","embeddable":true,"href":"https:\/\/calleangosta.com\/ca\/wp-json\/wp\/v2\/categories?post=14317"},{"taxonomy":"post_tag","embeddable":true,"href":"https:\/\/calleangosta.com\/ca\/wp-json\/wp\/v2\/tags?post=14317"}],"curies":[{"name":"wp","href":"https:\/\/api.w.org\/{rel}","templated":true}]}}