{"id":14320,"date":"2026-04-27T18:55:39","date_gmt":"2026-04-27T21:55:39","guid":{"rendered":"https:\/\/calleangosta.com\/ca\/?p=14320"},"modified":"2026-04-28T18:48:21","modified_gmt":"2026-04-28T21:48:21","slug":"video-denuncia-en-edesal-denuncia-un-corte-injustificado-en-su-suministro-electrico","status":"publish","type":"post","link":"https:\/\/calleangosta.com\/ca\/video-denuncia-en-edesal-denuncia-un-corte-injustificado-en-su-suministro-electrico\/","title":{"rendered":"VIDEO | Denuncia en Edesal: denuncia un corte injustificado en su suministro el\u00e9ctrico."},"content":{"rendered":"\n<p>Un episodio de tensi\u00f3n se registr\u00f3 este lunes por la ma\u00f1ana en la ciudad de <strong>San Luis<\/strong>, cuando un usuario reclam\u00f3 por la interrupci\u00f3n del servicio el\u00e9ctrico.<\/p>\n\n\n\n<p>El hecho ocurri\u00f3 en las oficinas de Edesal, donde <strong>un hombre visiblemente ofuscado exig\u00eda la reconexi\u00f3n de la luz en su vivienda<\/strong>, situada en el barrio CGT.<\/p>\n\n\n\n<figure class=\"wp-block-embed is-type-video is-provider-youtube wp-block-embed-youtube wp-embed-aspect-9-16 wp-has-aspect-ratio\"><div class=\"wp-block-embed__wrapper\">\n<iframe loading=\"lazy\" title=\"\ud83d\udea8\u26a1Tensi\u00f3n en Edesal \u26a1 Reclamo por corte a familia electrodependiente en San Luis\" width=\"422\" height=\"750\" src=\"https:\/\/www.youtube.com\/embed\/QZx2GSfuf_Q?feature=oembed\" frameborder=\"0\" allow=\"accelerometer; autoplay; clipboard-write; encrypted-media; gyroscope; picture-in-picture; web-share\" referrerpolicy=\"strict-origin-when-cross-origin\" allowfullscreen><\/iframe>\n<\/div><\/figure>\n\n\n\n<p>Seg\u00fan su testimonio, <strong>se encontraba al d\u00eda con el pago de las facturas<\/strong>, pero pese a ello, le hab\u00edan cortado el suministro. El usuario explic\u00f3 que <strong>el inconveniente se habr\u00eda originado cuando la empresa realizaba un corte a un vecino y, al retirar cables, lo dejaron sin electricidad<\/strong>.<\/p>\n\n\n\n<p>La situaci\u00f3n gener\u00f3 mayor preocupaci\u00f3n debido a que <strong>tanto el hombre como su esposa son electrodependientes<\/strong>, lo que hace indispensable el acceso continuo al servicio el\u00e9ctrico.<\/p>\n\n\n\n<p>Finalmente, <strong>el personal de seguridad y atenci\u00f3n al cliente logr\u00f3 calmar al usuario y escuchar su reclamo<\/strong>, en un intento por resolver el conflicto.<\/p>\n\n\n\n<p><em>Fuente original: <a href=\"https:\/\/sanluis24.com.ar\/video-reclamo-en-edesal-un-hombre-denuncio-un-corte-indebido-del-suministro-en-su-vivienda\/\">Clic aqu\u00ed<\/a><\/em><\/p>\n\n\n\n<p><\/p>\n","protected":false},"excerpt":{"rendered":"<p>Un episodio de tensi\u00f3n se registr\u00f3 este lunes por la ma\u00f1ana en la ciudad de San Luis, cuando un usuario reclam\u00f3 por la interrupci\u00f3n del servicio el\u00e9ctrico. El hecho ocurri\u00f3 en las oficinas de Edesal, donde un hombre visiblemente ofuscado exig\u00eda la reconexi\u00f3n de la luz en su vivienda, situada en el barrio CGT. Seg\u00fan &hellip;<\/p>\n","protected":false},"author":2,"featured_media":14330,"comment_status":"open","ping_status":"closed","sticky":false,"template":"","format":"standard","meta":{"advanced_seo_description":"","jetpack_seo_html_title":"","jetpack_seo_noindex":false,"_jetpack_memberships_contains_paid_content":false,"footnotes":"","jetpack_publicize_message":"","jetpack_publicize_feature_enabled":true,"jetpack_social_post_already_shared":true,"jetpack_social_options":{"image_generator_settings":{"template":"highway","default_image_id":0,"font":"","enabled":false},"version":2}},"categories":[29,32],"tags":[],"class_list":["post-14320","post","type-post","status-publish","format-standard","has-post-thumbnail","hentry","category-actualidad","category-san-luis"],"jetpack_publicize_connections":[],"jetpack_featured_media_url":"https:\/\/i0.wp.com\/calleangosta.com\/ca\/wp-content\/uploads\/2026\/04\/hombre-2.jpg?fit=428%2C355&ssl=1","jetpack_sharing_enabled":true,"_links":{"self":[{"href":"https:\/\/calleangosta.com\/ca\/wp-json\/wp\/v2\/posts\/14320","targetHints":{"allow":["GET"]}}],"collection":[{"href":"https:\/\/calleangosta.com\/ca\/wp-json\/wp\/v2\/posts"}],"about":[{"href":"https:\/\/calleangosta.com\/ca\/wp-json\/wp\/v2\/types\/post"}],"author":[{"embeddable":true,"href":"https:\/\/calleangosta.com\/ca\/wp-json\/wp\/v2\/users\/2"}],"replies":[{"embeddable":true,"href":"https:\/\/calleangosta.com\/ca\/wp-json\/wp\/v2\/comments?post=14320"}],"version-history":[{"count":1,"href":"https:\/\/calleangosta.com\/ca\/wp-json\/wp\/v2\/posts\/14320\/revisions"}],"predecessor-version":[{"id":14331,"href":"https:\/\/calleangosta.com\/ca\/wp-json\/wp\/v2\/posts\/14320\/revisions\/14331"}],"wp:featuredmedia":[{"embeddable":true,"href":"https:\/\/calleangosta.com\/ca\/wp-json\/wp\/v2\/media\/14330"}],"wp:attachment":[{"href":"https:\/\/calleangosta.com\/ca\/wp-json\/wp\/v2\/media?parent=14320"}],"wp:term":[{"taxonomy":"category","embeddable":true,"href":"https:\/\/calleangosta.com\/ca\/wp-json\/wp\/v2\/categories?post=14320"},{"taxonomy":"post_tag","embeddable":true,"href":"https:\/\/calleangosta.com\/ca\/wp-json\/wp\/v2\/tags?post=14320"}],"curies":[{"name":"wp","href":"https:\/\/api.w.org\/{rel}","templated":true}]}}