{"id":14323,"date":"2026-04-28T12:56:10","date_gmt":"2026-04-28T15:56:10","guid":{"rendered":"https:\/\/calleangosta.com\/ca\/?p=14323"},"modified":"2026-04-28T18:38:36","modified_gmt":"2026-04-28T21:38:36","slug":"universidades-solicitan-al-gobierno-la-transferencia-de-fondos-tras-apelar-la-suspension-de-la-ley-de-financiamiento-educativo","status":"publish","type":"post","link":"https:\/\/calleangosta.com\/ca\/universidades-solicitan-al-gobierno-la-transferencia-de-fondos-tras-apelar-la-suspension-de-la-ley-de-financiamiento-educativo\/","title":{"rendered":"Universidades solicitan al gobierno la transferencia de fondos tras apelar la suspensi\u00f3n de la ley de financiamiento educativo"},"content":{"rendered":"\n<p>El Juez de Primera Instancia <strong>Mart\u00edn Cormick<\/strong> ha tomado una importante decisi\u00f3n respecto a la Ley de Financiamiento Universitario, favorable al gobierno nacional, al suspender la ejecuci\u00f3n de una medida cautelar que exig\u00eda el cumplimiento del financiamiento para las universidades. Esta suspensi\u00f3n permanecer\u00e1 vigente hasta que la Corte Suprema se pronuncie sobre la apelaci\u00f3n presentada por el Gobierno.<\/p>\n\n\n\n<p>Los rectores del Consejo Interuniversitario Nacional (CIN), que agrupa a 60 universidades nacionales, han expresado su sorpresa por la resoluci\u00f3n del juez. Consideran que la medida afecta directamente a los presupuestos y salarios de las instituciones educativas.<\/p>\n\n\n\n<p>La decisi\u00f3n del magistrado permite al Gobierno evitar, provisionalmente, la obligaci\u00f3n de transferir los fondos necesarios para los presupuestos y salarios de las universidades, situaci\u00f3n que se hab\u00eda generado a ra\u00edz de la falta de cumplimiento del financiamiento exigido por la ley.<\/p>\n\n\n\n<p>En un documento firmado por <strong>Franco Bartolacci<\/strong>, presidente del CIN, se inform\u00f3 la apelaci\u00f3n contra la decisi\u00f3n de Cormick. En este se afirma que la cautelar que se hab\u00eda dictado originalmente hab\u00eda sido confirmada por la C\u00e1mara de Apelaciones de la Naci\u00f3n.<\/p>\n\n\n\n<p>En su apelaci\u00f3n, los rectores mencionan que el Poder Ejecutivo Nacional (PEN) no ha dado cumplimiento a lo ordenado, lo cual motiv\u00f3 el inicio de la ejecuci\u00f3n. En este sentido, se solicit\u00f3 que se intime al PEN a cumplir de inmediato la medida bajo apercibimiento de multas diarias y que se remita el caso a la justicia penal por posible desobediencia.<\/p>\n\n\n\n<p>La suspensi\u00f3n de la ejecuci\u00f3n de la Ley de Financiamiento Universitario postergar\u00e1 la actualizaci\u00f3n salarial de los docentes y no docentes y el aumento de montos para becas, instaurando as\u00ed una incertidumbre sobre el futuro financiero de las universidades p\u00fablicas.<\/p>\n\n\n\n<p>El pasado 31 de marzo, la <strong>Sala III de la C\u00e1mara en lo Contencioso Administrativo Federal<\/strong> hab\u00eda autorizado la medida cautelar que solicitaba la implementaci\u00f3n inmediata de los art\u00edculos 5 y 6 de la ley, que planteaban ajustes salariales sujetos a la inflaci\u00f3n desde mediados de a\u00f1o. Sin embargo, el juez Cormick, a cargo del Juzgado Contencioso Administrativo Federal II, decidi\u00f3 frenar la ejecuci\u00f3n de esta resoluci\u00f3n.<\/p>\n\n\n\n<p>Los rectores argumentan que la decisi\u00f3n carece de fundamentos jur\u00eddicos s\u00f3lidos y que cualquier suspensi\u00f3n debe ser gestionada por la Corte en la instancia correspondiente, no por un juez de primera instancia. Resaltan que la disposici\u00f3n del juez no se encuentra acorde a las normativas aplicables, lo que justifica su apelaci\u00f3n.<\/p>\n\n\n\n<p><em>Fuente original: <a href=\"https:\/\/www.infogremiales.com.ar\/las-universidades-apelaron-la-suspension-de-la-ley-de-financiamiento-y-piden-que-el-gobierno-transfiera-los-fondos-correspondientes\/\">Clic aqu\u00ed<\/a><\/em><\/p>\n\n\n\n<p><\/p>\n","protected":false},"excerpt":{"rendered":"<p>El Juez de Primera Instancia Mart\u00edn Cormick ha tomado una importante decisi\u00f3n respecto a la Ley de Financiamiento Universitario, favorable al gobierno nacional, al suspender la ejecuci\u00f3n de una medida cautelar que exig\u00eda el cumplimiento del financiamiento para las universidades. Esta suspensi\u00f3n permanecer\u00e1 vigente hasta que la Corte Suprema se pronuncie sobre la apelaci\u00f3n presentada &hellip;<\/p>\n","protected":false},"author":2,"featured_media":14324,"comment_status":"open","ping_status":"closed","sticky":false,"template":"","format":"standard","meta":{"advanced_seo_description":"","jetpack_seo_html_title":"","jetpack_seo_noindex":false,"_jetpack_memberships_contains_paid_content":false,"footnotes":"","jetpack_publicize_message":"","jetpack_publicize_feature_enabled":true,"jetpack_social_post_already_shared":true,"jetpack_social_options":{"image_generator_settings":{"template":"highway","default_image_id":0,"font":"","enabled":false},"version":2}},"categories":[34],"tags":[],"class_list":["post-14323","post","type-post","status-publish","format-standard","has-post-thumbnail","hentry","category-sindicales"],"jetpack_publicize_connections":[],"jetpack_featured_media_url":"https:\/\/i0.wp.com\/calleangosta.com\/ca\/wp-content\/uploads\/2026\/04\/universidades-de-villa-mercedes-solicitan-al-gobierno-la-transferencia-de-fondos-tras-apelar-la-suspension-de-la-ley-de-financiamiento-educativo.jpg?fit=1024%2C723&ssl=1","jetpack_sharing_enabled":true,"_links":{"self":[{"href":"https:\/\/calleangosta.com\/ca\/wp-json\/wp\/v2\/posts\/14323","targetHints":{"allow":["GET"]}}],"collection":[{"href":"https:\/\/calleangosta.com\/ca\/wp-json\/wp\/v2\/posts"}],"about":[{"href":"https:\/\/calleangosta.com\/ca\/wp-json\/wp\/v2\/types\/post"}],"author":[{"embeddable":true,"href":"https:\/\/calleangosta.com\/ca\/wp-json\/wp\/v2\/users\/2"}],"replies":[{"embeddable":true,"href":"https:\/\/calleangosta.com\/ca\/wp-json\/wp\/v2\/comments?post=14323"}],"version-history":[{"count":1,"href":"https:\/\/calleangosta.com\/ca\/wp-json\/wp\/v2\/posts\/14323\/revisions"}],"predecessor-version":[{"id":14328,"href":"https:\/\/calleangosta.com\/ca\/wp-json\/wp\/v2\/posts\/14323\/revisions\/14328"}],"wp:featuredmedia":[{"embeddable":true,"href":"https:\/\/calleangosta.com\/ca\/wp-json\/wp\/v2\/media\/14324"}],"wp:attachment":[{"href":"https:\/\/calleangosta.com\/ca\/wp-json\/wp\/v2\/media?parent=14323"}],"wp:term":[{"taxonomy":"category","embeddable":true,"href":"https:\/\/calleangosta.com\/ca\/wp-json\/wp\/v2\/categories?post=14323"},{"taxonomy":"post_tag","embeddable":true,"href":"https:\/\/calleangosta.com\/ca\/wp-json\/wp\/v2\/tags?post=14323"}],"curies":[{"name":"wp","href":"https:\/\/api.w.org\/{rel}","templated":true}]}}