{"id":14325,"date":"2026-04-28T17:39:10","date_gmt":"2026-04-28T20:39:10","guid":{"rendered":"https:\/\/calleangosta.com\/ca\/?p=14325"},"modified":"2026-04-28T17:39:13","modified_gmt":"2026-04-28T20:39:13","slug":"impulsan-la-regionalizacion-de-san-luis-un-proyecto-para-reorganizar-el-territorio-y-mejorar-la-gestion-publica","status":"publish","type":"post","link":"https:\/\/calleangosta.com\/ca\/impulsan-la-regionalizacion-de-san-luis-un-proyecto-para-reorganizar-el-territorio-y-mejorar-la-gestion-publica\/","title":{"rendered":"Impulsan la regionalizaci\u00f3n de San Luis: un proyecto para reorganizar el territorio y mejorar la gesti\u00f3n p\u00fablica"},"content":{"rendered":"\n<p>El <strong>senador provincial Hugo Olgu\u00edn <\/strong>present\u00f3 en el Senado un proyecto de ley que propone avanzar en la regionalizaci\u00f3n del territorio de la provincia de San Luis, con el objetivo de modernizar la gesti\u00f3n estatal y adaptar las pol\u00edticas p\u00fablicas a las realidades locales.<\/p>\n\n\n\n<p>La iniciativa plantea dividir la provincia en seis regiones funcionales, definidas con base en criterios geogr\u00e1ficos, productivos, sociales y culturales, con el fin de lograr una planificaci\u00f3n m\u00e1s eficiente y un desarrollo equilibrado.<\/p>\n\n\n\n<p>Seg\u00fan el proyecto, <strong>la regionalizaci\u00f3n no implica la creaci\u00f3n de nuevos niveles de gobierno ni afecta la autonom\u00eda de los municipios<\/strong>, sino que se trata de un proceso de desconcentraci\u00f3n administrativa que busca acercar el Estado a la ciudadan\u00eda y mejorar la capacidad de respuesta ante problem\u00e1ticas espec\u00edficas de cada zona.<\/p>\n\n\n\n<p>Uno de los ejes centrales de la propuesta es la creaci\u00f3n de <strong>Consejos Regionales<\/strong>, espacios integrados por intendentes, legisladores y representantes de distintos sectores sociales y productivos. Estos \u00f3rganos tendr\u00e1n <strong>funciones consultivas y de coordinaci\u00f3n<\/strong>, orientadas a dise\u00f1ar planes de desarrollo regional, priorizar inversiones y articular pol\u00edticas p\u00fablicas entre la provincia y los municipios.<\/p>\n\n\n\n<p>El proyecto tambi\u00e9n promueve el asociativismo municipal mediante la conformaci\u00f3n de <strong>micro-regiones y entes intermunicipales<\/strong>, una herramienta que permitir\u00eda a los gobiernos locales compartir recursos, reducir costos y encarar de manera conjunta problem\u00e1ticas comunes como la infraestructura, los servicios p\u00fablicos o la conectividad.<\/p>\n\n\n\n<p>Desde una perspectiva estrat\u00e9gica, la iniciativa busca superar el modelo de gesti\u00f3n centralizado y avanzar hacia un esquema de <strong>gobernanza multinivel<\/strong>, en el que la Provincia y los municipios trabajen de manera coordinada, con mayor participaci\u00f3n territorial y capacidad de planificaci\u00f3n.<\/p>\n\n\n\n<p>En los fundamentos, se destaca que la <strong>diversidad interna de San Luis exige pol\u00edticas diferenciadas y diagn\u00f3sticos m\u00e1s precisos<\/strong>, ya que \u201cno es lo mismo el norte que el sur, ni las zonas urbanas que las rurales\u201d, por lo que la regionalizaci\u00f3n aparece como una herramienta clave para reducir desigualdades y potenciar el desarrollo local.<\/p>\n\n\n\n<p>La iniciativa se enmarca en una agenda m\u00e1s amplia orientada a instalar el debate sobre el ordenamiento territorial, el federalismo interno y la eficiencia del Estado, posicionando a la provincia en l\u00ednea con modelos de gesti\u00f3n m\u00e1s modernos y descentralizados.<\/p>\n","protected":false},"excerpt":{"rendered":"<p>El senador provincial Hugo Olgu\u00edn present\u00f3 en el Senado un proyecto de ley que propone avanzar en la regionalizaci\u00f3n del territorio de la provincia de San Luis, con el objetivo de modernizar la gesti\u00f3n estatal y adaptar las pol\u00edticas p\u00fablicas a las realidades locales. La iniciativa plantea dividir la provincia en seis regiones funcionales, definidas &hellip;<\/p>\n","protected":false},"author":2,"featured_media":14326,"comment_status":"open","ping_status":"open","sticky":false,"template":"","format":"standard","meta":{"advanced_seo_description":"","jetpack_seo_html_title":"","jetpack_seo_noindex":false,"_jetpack_memberships_contains_paid_content":false,"footnotes":"","jetpack_publicize_message":"","jetpack_publicize_feature_enabled":true,"jetpack_social_post_already_shared":true,"jetpack_social_options":{"image_generator_settings":{"template":"highway","default_image_id":0,"font":"","enabled":false},"version":2}},"categories":[36,32],"tags":[],"class_list":["post-14325","post","type-post","status-publish","format-standard","has-post-thumbnail","hentry","category-localidades-de-san-luis","category-san-luis"],"jetpack_publicize_connections":[],"jetpack_featured_media_url":"https:\/\/i0.wp.com\/calleangosta.com\/ca\/wp-content\/uploads\/2026\/04\/WhatsApp-Image-2026-04-22-at-19.08.42-1.jpg?fit=1536%2C894&ssl=1","jetpack_sharing_enabled":true,"_links":{"self":[{"href":"https:\/\/calleangosta.com\/ca\/wp-json\/wp\/v2\/posts\/14325","targetHints":{"allow":["GET"]}}],"collection":[{"href":"https:\/\/calleangosta.com\/ca\/wp-json\/wp\/v2\/posts"}],"about":[{"href":"https:\/\/calleangosta.com\/ca\/wp-json\/wp\/v2\/types\/post"}],"author":[{"embeddable":true,"href":"https:\/\/calleangosta.com\/ca\/wp-json\/wp\/v2\/users\/2"}],"replies":[{"embeddable":true,"href":"https:\/\/calleangosta.com\/ca\/wp-json\/wp\/v2\/comments?post=14325"}],"version-history":[{"count":1,"href":"https:\/\/calleangosta.com\/ca\/wp-json\/wp\/v2\/posts\/14325\/revisions"}],"predecessor-version":[{"id":14327,"href":"https:\/\/calleangosta.com\/ca\/wp-json\/wp\/v2\/posts\/14325\/revisions\/14327"}],"wp:featuredmedia":[{"embeddable":true,"href":"https:\/\/calleangosta.com\/ca\/wp-json\/wp\/v2\/media\/14326"}],"wp:attachment":[{"href":"https:\/\/calleangosta.com\/ca\/wp-json\/wp\/v2\/media?parent=14325"}],"wp:term":[{"taxonomy":"category","embeddable":true,"href":"https:\/\/calleangosta.com\/ca\/wp-json\/wp\/v2\/categories?post=14325"},{"taxonomy":"post_tag","embeddable":true,"href":"https:\/\/calleangosta.com\/ca\/wp-json\/wp\/v2\/tags?post=14325"}],"curies":[{"name":"wp","href":"https:\/\/api.w.org\/{rel}","templated":true}]}}