{"id":14343,"date":"2026-04-29T07:58:58","date_gmt":"2026-04-29T10:58:58","guid":{"rendered":"https:\/\/calleangosta.com\/ca\/?p=14343"},"modified":"2026-04-29T15:04:40","modified_gmt":"2026-04-29T18:04:40","slug":"confluencias-cuyo-irrumpe-en-la-escena-nacional-con-arte-contemporaneo-y-fuerte-presencia-puntana","status":"publish","type":"post","link":"https:\/\/calleangosta.com\/ca\/confluencias-cuyo-irrumpe-en-la-escena-nacional-con-arte-contemporaneo-y-fuerte-presencia-puntana\/","title":{"rendered":"CONFLUENCIAS: Cuyo irrumpe en la escena nacional con arte contempor\u00e1neo y fuerte presencia puntana"},"content":{"rendered":"\n<p>Desde el 8 de mayo, la Casa Nacional del Bicentenario ser\u00e1 sede de <em><strong>Confluencias: Red de identidades San Juan \/ Mendoza \/ San Luis<\/strong><\/em>, una exposici\u00f3n que sintetiza una apuesta pol\u00edtica y cultural clara: posicionar al arte contempor\u00e1neo cuyano en la escena nacional.<\/p>\n\n\n\n<p>Impulsada por el Museo Provincial de Bellas Artes Franklin Rawson en el marco de su 90\u00b0 aniversario, la muestra re\u00fane artistas de las tres provincias con el objetivo de consolidar una red regional, visibilizar producciones locales y fortalecer trayectorias en un circuito hist\u00f3ricamente centralizado. La iniciativa, dirigida por Emanuel D\u00edaz Ruiz, forma parte de una estrategia sostenida de federalizaci\u00f3n cultural y desarrollo de la escena art\u00edstica cuyana.<\/p>\n\n\n\n<h3 class=\"wp-block-heading\">Un rol clave desde San Luis<\/h3>\n\n\n\n<p>En este entramado, la participaci\u00f3n puntana adquiere especial relevancia. La artista Romina Baigorria fue convocada como productora y coordinadora regional, desempe\u00f1ando un rol central como nexo entre el museo organizador y los artistas de San Luis. Su tarea implic\u00f3 articular la participaci\u00f3n local, gestionar v\u00ednculos y acompa\u00f1ar el proceso de inserci\u00f3n de la escena puntana en este espacio de proyecci\u00f3n nacional.<\/p>\n\n\n\n<p>Baigorria no solo ocupa un lugar en la gesti\u00f3n, sino que tambi\u00e9n integra la muestra como artista, reafirmando un perfil que combina producci\u00f3n, curadur\u00eda y trabajo territorial. En paralelo, la gesti\u00f3n en Mendoza cont\u00f3 con su propio esquema de coordinaci\u00f3n independiente, mientras que la producci\u00f3n general del proyecto est\u00e1 a cargo de Rodrigo Etem.<\/p>\n\n\n\n<h3 class=\"wp-block-heading\">Arte contempor\u00e1neo desde el territorio<\/h3>\n\n\n\n<p>Uno de los ejes centrales de <em>Confluencias<\/em> es su car\u00e1cter de arte contempor\u00e1neo. Lejos de una mirada homog\u00e9nea, la exposici\u00f3n re\u00fane pr\u00e1cticas diversas \u2014instalaci\u00f3n, bordado, arte textil, dibujo, fotograf\u00eda, arte algor\u00edtmico\u2014 que dialogan con problem\u00e1ticas actuales, identidades locales y modos de habitar el territorio.<\/p>\n\n\n\n<p>En palabras del propio D\u00edaz Ruiz, el proyecto busca \u201crepensar el federalismo\u201d desde una \u201cgeograf\u00eda pl\u00e1stica argentina\u201d, donde las producciones regionales no sean perif\u00e9ricas sino constitutivas del mapa art\u00edstico nacional.<\/p>\n\n\n\n<figure class=\"wp-block-image size-large\"><img data-recalc-dims=\"1\" loading=\"lazy\" decoding=\"async\" width=\"480\" height=\"600\" data-attachment-id=\"14348\" data-permalink=\"https:\/\/calleangosta.com\/ca\/confluencias-cuyo-irrumpe-en-la-escena-nacional-con-arte-contemporaneo-y-fuerte-presencia-puntana\/whatsapp-image-2026-04-29-at-10-17-41\/\" data-orig-file=\"https:\/\/i0.wp.com\/calleangosta.com\/ca\/wp-content\/uploads\/2026\/04\/WhatsApp-Image-2026-04-29-at-10.17.41.jpeg?fit=1082%2C1352&amp;ssl=1\" data-orig-size=\"1082,1352\" data-comments-opened=\"1\" data-image-meta=\"{&quot;aperture&quot;:&quot;0&quot;,&quot;credit&quot;:&quot;&quot;,&quot;camera&quot;:&quot;&quot;,&quot;caption&quot;:&quot;&quot;,&quot;created_timestamp&quot;:&quot;0&quot;,&quot;copyright&quot;:&quot;&quot;,&quot;focal_length&quot;:&quot;0&quot;,&quot;iso&quot;:&quot;0&quot;,&quot;shutter_speed&quot;:&quot;0&quot;,&quot;title&quot;:&quot;&quot;,&quot;orientation&quot;:&quot;0&quot;}\" data-image-title=\"WhatsApp Image 2026-04-29 at 10.17.41\" data-image-description=\"\" data-image-caption=\"\" data-large-file=\"https:\/\/i0.wp.com\/calleangosta.com\/ca\/wp-content\/uploads\/2026\/04\/WhatsApp-Image-2026-04-29-at-10.17.41.jpeg?fit=480%2C600&amp;ssl=1\" src=\"https:\/\/i0.wp.com\/calleangosta.com\/ca\/wp-content\/uploads\/2026\/04\/WhatsApp-Image-2026-04-29-at-10.17.41.jpeg?resize=480%2C600&#038;ssl=1\" alt=\"\" class=\"wp-image-14348\" srcset=\"https:\/\/i0.wp.com\/calleangosta.com\/ca\/wp-content\/uploads\/2026\/04\/WhatsApp-Image-2026-04-29-at-10.17.41.jpeg?resize=480%2C600&amp;ssl=1 480w, https:\/\/i0.wp.com\/calleangosta.com\/ca\/wp-content\/uploads\/2026\/04\/WhatsApp-Image-2026-04-29-at-10.17.41.jpeg?resize=240%2C300&amp;ssl=1 240w, https:\/\/i0.wp.com\/calleangosta.com\/ca\/wp-content\/uploads\/2026\/04\/WhatsApp-Image-2026-04-29-at-10.17.41.jpeg?resize=120%2C150&amp;ssl=1 120w, https:\/\/i0.wp.com\/calleangosta.com\/ca\/wp-content\/uploads\/2026\/04\/WhatsApp-Image-2026-04-29-at-10.17.41.jpeg?resize=768%2C960&amp;ssl=1 768w, https:\/\/i0.wp.com\/calleangosta.com\/ca\/wp-content\/uploads\/2026\/04\/WhatsApp-Image-2026-04-29-at-10.17.41.jpeg?w=1082&amp;ssl=1 1082w\" sizes=\"auto, (max-width: 480px) 100vw, 480px\" \/><\/figure>\n\n\n\n<h3 class=\"wp-block-heading\">Fuerte presencia de artistas de San Luis<\/h3>\n\n\n\n<p>La delegaci\u00f3n puntana est\u00e1 integrada por:<\/p>\n\n\n\n<ul class=\"wp-block-list\">\n<li>Federico Abrile<\/li>\n\n\n\n<li>Fernanda Almanza<\/li>\n\n\n\n<li>Romina Baigorria<\/li>\n\n\n\n<li>Laura Comatelli<\/li>\n\n\n\n<li>Nicol\u00e1s Morelli<\/li>\n\n\n\n<li>Celina Mundet<\/li>\n\n\n\n<li>Neda Olgu\u00edn Frontini<\/li>\n\n\n\n<li>Chelco Rezzano<\/li>\n\n\n\n<li>RXP<\/li>\n<\/ul>\n\n\n\n<p>Sus obras abordan desde tecnolog\u00edas aplicadas al arte hasta pr\u00e1cticas textiles, memoria, cuerpo y territorio, dando cuenta de una escena diversa y en crecimiento.<\/p>\n\n\n\n<h3 class=\"wp-block-heading\">Una red cuyana en expansi\u00f3n<\/h3>\n\n\n\n<p>La muestra tambi\u00e9n incluye artistas de San Juan \u2014como Gabriel Burkhard, Carolina Herrera, Silvina Mart\u00ednez o Mat\u00edas Ruarte\u2014 y de Mendoza, entre ellos Mariana Bar\u00f3n, Federico Calandria, Omar Jury, Clara Ponce e Inti Pujol, consolidando un panorama amplio de la producci\u00f3n contempor\u00e1nea regional.<\/p>\n\n\n\n<h3 class=\"wp-block-heading\">Federalizar la cultura<\/h3>\n\n\n\n<p><em>Confluencias<\/em> no es solo una exposici\u00f3n: es el resultado de una pol\u00edtica cultural que apuesta a la articulaci\u00f3n regional, al trabajo colaborativo y a la construcci\u00f3n de una escena m\u00e1s equitativa.<\/p>\n\n\n\n<p>En ese marco, el rol de Romina Baigorria aparece como estrat\u00e9gico para San Luis: no solo como artista, sino como gestora capaz de tender puentes y posicionar a la provincia en un circuito mayor.<\/p>\n\n\n\n<p>La cita ser\u00e1 el viernes 8 de mayo a las 18 h, con entrada gratuita, en la Casa Nacional del Bicentenario. All\u00ed, Cuyo no solo exhibe su arte: afirma su lugar.<\/p>\n\n\n<iframe loading=\"lazy\" class=\"embed-pdf-viewer\" src=\"https:\/\/calleangosta.com\/ca\/wp-content\/uploads\/2026\/04\/NUEVO-DOSSIER.pdf\" height=\"600\" width=\"600\" title=\"NUEVO DOSSIER\"><\/iframe>","protected":false},"excerpt":{"rendered":"<p>Desde el 8 de mayo, la Casa Nacional del Bicentenario ser\u00e1 sede de Confluencias: Red de identidades San Juan \/ Mendoza \/ San Luis, una exposici\u00f3n que sintetiza una apuesta pol\u00edtica y cultural clara: posicionar al arte contempor\u00e1neo cuyano en la escena nacional. Impulsada por el Museo Provincial de Bellas Artes Franklin Rawson en el &hellip;<\/p>\n","protected":false},"author":2,"featured_media":14344,"comment_status":"open","ping_status":"open","sticky":false,"template":"","format":"standard","meta":{"advanced_seo_description":"","jetpack_seo_html_title":"","jetpack_seo_noindex":false,"_jetpack_memberships_contains_paid_content":false,"footnotes":"","jetpack_publicize_message":"","jetpack_publicize_feature_enabled":true,"jetpack_social_post_already_shared":true,"jetpack_social_options":{"image_generator_settings":{"template":"highway","default_image_id":0,"font":"","enabled":false},"version":2}},"categories":[25,12],"tags":[],"class_list":["post-14343","post","type-post","status-publish","format-standard","has-post-thumbnail","hentry","category-ideas-que-valen-la-pena","category-literatura-y-artes-visuales"],"jetpack_publicize_connections":[],"jetpack_featured_media_url":"https:\/\/i0.wp.com\/calleangosta.com\/ca\/wp-content\/uploads\/2026\/04\/WhatsApp-Image-2026-04-29-at-10.57.25.jpeg?fit=822%2C732&ssl=1","jetpack_sharing_enabled":true,"_links":{"self":[{"href":"https:\/\/calleangosta.com\/ca\/wp-json\/wp\/v2\/posts\/14343","targetHints":{"allow":["GET"]}}],"collection":[{"href":"https:\/\/calleangosta.com\/ca\/wp-json\/wp\/v2\/posts"}],"about":[{"href":"https:\/\/calleangosta.com\/ca\/wp-json\/wp\/v2\/types\/post"}],"author":[{"embeddable":true,"href":"https:\/\/calleangosta.com\/ca\/wp-json\/wp\/v2\/users\/2"}],"replies":[{"embeddable":true,"href":"https:\/\/calleangosta.com\/ca\/wp-json\/wp\/v2\/comments?post=14343"}],"version-history":[{"count":2,"href":"https:\/\/calleangosta.com\/ca\/wp-json\/wp\/v2\/posts\/14343\/revisions"}],"predecessor-version":[{"id":14349,"href":"https:\/\/calleangosta.com\/ca\/wp-json\/wp\/v2\/posts\/14343\/revisions\/14349"}],"wp:featuredmedia":[{"embeddable":true,"href":"https:\/\/calleangosta.com\/ca\/wp-json\/wp\/v2\/media\/14344"}],"wp:attachment":[{"href":"https:\/\/calleangosta.com\/ca\/wp-json\/wp\/v2\/media?parent=14343"}],"wp:term":[{"taxonomy":"category","embeddable":true,"href":"https:\/\/calleangosta.com\/ca\/wp-json\/wp\/v2\/categories?post=14343"},{"taxonomy":"post_tag","embeddable":true,"href":"https:\/\/calleangosta.com\/ca\/wp-json\/wp\/v2\/tags?post=14343"}],"curies":[{"name":"wp","href":"https:\/\/api.w.org\/{rel}","templated":true}]}}