{"id":14347,"date":"2026-04-29T09:05:51","date_gmt":"2026-04-29T12:05:51","guid":{"rendered":"https:\/\/calleangosta.com\/ca\/?p=14347"},"modified":"2026-04-29T15:14:12","modified_gmt":"2026-04-29T18:14:12","slug":"la-bancaria-intensificara-su-protesta-por-el-cierre-de-12-tesorerias-del-bcra-alertando-sobre-posibles-despidos-en-villa-mercedes","status":"publish","type":"post","link":"https:\/\/calleangosta.com\/ca\/la-bancaria-intensificara-su-protesta-por-el-cierre-de-12-tesorerias-del-bcra-alertando-sobre-posibles-despidos-en-villa-mercedes\/","title":{"rendered":"La Bancaria intensificar\u00e1 su protesta por el cierre de 12 tesorer\u00edas del BCRA, alertando sobre posibles despidos en Villa Mercedes."},"content":{"rendered":"\n<p>El gremio La Bancaria, bajo la direcci\u00f3n de Sergio Palazzo, ha llevado a cabo un paro de 24 horas en 21 sucursales del Banco Central (BCRA) en diversas provincias, incluyendo nuestra localidad de Villa Mercedes. Esta medida se produce en el marco de una disputa por la decisi\u00f3n del BCRA de cerrar 12 tesorer\u00edas en el interior del pa\u00eds, lo que, seg\u00fan el sindicato, implicar\u00eda la p\u00e9rdida de 32 puestos de trabajo y tendr\u00eda un impacto negativo en las econom\u00edas regionales.<\/p>\n\n\n\n<p>En un comunicado emitido este martes, la Asociaci\u00f3n Bancaria anunci\u00f3 que intensificar\u00e1 sus acciones si no se logran respuestas satisfactorias en la audiencia conciliatoria programada para ma\u00f1ana en la Secretar\u00eda de Trabajo. Los representantes del gremio catalogaron el paro como \u201ccontundente\u201d y expresaron su preocupaci\u00f3n sobre las repercusiones que el cierre de las tesorer\u00edas tendr\u00eda en las zonas m\u00e1s alejadas de los grandes centros urbanos.<\/p>\n\n\n\n<p>Las tesorer\u00edas regionales del BCRA son responsables de suministrar dinero en efectivo a las entidades bancarias de cada provincia. Seg\u00fan denuncia el sindicato, el cierre de estas oficinas no solo afectar\u00eda a los trabajadores directamente involucrados, sino que tambi\u00e9n impactar\u00eda en la operatividad de los bancos provinciales y en la disponibilidad de efectivo en comunidades que dependen de sus servicios para el funcionamiento diario.<\/p>\n\n\n\n<p>La Asociaci\u00f3n Bancaria subray\u00f3 que esta estrategia de cierre de oficinas perjudica el empleo y contrarresta la presencia del Estado en diversas regiones, considerando que dicha medida \u201crompe el equilibrio federal\u201d y debilita las econom\u00edas locales. Adem\u00e1s, afirm\u00f3 que se mantendr\u00e1n en \u201cestado de alerta y movilizaci\u00f3n\u201d ante cualquier decisi\u00f3n que ponga en peligro las fuentes laborales de los empleados bancarios.<\/p>\n\n\n\n<p>En ese marco de creciente conflictividad, la situaci\u00f3n tambi\u00e9n tuvo repercusi\u00f3n en el \u00e1mbito institucional local. Este martes 28 de abril, representantes de la Asociaci\u00f3n Bancaria de Villa Mercedes, encabezados por Claudio Nazario, fueron recibidos por autoridades del Honorable Concejo Deliberante, donde presentaron una nota expresando su preocupaci\u00f3n por la situaci\u00f3n de la sucursal del Banco Supervielle ubicada en barrio Estaci\u00f3n.<\/p>\n\n\n\n<p>Del encuentro participaron la viceintendenta Silvina Galetto junto a los concejales Cecilia Lucero, Karina Maranguello, Marianela Oviedo, Margarita Villegas, Luciano Dave, Juan Pablo Godoy y Fernando Revello. Durante la reuni\u00f3n, los representantes gremiales expusieron la incertidumbre existente en torno al funcionamiento de dicha sucursal y su impacto en los trabajadores y usuarios del sistema financiero local.<\/p>\n\n\n\n<p>Se espera que la audiencia de conciliaci\u00f3n se lleve a cabo el mi\u00e9rcoles en la Secretar\u00eda de Trabajo, donde se definir\u00e1 el futuro de esta situaci\u00f3n que afecta no solo a trabajadores, sino al sistema financiero local en su totalidad, en un contexto donde las preocupaciones ya han escalado tambi\u00e9n al plano pol\u00edtico e institucional en Villa Mercedes.<\/p>\n\n\n\n<p><em>Fuente original: <a href=\"https:\/\/www.infogremiales.com.ar\/la-bancaria-amenaza-con-profundizar-el-plan-de-lucha-por-el-cierre-de-12-tesorerias-del-bcra-y-advierte-sobre-perdida-de-puestos-de-trabajo\/\">Clic aqu\u00ed<\/a><\/em><\/p>\n","protected":false},"excerpt":{"rendered":"<p>El gremio La Bancaria, bajo la direcci\u00f3n de Sergio Palazzo, ha llevado a cabo un paro de 24 horas en 21 sucursales del Banco Central (BCRA) en diversas provincias, incluyendo nuestra localidad de Villa Mercedes. Esta medida se produce en el marco de una disputa por la decisi\u00f3n del BCRA de cerrar 12 tesorer\u00edas en &hellip;<\/p>\n","protected":false},"author":2,"featured_media":14351,"comment_status":"open","ping_status":"closed","sticky":false,"template":"","format":"standard","meta":{"advanced_seo_description":"","jetpack_seo_html_title":"","jetpack_seo_noindex":false,"_jetpack_memberships_contains_paid_content":false,"footnotes":"","jetpack_publicize_message":"","jetpack_publicize_feature_enabled":true,"jetpack_social_post_already_shared":true,"jetpack_social_options":{"image_generator_settings":{"template":"highway","default_image_id":0,"font":"","enabled":false},"version":2}},"categories":[29,34],"tags":[],"class_list":["post-14347","post","type-post","status-publish","format-standard","has-post-thumbnail","hentry","category-actualidad","category-sindicales"],"jetpack_publicize_connections":[],"jetpack_featured_media_url":"https:\/\/i0.wp.com\/calleangosta.com\/ca\/wp-content\/uploads\/2026\/04\/682483985_1290426803194289_6973235282333739208_n.jpg?fit=1406%2C941&ssl=1","jetpack_sharing_enabled":true,"_links":{"self":[{"href":"https:\/\/calleangosta.com\/ca\/wp-json\/wp\/v2\/posts\/14347","targetHints":{"allow":["GET"]}}],"collection":[{"href":"https:\/\/calleangosta.com\/ca\/wp-json\/wp\/v2\/posts"}],"about":[{"href":"https:\/\/calleangosta.com\/ca\/wp-json\/wp\/v2\/types\/post"}],"author":[{"embeddable":true,"href":"https:\/\/calleangosta.com\/ca\/wp-json\/wp\/v2\/users\/2"}],"replies":[{"embeddable":true,"href":"https:\/\/calleangosta.com\/ca\/wp-json\/wp\/v2\/comments?post=14347"}],"version-history":[{"count":1,"href":"https:\/\/calleangosta.com\/ca\/wp-json\/wp\/v2\/posts\/14347\/revisions"}],"predecessor-version":[{"id":14352,"href":"https:\/\/calleangosta.com\/ca\/wp-json\/wp\/v2\/posts\/14347\/revisions\/14352"}],"wp:featuredmedia":[{"embeddable":true,"href":"https:\/\/calleangosta.com\/ca\/wp-json\/wp\/v2\/media\/14351"}],"wp:attachment":[{"href":"https:\/\/calleangosta.com\/ca\/wp-json\/wp\/v2\/media?parent=14347"}],"wp:term":[{"taxonomy":"category","embeddable":true,"href":"https:\/\/calleangosta.com\/ca\/wp-json\/wp\/v2\/categories?post=14347"},{"taxonomy":"post_tag","embeddable":true,"href":"https:\/\/calleangosta.com\/ca\/wp-json\/wp\/v2\/tags?post=14347"}],"curies":[{"name":"wp","href":"https:\/\/api.w.org\/{rel}","templated":true}]}}