{"id":14360,"date":"2026-04-30T09:00:04","date_gmt":"2026-04-30T12:00:04","guid":{"rendered":"https:\/\/calleangosta.com\/ca\/?p=14360"},"modified":"2026-04-30T10:13:02","modified_gmt":"2026-04-30T13:13:02","slug":"crisis-en-el-servicio-penitenciario-allanamiento-silencio-oficial-y-desplazamientos","status":"publish","type":"post","link":"https:\/\/calleangosta.com\/ca\/crisis-en-el-servicio-penitenciario-allanamiento-silencio-oficial-y-desplazamientos\/","title":{"rendered":"Crisis en el Servicio Penitenciario: allanamiento, silencio oficial y desplazamientos"},"content":{"rendered":"\n<p>El sistema penitenciario de San Luis atraviesa uno de sus momentos m\u00e1s delicados tras el sorpresivo allanamiento realizado por Gendarmer\u00eda Nacional en la c\u00e1rcel provincial. El operativo, llevado adelante en un hermetismo absoluto, encendi\u00f3 alarmas institucionales y pol\u00edticas, ya que no hubo comunicaci\u00f3n oficial inmediata que explicara el alcance de la intervenci\u00f3n ni los motivos de fondo.<\/p>\n\n\n\n<p>Como consecuencia directa del procedimiento, tres funcionarios del Servicio Penitenciario fueron apartados de sus cargos. La medida, que busca descomprimir la situaci\u00f3n interna y facilitar la investigaci\u00f3n, deja entrever que el allanamiento no fue un hecho menor ni rutinario, sino parte de una pesquisa de mayor profundidad. La falta de detalles oficiales alimenta versiones sobre posibles irregularidades graves dentro del penal.<\/p>\n\n\n<div class=\"wp-block-image\">\n<figure class=\"aligncenter is-resized\"><img decoding=\"async\" src=\"https:\/\/images.openai.com\/static-rsc-4\/skKm6gchIxKkRbCeLIbuPvgBVimhITll175Yq3jNuIL6M1TmyEGiKTqyOL2XNzTGxsZzNYkBzBsxHmx6UBK6Rs3MHyDNZrbmVnMzX4LPYXXC97CwKN_XxsAj96ojtE0e_JKADzoVxBgkR7aKPeGnRIrhTSH1gtMDf4ooM74GJv3ZCFuxtuN_T8GDLVgTuIlF?purpose=fullsize\" alt=\"Image\" style=\"width:483px;height:auto\"\/><\/figure>\n<\/div>\n\n\n<p>El silencio del Gobierno provincial en las primeras horas posteriores al operativo no pas\u00f3 desapercibido. En t\u00e9rminos pol\u00edticos, la ausencia de una narrativa clara genera un vac\u00edo que r\u00e1pidamente es ocupado por especulaciones, afectando la credibilidad institucional. En contextos como este, el manejo de la comunicaci\u00f3n es tan relevante como la propia investigaci\u00f3n.<\/p>\n\n\n\n<p>Lo que est\u00e1 en juego excede a los funcionarios desplazados: se trata de la transparencia y el control sobre un sistema hist\u00f3ricamente sensible. El avance de fuerzas federales sobre una instituci\u00f3n provincial marca un punto de tensi\u00f3n que obliga a respuestas concretas. La evoluci\u00f3n del caso ser\u00e1 clave para determinar si se trata de un episodio aislado o del s\u00edntoma de un problema estructural m\u00e1s profundo.<\/p>\n","protected":false},"excerpt":{"rendered":"<p>El sistema penitenciario de San Luis atraviesa uno de sus momentos m\u00e1s delicados tras el sorpresivo allanamiento realizado por Gendarmer\u00eda Nacional en la c\u00e1rcel provincial. El operativo, llevado adelante en un hermetismo absoluto, encendi\u00f3 alarmas institucionales y pol\u00edticas, ya que no hubo comunicaci\u00f3n oficial inmediata que explicara el alcance de la intervenci\u00f3n ni los motivos &hellip;<\/p>\n","protected":false},"author":2,"featured_media":14361,"comment_status":"open","ping_status":"open","sticky":false,"template":"","format":"standard","meta":{"advanced_seo_description":"","jetpack_seo_html_title":"","jetpack_seo_noindex":false,"_jetpack_memberships_contains_paid_content":false,"footnotes":"","jetpack_publicize_message":"El sistema penitenciario de San Luis atraviesa uno de sus momentos m\u00e1s delicados tras el sorpresivo allanamiento realizado por Gendarmer\u00eda Nacional en la c\u00e1rcel provincial.","jetpack_publicize_feature_enabled":true,"jetpack_social_post_already_shared":false,"jetpack_social_options":{"image_generator_settings":{"template":"highway","default_image_id":0,"font":"","enabled":false},"version":2}},"categories":[32],"tags":[],"class_list":["post-14360","post","type-post","status-publish","format-standard","has-post-thumbnail","hentry","category-san-luis"],"jetpack_publicize_connections":[],"jetpack_featured_media_url":"https:\/\/i0.wp.com\/calleangosta.com\/ca\/wp-content\/uploads\/2026\/04\/da1a_8kBqBTK7qmMrPh0iWHrpr052WrxpHYZefVFOBgChwbPYpAREGLRzueHPlzQTuWfS8Dyfkprsgz8cJpZWRWLiTuQP8wo5ijvMgbitNz2uGfVLBtCGQCeGSDa-wOa9Hq9xapV-t9zaykW6zyeuLjxftBWlegXxTJaiqOBj34WyvFBi6S2s7SW3KOn5OLP.jpg?fit=1200%2C675&ssl=1","jetpack_sharing_enabled":true,"_links":{"self":[{"href":"https:\/\/calleangosta.com\/ca\/wp-json\/wp\/v2\/posts\/14360","targetHints":{"allow":["GET"]}}],"collection":[{"href":"https:\/\/calleangosta.com\/ca\/wp-json\/wp\/v2\/posts"}],"about":[{"href":"https:\/\/calleangosta.com\/ca\/wp-json\/wp\/v2\/types\/post"}],"author":[{"embeddable":true,"href":"https:\/\/calleangosta.com\/ca\/wp-json\/wp\/v2\/users\/2"}],"replies":[{"embeddable":true,"href":"https:\/\/calleangosta.com\/ca\/wp-json\/wp\/v2\/comments?post=14360"}],"version-history":[{"count":1,"href":"https:\/\/calleangosta.com\/ca\/wp-json\/wp\/v2\/posts\/14360\/revisions"}],"predecessor-version":[{"id":14362,"href":"https:\/\/calleangosta.com\/ca\/wp-json\/wp\/v2\/posts\/14360\/revisions\/14362"}],"wp:featuredmedia":[{"embeddable":true,"href":"https:\/\/calleangosta.com\/ca\/wp-json\/wp\/v2\/media\/14361"}],"wp:attachment":[{"href":"https:\/\/calleangosta.com\/ca\/wp-json\/wp\/v2\/media?parent=14360"}],"wp:term":[{"taxonomy":"category","embeddable":true,"href":"https:\/\/calleangosta.com\/ca\/wp-json\/wp\/v2\/categories?post=14360"},{"taxonomy":"post_tag","embeddable":true,"href":"https:\/\/calleangosta.com\/ca\/wp-json\/wp\/v2\/tags?post=14360"}],"curies":[{"name":"wp","href":"https:\/\/api.w.org\/{rel}","templated":true}]}}