{"id":14363,"date":"2026-04-30T11:28:31","date_gmt":"2026-04-30T14:28:31","guid":{"rendered":"https:\/\/calleangosta.com\/ca\/?p=14363"},"modified":"2026-04-30T11:28:34","modified_gmt":"2026-04-30T14:28:34","slug":"el-consejo-departamental-pedernera-se-pronuncio-por-la-situacion-en-discapacidad","status":"publish","type":"post","link":"https:\/\/calleangosta.com\/ca\/el-consejo-departamental-pedernera-se-pronuncio-por-la-situacion-en-discapacidad\/","title":{"rendered":"El Consejo Departamental Pedernera se pronunci\u00f3 por la situaci\u00f3n en discapacidad"},"content":{"rendered":"\n<p><strong>\u00abNo renunciamos a la Justicia Social\u00bb<\/strong> se titula el documento que el Partido Justicialista del departamento Pedernera en el cual se posiciona totalmente en discordancia con las pol\u00edticas p\u00fablicas implementadas por el Gobierno nacional.<\/p>\n\n\n\n<p><strong><em>\u00bb El proyecto de Milei que afecta a las personas con discapacidad representa el triunfo de la frialdad del mercado sobre la calidez de la comunidad organizada \u00ab<\/em><\/strong> es una de las partes del documento que deja clara la postura del justicialismo departamental. Las pol\u00edticas actuales en materia de discapacidad est\u00e1n generando un escenario cr\u00edtico que golpea de lleno a uno de los sectores m\u00e1s vulnerables de la sociedad. Familias enteras ven recortados o demorados derechos b\u00e1sicos, mientras se acumulan trabas burocr\u00e1ticas, demoras en autorizaciones y una preocupante falta de respuestas concretas por parte del Estado. Lo que deber\u00eda ser un sistema de contenci\u00f3n se ha transformado, para muchos, en una carrera de obst\u00e1culos.<\/p>\n\n\n\n<p>Con una gran cantidad de adhesiones, el Partido Justicialista se pone de frente a las decisiones de un gobierno nacional que parece lejos de las personas m\u00e1s vulnerables de la comunidad.<\/p>\n\n\n\n<div data-wp-interactive=\"core\/file\" class=\"wp-block-file\"><object data-wp-bind--hidden=\"!state.hasPdfPreview\" hidden class=\"wp-block-file__embed\" data=\"https:\/\/calleangosta.com\/ca\/wp-content\/uploads\/2026\/04\/DOCUMENTO-PJ-PEDERNERA-1.pdf\" type=\"application\/pdf\" style=\"width:100%;height:600px\" aria-label=\"Incrustado de DOCUMENTO PJ PEDERNERA (1).\"><\/object><a id=\"wp-block-file--media-7dfefe19-44e4-407e-b10a-fe9a5315f347\" href=\"https:\/\/calleangosta.com\/ca\/wp-content\/uploads\/2026\/04\/DOCUMENTO-PJ-PEDERNERA-1.pdf\">DOCUMENTO PJ PEDERNERA (1)<\/a><a href=\"https:\/\/calleangosta.com\/ca\/wp-content\/uploads\/2026\/04\/DOCUMENTO-PJ-PEDERNERA-1.pdf\" class=\"wp-block-file__button wp-element-button\" download aria-describedby=\"wp-block-file--media-7dfefe19-44e4-407e-b10a-fe9a5315f347\">Descarga<\/a><\/div>\n","protected":false},"excerpt":{"rendered":"<p>\u00abNo renunciamos a la Justicia Social\u00bb se titula el documento que el Partido Justicialista del departamento Pedernera en el cual se posiciona totalmente en discordancia con las pol\u00edticas p\u00fablicas implementadas por el Gobierno nacional. \u00bb El proyecto de Milei que afecta a las personas con discapacidad representa el triunfo de la frialdad del mercado sobre &hellip;<\/p>\n","protected":false},"author":7,"featured_media":14366,"comment_status":"open","ping_status":"open","sticky":false,"template":"","format":"standard","meta":{"advanced_seo_description":"","jetpack_seo_html_title":"","jetpack_seo_noindex":false,"_jetpack_memberships_contains_paid_content":false,"footnotes":"","jetpack_publicize_message":"\"No renunciamos a la Justicia Social\" se titula el documento que el Partido Justicialista del departamento Pedernera en el cual se posiciona totalmente en discordancia con las pol\u00edticas p\u00fablicas implementadas por el Gobierno nacional.","jetpack_publicize_feature_enabled":true,"jetpack_social_post_already_shared":false,"jetpack_social_options":{"image_generator_settings":{"template":"highway","default_image_id":0,"font":"","enabled":false},"version":2}},"categories":[29],"tags":[],"class_list":["post-14363","post","type-post","status-publish","format-standard","has-post-thumbnail","hentry","category-actualidad"],"jetpack_publicize_connections":[],"jetpack_featured_media_url":"https:\/\/i0.wp.com\/calleangosta.com\/ca\/wp-content\/uploads\/2026\/04\/sede.png?fit=746%2C392&ssl=1","jetpack_sharing_enabled":true,"_links":{"self":[{"href":"https:\/\/calleangosta.com\/ca\/wp-json\/wp\/v2\/posts\/14363","targetHints":{"allow":["GET"]}}],"collection":[{"href":"https:\/\/calleangosta.com\/ca\/wp-json\/wp\/v2\/posts"}],"about":[{"href":"https:\/\/calleangosta.com\/ca\/wp-json\/wp\/v2\/types\/post"}],"author":[{"embeddable":true,"href":"https:\/\/calleangosta.com\/ca\/wp-json\/wp\/v2\/users\/7"}],"replies":[{"embeddable":true,"href":"https:\/\/calleangosta.com\/ca\/wp-json\/wp\/v2\/comments?post=14363"}],"version-history":[{"count":1,"href":"https:\/\/calleangosta.com\/ca\/wp-json\/wp\/v2\/posts\/14363\/revisions"}],"predecessor-version":[{"id":14367,"href":"https:\/\/calleangosta.com\/ca\/wp-json\/wp\/v2\/posts\/14363\/revisions\/14367"}],"wp:featuredmedia":[{"embeddable":true,"href":"https:\/\/calleangosta.com\/ca\/wp-json\/wp\/v2\/media\/14366"}],"wp:attachment":[{"href":"https:\/\/calleangosta.com\/ca\/wp-json\/wp\/v2\/media?parent=14363"}],"wp:term":[{"taxonomy":"category","embeddable":true,"href":"https:\/\/calleangosta.com\/ca\/wp-json\/wp\/v2\/categories?post=14363"},{"taxonomy":"post_tag","embeddable":true,"href":"https:\/\/calleangosta.com\/ca\/wp-json\/wp\/v2\/tags?post=14363"}],"curies":[{"name":"wp","href":"https:\/\/api.w.org\/{rel}","templated":true}]}}