{"id":16419,"date":"2026-09-03T10:11:40","date_gmt":"2026-09-03T13:11:40","guid":{"rendered":"https:\/\/calleangosta.com\/ca\/?p=16419"},"modified":"2026-09-03T10:11:45","modified_gmt":"2026-09-03T13:11:45","slug":"reforma-constitucional-en-san-luis-el-oficialismo-consiguio-los-votos-y-ahora-empieza-la-batalla-politica","status":"publish","type":"post","link":"https:\/\/calleangosta.com\/ca\/reforma-constitucional-en-san-luis-el-oficialismo-consiguio-los-votos-y-ahora-empieza-la-batalla-politica\/","title":{"rendered":"Reforma constitucional en San Luis: el oficialismo consigui\u00f3 los votos y ahora empieza la batalla pol\u00edtica"},"content":{"rendered":"\n<h4 class=\"wp-block-heading\"><strong>Con 30 votos a favor y 13 en contra, la C\u00e1mara de Diputados convirti\u00f3 en ley la declaraci\u00f3n de necesidad de reforma parcial de la Constituci\u00f3n provincial. El poggismo logr\u00f3 superar los dos tercios requeridos y abri\u00f3 un proceso que tendr\u00e1 su pr\u00f3ximo cap\u00edtulo en las elecciones de 2027, cuando los sanluise\u00f1os deber\u00e1n elegir a los 52 convencionales constituyentes.<\/strong><\/h4>\n\n\n\n<p class=\"wp-block-paragraph\">La Legislatura de San Luis dio este mi\u00e9rcoles el paso que habilita formalmente la reforma parcial de la Constituci\u00f3n provincial. El proyecto impulsado por el gobernador Claudio Poggi consigui\u00f3 30 votos, uno m\u00e1s de los 29 necesarios, y fue aprobado con el respaldo del oficialismo y sus aliados, mientras que el bloque Justicialista rechaz\u00f3 la iniciativa. La particularidad pol\u00edtica de la jornada fue el acompa\u00f1amiento de la diputada Florencia Palacios, cuyo voto termin\u00f3 siendo determinante para ampliar el margen de aprobaci\u00f3n.<\/p>\n\n\n\n<p class=\"wp-block-paragraph\">El oficialismo present\u00f3 la reforma como una oportunidad para fortalecer las instituciones, limitar la permanencia de los gobernantes en el poder y actualizar una Constituci\u00f3n sancionada en 1987. Entre los cambios habilitados aparecen la limitaci\u00f3n de los mandatos del gobernador a dos per\u00edodos, el eventual balotaje, la eliminaci\u00f3n de las elecciones legislativas de medio t\u00e9rmino, modificaciones en el funcionamiento de la Justicia y del Ministerio P\u00fablico, nuevos derechos digitales, la protecci\u00f3n constitucional del agua y cambios vinculados con la educaci\u00f3n y los organismos de control.<\/p>\n\n\n\n<p class=\"wp-block-paragraph\">Pero el debate legislativo dej\u00f3 expuesta otra discusi\u00f3n: <strong>qui\u00e9nes ganan y qui\u00e9nes pierden con las reglas de transici\u00f3n<\/strong>. Uno de los puntos m\u00e1s cuestionados por la oposici\u00f3n es que los legisladores elegidos en 2025 podr\u00edan extender sus mandatos hasta 2031 si la Convenci\u00f3n elimina las elecciones de medio t\u00e9rmino. Tambi\u00e9n qued\u00f3 bajo discusi\u00f3n la cl\u00e1usula que considera el mandato 2023-2027 de Poggi como su primer per\u00edodo a los efectos del nuevo r\u00e9gimen. Para el oficialismo, esto significa poner un l\u00edmite definitivo a una eventual tercera reelecci\u00f3n; para la oposici\u00f3n, constituye una modificaci\u00f3n con consecuencias pol\u00edticas inmediatas y cuestiona el modo en que fue construido el consenso necesario para llegar a los dos tercios.<\/p>\n\n\n\n<p class=\"wp-block-paragraph\">Ahora comienza una etapa todav\u00eda m\u00e1s importante que la votaci\u00f3n de Diputados. <strong>La Constituci\u00f3n no fue reformada: se habilit\u00f3 la posibilidad de reformarla.<\/strong> La pr\u00f3xima elecci\u00f3n provincial ser\u00e1 tambi\u00e9n la elecci\u00f3n de los 52 convencionales constituyentes, distribuidos entre los nueve departamentos de San Luis. La Convenci\u00f3n deber\u00e1 comenzar a funcionar dentro de los 30 d\u00edas posteriores a la proclamaci\u00f3n de sus integrantes y tendr\u00e1 inicialmente 60 d\u00edas para completar su tarea, con posibilidad de una pr\u00f3rroga de 30 d\u00edas.<\/p>\n\n\n\n<p class=\"wp-block-paragraph\">En otras palabras, la discusi\u00f3n constitucional ya dej\u00f3 de ser exclusivamente jur\u00eddica. <strong>Se convirti\u00f3 en una disputa electoral.<\/strong> Cada espacio pol\u00edtico deber\u00e1 definir qu\u00e9 modelo de provincia quiere defender y, sobre todo, qu\u00e9 representaci\u00f3n pretende conseguir en la Convenci\u00f3n de 2027. Para el oficialismo ser\u00e1 una oportunidad para consolidar el nuevo esquema institucional que impulsa Poggi; para el peronismo y el resto de la oposici\u00f3n, el desaf\u00edo ser\u00e1 transformar las cr\u00edticas formuladas durante el debate legislativo en una propuesta pol\u00edtica capaz de disputar la futura Constituci\u00f3n.<\/p>\n\n\n\n<p class=\"wp-block-paragraph\">San Luis entra as\u00ed en un escenario in\u00e9dito: durante 2027 no solamente estar\u00e1n en juego cargos ejecutivos y legislativos. Tambi\u00e9n se discutir\u00e1 el marco institucional que regir\u00e1 buena parte de la vida pol\u00edtica provincial durante las pr\u00f3ximas d\u00e9cadas. Y esa pelea, probablemente, ya empez\u00f3.<\/p>\n","protected":false},"excerpt":{"rendered":"<p>Con 30 votos a favor y 13 en contra, la C\u00e1mara de Diputados convirti\u00f3 en ley la declaraci\u00f3n de necesidad de reforma parcial de la Constituci\u00f3n provincial. El poggismo logr\u00f3 superar los dos tercios requeridos y abri\u00f3 un proceso que tendr\u00e1 su pr\u00f3ximo cap\u00edtulo en las elecciones de 2027, cuando los sanluise\u00f1os deber\u00e1n elegir a &hellip;<\/p>\n","protected":false},"author":2,"featured_media":16420,"comment_status":"open","ping_status":"open","sticky":false,"template":"","format":"standard","meta":{"advanced_seo_description":"","jetpack_seo_html_title":"","jetpack_seo_noindex":false,"jetpack_seo_schema_type":"","_jetpack_newsletter_access":"","_jetpack_dont_email_post_to_subs":false,"_jetpack_newsletter_tier_id":0,"_jetpack_memberships_contains_paywalled_content":false,"_jetpack_feature_clip_id":0,"_jetpack_memberships_contains_paid_content":false,"footnotes":"","jetpack_publicize_message":"Reforma constitucional en San Luis: el oficialismo consigui\u00f3 los votos y ahora empieza la batalla pol\u00edtica\n\nCon 30 votos a favor y 13 en contra, la C\u00e1mara de Diputados convirti\u00f3 en ley la declaraci\u00f3n de necesidad de reforma parcial de la Constituci\u00f3n provincial.","jetpack_publicize_feature_enabled":true,"jetpack_social_post_already_shared":false,"jetpack_social_options":{"image_generator_settings":{"template":"highway","default_image_id":0,"font":"","enabled":false},"version":2},"jetpack_post_was_ever_published":false},"categories":[32],"tags":[],"class_list":["post-16419","post","type-post","status-publish","format-standard","has-post-thumbnail","hentry","category-san-luis"],"jetpack_publicize_connections":[],"jetpack_sharing_enabled":true,"jetpack_featured_media_url":"https:\/\/i0.wp.com\/calleangosta.com\/ca\/wp-content\/uploads\/2026\/09\/ChatGPT-Image-3-sept-2026-10_09_23.png?fit=1536%2C1024&ssl=1","_links":{"self":[{"href":"https:\/\/calleangosta.com\/ca\/wp-json\/wp\/v2\/posts\/16419","targetHints":{"allow":["GET"]}}],"collection":[{"href":"https:\/\/calleangosta.com\/ca\/wp-json\/wp\/v2\/posts"}],"about":[{"href":"https:\/\/calleangosta.com\/ca\/wp-json\/wp\/v2\/types\/post"}],"author":[{"embeddable":true,"href":"https:\/\/calleangosta.com\/ca\/wp-json\/wp\/v2\/users\/2"}],"replies":[{"embeddable":true,"href":"https:\/\/calleangosta.com\/ca\/wp-json\/wp\/v2\/comments?post=16419"}],"version-history":[{"count":1,"href":"https:\/\/calleangosta.com\/ca\/wp-json\/wp\/v2\/posts\/16419\/revisions"}],"predecessor-version":[{"id":16421,"href":"https:\/\/calleangosta.com\/ca\/wp-json\/wp\/v2\/posts\/16419\/revisions\/16421"}],"wp:featuredmedia":[{"embeddable":true,"href":"https:\/\/calleangosta.com\/ca\/wp-json\/wp\/v2\/media\/16420"}],"wp:attachment":[{"href":"https:\/\/calleangosta.com\/ca\/wp-json\/wp\/v2\/media?parent=16419"}],"wp:term":[{"taxonomy":"category","embeddable":true,"href":"https:\/\/calleangosta.com\/ca\/wp-json\/wp\/v2\/categories?post=16419"},{"taxonomy":"post_tag","embeddable":true,"href":"https:\/\/calleangosta.com\/ca\/wp-json\/wp\/v2\/tags?post=16419"}],"curies":[{"name":"wp","href":"https:\/\/api.w.org\/{rel}","templated":true}]}}