{"id":16423,"date":"2026-09-03T10:15:03","date_gmt":"2026-09-03T13:15:03","guid":{"rendered":"https:\/\/calleangosta.com\/ca\/?p=16423"},"modified":"2026-09-03T10:15:06","modified_gmt":"2026-09-03T13:15:06","slug":"monsenor-gabriel-barba-mantuvo-una-audiencia-privada-con-el-papa-leon-xiv-en-el-vaticano","status":"publish","type":"post","link":"https:\/\/calleangosta.com\/ca\/monsenor-gabriel-barba-mantuvo-una-audiencia-privada-con-el-papa-leon-xiv-en-el-vaticano\/","title":{"rendered":"Monse\u00f1or Gabriel Barba mantuvo una audiencia privada con el papa Le\u00f3n XIV en el Vaticano"},"content":{"rendered":"\n<p class=\"wp-block-paragraph\"><strong>El obispo de San Luis expuso la realidad pastoral y social de la provincia en la Biblioteca Privada del Palacio Apost\u00f3lico, en un encuentro marco previo a la visita del Pont\u00edfice a la Argentina.<\/strong><\/p>\n\n\n\n<p class=\"wp-block-paragraph\">El obispo de la Di\u00f3cesis de San Luis, monse\u00f1or Gabriel Bernardo Barba, fue recibido en audiencia privada por el papa Le\u00f3n XIV en la Biblioteca Privada del Palacio Apost\u00f3lico del Vaticano. El encuentro se concret\u00f3 a las 10:30 (hora de Roma) tras una solicitud tramitada por el propio prelado.<\/p>\n\n\n\n<p class=\"wp-block-paragraph\">Durante la reuni\u00f3n, Barba expuso un informe sobre la situaci\u00f3n pastoral de la Iglesia local y la coyuntura socioecon\u00f3mica del pueblo sanluise\u00f1o. Tras la audiencia, el obispo emiti\u00f3 un mensaje en el que remarc\u00f3 la predisposici\u00f3n del Pont\u00edfice: <em>\u00abMe ha recibido con mucha tranquilidad, me ha escuchado con mucha atenci\u00f3n y he tenido la oportunidad de hacerle presente la realidad de la Iglesia de San Luis y la realidad del pueblo de San Luis\u00bb<\/em>.<\/p>\n\n\n\n<p class=\"wp-block-paragraph\">Seg\u00fan detall\u00f3 el obispo, el Santo Padre respald\u00f3 la orientaci\u00f3n de la gesti\u00f3n diocesana: <em>\u00abTodo lo ha seguido con mucha atenci\u00f3n y ha confirmado y me ha felicitado por algunas decisiones que he tomado. Me anim\u00f3 a seguir en el camino emprendido y en el cuidado especial de las personas, en el cuidado de su humanidad\u00bb<\/em>. Finalizada la audiencia, Le\u00f3n XIV imparti\u00f3 la Bendici\u00f3n Apost\u00f3lica para la comunidad puntana.<\/p>\n\n\n\n<h3 class=\"wp-block-heading\">La agenda de la visita papal a la Argentina<\/h3>\n\n\n\n<p class=\"wp-block-paragraph\">El encuentro se produjo a dos meses de la visita oficial de Le\u00f3n XIV a la Argentina, programada del 8 al 11 de noviembre. Aunque el programa definitivo aguarda la ratificaci\u00f3n de la Santa Sede, el esquema preliminar comprende actividades en la Ciudad Aut\u00f3noma de Buenos Aires, la provincia de Buenos Aires y C\u00f3rdoba.<\/p>\n\n\n\n<p class=\"wp-block-paragraph\">Entre los hitos previstos en la agenda log\u00edstica se incluyen una misa central, un encuentro con la juventud, una visita pastoral a la c\u00e1rcel de Devoto, un oficio religioso en la Bas\u00edlica de Luj\u00e1n y una celebraci\u00f3n multitudinaria en suelo cordob\u00e9s.<\/p>\n","protected":false},"excerpt":{"rendered":"<p>El obispo de San Luis expuso la realidad pastoral y social de la provincia en la Biblioteca Privada del Palacio Apost\u00f3lico, en un encuentro marco previo a la visita del Pont\u00edfice a la Argentina. El obispo de la Di\u00f3cesis de San Luis, monse\u00f1or Gabriel Bernardo Barba, fue recibido en audiencia privada por el papa Le\u00f3n &hellip;<\/p>\n","protected":false},"author":2,"featured_media":16424,"comment_status":"open","ping_status":"open","sticky":false,"template":"","format":"standard","meta":{"advanced_seo_description":"","jetpack_seo_html_title":"","jetpack_seo_noindex":false,"jetpack_seo_schema_type":"","_jetpack_newsletter_access":"","_jetpack_dont_email_post_to_subs":false,"_jetpack_newsletter_tier_id":0,"_jetpack_memberships_contains_paywalled_content":false,"_jetpack_feature_clip_id":0,"_jetpack_memberships_contains_paid_content":false,"footnotes":"","jetpack_publicize_message":"Monse\u00f1or Gabriel Barba mantuvo una audiencia privada con el papa Le\u00f3n XIV en el Vaticano\n\nEl obispo de San Luis expuso la realidad pastoral y social de la provincia en la Biblioteca Privada del Palacio Apost\u00f3lico, en un encuentro marco previo a la visita del Pont\u00edfice a la Argentina","jetpack_publicize_feature_enabled":true,"jetpack_social_post_already_shared":false,"jetpack_social_options":{"image_generator_settings":{"template":"highway","default_image_id":0,"font":"","enabled":false},"version":2},"jetpack_post_was_ever_published":false},"categories":[29],"tags":[],"class_list":["post-16423","post","type-post","status-publish","format-standard","has-post-thumbnail","hentry","category-actualidad"],"jetpack_publicize_connections":[],"jetpack_sharing_enabled":true,"jetpack_featured_media_url":"https:\/\/i0.wp.com\/calleangosta.com\/ca\/wp-content\/uploads\/2026\/09\/md.jpg?fit=992%2C637&ssl=1","_links":{"self":[{"href":"https:\/\/calleangosta.com\/ca\/wp-json\/wp\/v2\/posts\/16423","targetHints":{"allow":["GET"]}}],"collection":[{"href":"https:\/\/calleangosta.com\/ca\/wp-json\/wp\/v2\/posts"}],"about":[{"href":"https:\/\/calleangosta.com\/ca\/wp-json\/wp\/v2\/types\/post"}],"author":[{"embeddable":true,"href":"https:\/\/calleangosta.com\/ca\/wp-json\/wp\/v2\/users\/2"}],"replies":[{"embeddable":true,"href":"https:\/\/calleangosta.com\/ca\/wp-json\/wp\/v2\/comments?post=16423"}],"version-history":[{"count":1,"href":"https:\/\/calleangosta.com\/ca\/wp-json\/wp\/v2\/posts\/16423\/revisions"}],"predecessor-version":[{"id":16425,"href":"https:\/\/calleangosta.com\/ca\/wp-json\/wp\/v2\/posts\/16423\/revisions\/16425"}],"wp:featuredmedia":[{"embeddable":true,"href":"https:\/\/calleangosta.com\/ca\/wp-json\/wp\/v2\/media\/16424"}],"wp:attachment":[{"href":"https:\/\/calleangosta.com\/ca\/wp-json\/wp\/v2\/media?parent=16423"}],"wp:term":[{"taxonomy":"category","embeddable":true,"href":"https:\/\/calleangosta.com\/ca\/wp-json\/wp\/v2\/categories?post=16423"},{"taxonomy":"post_tag","embeddable":true,"href":"https:\/\/calleangosta.com\/ca\/wp-json\/wp\/v2\/tags?post=16423"}],"curies":[{"name":"wp","href":"https:\/\/api.w.org\/{rel}","templated":true}]}}