{"id":16428,"date":"2026-09-03T11:38:39","date_gmt":"2026-09-03T14:38:39","guid":{"rendered":"https:\/\/calleangosta.com\/ca\/?p=16428"},"modified":"2026-09-03T11:57:48","modified_gmt":"2026-09-03T14:57:48","slug":"poggi-y-un-poco-de-realidad","status":"publish","type":"post","link":"https:\/\/calleangosta.com\/ca\/poggi-y-un-poco-de-realidad\/","title":{"rendered":"Poggi y un poco de realidad"},"content":{"rendered":"\n<p class=\"wp-block-paragraph\">Con motivo de su visita semanal a Villa Mercedes, este jueves, el gobernador Claudio Poggi tuvo que enfrentar protestas de parte de trabajadores de la construcci\u00f3n que hace d\u00edas en nuestra ciudad vienen protagonizando distintas protestas que evidencian claras deficiencias en el plan que lleva adelante el gobierno provincial, plan que no supone ninguna novedad pol\u00edtica, ni tampoco econ\u00f3mica, ya que resulta irrisorio pensar que la construcci\u00f3n de unas pocas viviendas en toda la provincia motoricen una econom\u00eda que se encuentra entre las m\u00e1s afectadas por la \u00abmacro\u00bb tan festejada por el gobierno nacional.<\/p>\n\n\n\n<p class=\"wp-block-paragraph\">Precisamente los datos nacionales del sector de la construcci\u00f3n son alarmantes : <\/p>\n\n\n\n<p class=\"wp-block-paragraph\">A partir de diciembre de 2023, la pol\u00edtica macroecon\u00f3mica del Gobierno Nacional implement\u00f3 un ajuste fiscal sobre las partidas de capital. La decisi\u00f3n de frenar la obra p\u00fablica financiada por la Naci\u00f3n paraliz\u00f3 el sector de la construcci\u00f3n a nivel federal.<\/p>\n\n\n\n<ul class=\"wp-block-list\">\n<li><strong>Ca\u00edda de la Actividad:<\/strong> Durante 2024, el Indicador Sint\u00e9tico de la Actividad de la Construcci\u00f3n (ISAC) registr\u00f3 un retroceso acumulado de <strong>27,4%<\/strong>. A pesar de leves rebrotes estacionales en 2025 y 2026, la inversi\u00f3n real acumulada en infraestructura nacional se redujo m\u00e1s de un <strong>32%<\/strong> acumulado.<\/li>\n\n\n\n<li><strong>Destrucci\u00f3n de Empleo Registrado:<\/strong> La C\u00e1mara Argentina de la Construcci\u00f3n (CAMARCO) y la UOCRA estiman la p\u00e9rdida de <strong>100.000 a 130.000 puestos de trabajo directos<\/strong> a nivel nacional en comparaci\u00f3n con fines de 2023. M\u00e1s del 50% de las bajas correspondieron a proyectos de vivienda social paralizados.<\/li>\n\n\n\n<li><strong>Inversi\u00f3n Provincial:<\/strong> Las provincias destinaron en promedio apenas un <strong>9,5%<\/strong> de su gasto consolidado a infraestructura en 2025, el nivel m\u00e1s bajo en d\u00e9cadas.<\/li>\n<\/ul>\n\n\n\n<h3 class=\"wp-block-heading\">Impacto en San Luis y la Econom\u00eda Local<\/h3>\n\n\n\n<p class=\"wp-block-paragraph\">Hist\u00f3ricamente, la provincia de San Luis mantuvo un modelo de desarrollo fuertemente dependiente de la obra p\u00fablica financiada con fondos provinciales y remesas de origen nacional (viviendas sociales, vialidad, infraestructura h\u00eddrica y saneamiento). La par\u00e1lisis nacional y el reajuste presupuestario provincial provocaron una alteraci\u00f3n de su din\u00e1mica econ\u00f3mica.<\/p>\n\n\n\n<ul class=\"wp-block-list\">\n<li><strong>Paralizaci\u00f3n de Obras Clave:<\/strong> La suspensi\u00f3n de giros nacionales fren\u00f3 la ejecuci\u00f3n y mantenimiento de corredores viales clave (rutas nacionales 146 y 147), proyectos h\u00eddricos proyectados en el interior de la provincia y barrios en construcci\u00f3n del plan de vivienda social.<\/li>\n\n\n\n<li><strong>Tensi\u00f3n Presupuestaria Provincal:<\/strong> La administraci\u00f3n provincial enfrent\u00f3 restricciones fiscales que impidieron absorber con recursos propios la totalidad de las obras antes cofinanciadas por el Estado Nacional. Esto oblig\u00f3 a priorizar partidas operativas de gasto corriente por encima de los gastos de capital.<\/li>\n\n\n\n<li><strong>Cadena de Pagos Contra\u00edda:<\/strong> El freno impact\u00f3 de manera inmediata en la red de proveedores locales: corralones, canteras, talleres metal\u00fargicos, transporte de carga y servicios de ingenier\u00eda en los principales aglomerados (Gran San Luis y Villa Mercedes).<\/li>\n<\/ul>\n","protected":false},"excerpt":{"rendered":"<p>Con motivo de su visita semanal a Villa Mercedes, este jueves, el gobernador Claudio Poggi tuvo que enfrentar protestas de parte de trabajadores de la construcci\u00f3n que hace d\u00edas en nuestra ciudad vienen protagonizando distintas protestas que evidencian claras deficiencias en el plan que lleva adelante el gobierno provincial, plan que no supone ninguna novedad &hellip;<\/p>\n","protected":false},"author":2,"featured_media":16429,"comment_status":"open","ping_status":"open","sticky":false,"template":"","format":"standard","meta":{"advanced_seo_description":"","jetpack_seo_html_title":"","jetpack_seo_noindex":false,"jetpack_seo_schema_type":"","_jetpack_newsletter_access":"","_jetpack_dont_email_post_to_subs":false,"_jetpack_newsletter_tier_id":0,"_jetpack_memberships_contains_paywalled_content":false,"_jetpack_feature_clip_id":0,"_jetpack_memberships_contains_paid_content":false,"footnotes":"","jetpack_publicize_message":"Poggi y un poco de realidad\n\nCon motivo de su visita semanal a Villa Mercedes, el gobernador Claudio Poggi tuvo que enfrentar protestas de parte de trabajadores de la construcci\u00f3n que hace d\u00edas en nuestra ciudad vienen protagonizando distintas protestas que evidencian claras deficiencias en el plan que lleva adelante el gobierno provincial, plan que no supone ninguna novedad pol\u00edtica.","jetpack_publicize_feature_enabled":true,"jetpack_social_post_already_shared":false,"jetpack_social_options":{"image_generator_settings":{"template":"highway","default_image_id":0,"font":"","enabled":false},"version":2},"jetpack_post_was_ever_published":false},"categories":[33],"tags":[],"class_list":["post-16428","post","type-post","status-publish","format-standard","has-post-thumbnail","hentry","category-villa-mercedes-actualidad"],"jetpack_publicize_connections":[],"jetpack_sharing_enabled":true,"jetpack_featured_media_url":"https:\/\/i0.wp.com\/calleangosta.com\/ca\/wp-content\/uploads\/2026\/09\/1001098214-e1788446225946.png?fit=656%2C467&ssl=1","_links":{"self":[{"href":"https:\/\/calleangosta.com\/ca\/wp-json\/wp\/v2\/posts\/16428","targetHints":{"allow":["GET"]}}],"collection":[{"href":"https:\/\/calleangosta.com\/ca\/wp-json\/wp\/v2\/posts"}],"about":[{"href":"https:\/\/calleangosta.com\/ca\/wp-json\/wp\/v2\/types\/post"}],"author":[{"embeddable":true,"href":"https:\/\/calleangosta.com\/ca\/wp-json\/wp\/v2\/users\/2"}],"replies":[{"embeddable":true,"href":"https:\/\/calleangosta.com\/ca\/wp-json\/wp\/v2\/comments?post=16428"}],"version-history":[{"count":2,"href":"https:\/\/calleangosta.com\/ca\/wp-json\/wp\/v2\/posts\/16428\/revisions"}],"predecessor-version":[{"id":16431,"href":"https:\/\/calleangosta.com\/ca\/wp-json\/wp\/v2\/posts\/16428\/revisions\/16431"}],"wp:featuredmedia":[{"embeddable":true,"href":"https:\/\/calleangosta.com\/ca\/wp-json\/wp\/v2\/media\/16429"}],"wp:attachment":[{"href":"https:\/\/calleangosta.com\/ca\/wp-json\/wp\/v2\/media?parent=16428"}],"wp:term":[{"taxonomy":"category","embeddable":true,"href":"https:\/\/calleangosta.com\/ca\/wp-json\/wp\/v2\/categories?post=16428"},{"taxonomy":"post_tag","embeddable":true,"href":"https:\/\/calleangosta.com\/ca\/wp-json\/wp\/v2\/tags?post=16428"}],"curies":[{"name":"wp","href":"https:\/\/api.w.org\/{rel}","templated":true}]}}