{"id":16440,"date":"2026-09-04T09:38:58","date_gmt":"2026-09-04T12:38:58","guid":{"rendered":"https:\/\/calleangosta.com\/ca\/?p=16440"},"modified":"2026-09-04T09:39:02","modified_gmt":"2026-09-04T12:39:02","slug":"villa-mercedes-a-puro-ritmo-musica-teatro-y-baile","status":"publish","type":"post","link":"https:\/\/calleangosta.com\/ca\/villa-mercedes-a-puro-ritmo-musica-teatro-y-baile\/","title":{"rendered":"Villa Mercedes a puro ritmo: m\u00fasica, teatro y baile"},"content":{"rendered":"\n<h4 class=\"wp-block-heading\">La agenda cultural de Villa Mercedes vuelve a ofrecer una amplia variedad de propuestas para este fin de semana, con opciones para distintos gustos y edades. Folclore, rock nacional, tango, teatro, m\u00fasica popular y electr\u00f3nica forman parte de una cartelera que tendr\u00e1 escenarios repartidos por distintos puntos de la ciudad. <\/h4>\n\n\n\n<p class=\"wp-block-paragraph\"><strong>El viernes<\/strong>, la actividad comenzar\u00e1 a las 18 en la Casa de la Cultura, con el encuentro <strong>\u201cEducar sin manual: cuando la crianza se vuelve irrespetuosa\u201d<\/strong>, una charla abierta y gratuita sobre crianza y l\u00edmites. Ya por la noche, a las 22, <strong>Modesto<\/strong>, en San Mart\u00edn y Sarmiento, tendr\u00e1 una propuesta folcl\u00f3rica encabezada por <strong>Yoni Ledesma y sus amigos<\/strong>, con artistas invitados. Desde la medianoche, <strong>Morrison<\/strong> recibir\u00e1 un tributo a Gustavo Cerati, con C\u00e9sar Guerberoff como protagonista.<\/p>\n\n\n\n<p class=\"wp-block-paragraph\"><strong>El s\u00e1bado<\/strong>, la agenda se multiplica. A las 19, el Teatro El Viejo Mercado ser\u00e1 escenario de la gala por el quinto aniversario de <strong>El Bandone\u00f3n, Alma de Tango<\/strong>. A las 21:30, el Boliche Don Miranda propone una noche rom\u00e1ntica y bailable con <strong>\u201cLos Iracundos, el mejor tributo en gira por el pa\u00eds\u201d<\/strong>, junto a Alejandro Bustos. Desde las 22, las alternativas incluyen rock nacional con <strong>Daro Villegas en Modesto<\/strong>, el homenaje a <strong>Los Enanitos Verdes<\/strong> con \u201cNo tan verdes\u201d en Espacio Mandala y m\u00fasica para bailar con <strong>Mamboleo en Adimanto<\/strong>. <\/p>\n\n\n\n<p class=\"wp-block-paragraph\">La noche tambi\u00e9n tendr\u00e1 una opci\u00f3n teatral con <strong>\u201cAmores raros\u201d<\/strong>, en La Oveja Negra, dentro del ciclo Pica Pica. La propuesta re\u00fane tres obras cortas de humor surgidas del taller de actuaci\u00f3n dirigido por Javier Vivas. Para quienes prefieran la electr\u00f3nica, <strong>Estaci\u00f3n 57<\/strong> volver\u00e1 a convertir el tren en pista de baile con Emi Llopiz y Lucas Rold\u00e1n. Y pasada la medianoche, desde las 00:45, <strong>El Tablao<\/strong> cerrar\u00e1 la jornada con m\u00fasica popular en vivo a cargo de <strong>Aldo y los Diamantes y La Zabrosona<\/strong>. <\/p>\n\n\n\n<p class=\"wp-block-paragraph\">Una agenda cargada que confirma una caracter\u00edstica de Villa Mercedes: cuando llega el fin de semana, la ciudad no se queda precisamente en silencio.<\/p>\n","protected":false},"excerpt":{"rendered":"<p>La agenda cultural de Villa Mercedes vuelve a ofrecer una amplia variedad de propuestas para este fin de semana, con opciones para distintos gustos y edades. Folclore, rock nacional, tango, teatro, m\u00fasica popular y electr\u00f3nica forman parte de una cartelera que tendr\u00e1 escenarios repartidos por distintos puntos de la ciudad. El viernes, la actividad comenzar\u00e1 &hellip;<\/p>\n","protected":false},"author":2,"featured_media":16441,"comment_status":"open","ping_status":"open","sticky":false,"template":"","format":"standard","meta":{"advanced_seo_description":"","jetpack_seo_html_title":"","jetpack_seo_noindex":false,"jetpack_seo_schema_type":"","_jetpack_newsletter_access":"","_jetpack_dont_email_post_to_subs":false,"_jetpack_newsletter_tier_id":0,"_jetpack_memberships_contains_paywalled_content":false,"_jetpack_feature_clip_id":0,"_jetpack_memberships_contains_paid_content":false,"footnotes":"","jetpack_publicize_message":"Villa Mercedes se prepara para un fin de semana a puro ritmo: m\u00fasica, teatro y baile\n\nLa agenda cultural de Villa Mercedes vuelve a ofrecer una amplia variedad de propuestas para este fin de semana, con opciones para distintos gustos y edades. ","jetpack_publicize_feature_enabled":true,"jetpack_social_post_already_shared":false,"jetpack_social_options":{"image_generator_settings":{"template":"highway","default_image_id":0,"font":"","enabled":false},"version":2},"jetpack_post_was_ever_published":false},"categories":[33],"tags":[],"class_list":["post-16440","post","type-post","status-publish","format-standard","has-post-thumbnail","hentry","category-villa-mercedes-actualidad"],"jetpack_publicize_connections":[],"jetpack_sharing_enabled":true,"jetpack_featured_media_url":"https:\/\/i0.wp.com\/calleangosta.com\/ca\/wp-content\/uploads\/2026\/09\/ChatGPT-Image-4-sept-2026-09_27_09.png?fit=1536%2C1024&ssl=1","_links":{"self":[{"href":"https:\/\/calleangosta.com\/ca\/wp-json\/wp\/v2\/posts\/16440","targetHints":{"allow":["GET"]}}],"collection":[{"href":"https:\/\/calleangosta.com\/ca\/wp-json\/wp\/v2\/posts"}],"about":[{"href":"https:\/\/calleangosta.com\/ca\/wp-json\/wp\/v2\/types\/post"}],"author":[{"embeddable":true,"href":"https:\/\/calleangosta.com\/ca\/wp-json\/wp\/v2\/users\/2"}],"replies":[{"embeddable":true,"href":"https:\/\/calleangosta.com\/ca\/wp-json\/wp\/v2\/comments?post=16440"}],"version-history":[{"count":1,"href":"https:\/\/calleangosta.com\/ca\/wp-json\/wp\/v2\/posts\/16440\/revisions"}],"predecessor-version":[{"id":16442,"href":"https:\/\/calleangosta.com\/ca\/wp-json\/wp\/v2\/posts\/16440\/revisions\/16442"}],"wp:featuredmedia":[{"embeddable":true,"href":"https:\/\/calleangosta.com\/ca\/wp-json\/wp\/v2\/media\/16441"}],"wp:attachment":[{"href":"https:\/\/calleangosta.com\/ca\/wp-json\/wp\/v2\/media?parent=16440"}],"wp:term":[{"taxonomy":"category","embeddable":true,"href":"https:\/\/calleangosta.com\/ca\/wp-json\/wp\/v2\/categories?post=16440"},{"taxonomy":"post_tag","embeddable":true,"href":"https:\/\/calleangosta.com\/ca\/wp-json\/wp\/v2\/tags?post=16440"}],"curies":[{"name":"wp","href":"https:\/\/api.w.org\/{rel}","templated":true}]}}