{"id":16444,"date":"2026-09-04T10:26:02","date_gmt":"2026-09-04T13:26:02","guid":{"rendered":"https:\/\/calleangosta.com\/ca\/?p=16444"},"modified":"2026-09-04T10:31:39","modified_gmt":"2026-09-04T13:31:39","slug":"justo-daract-le-pone-musica-a-su-historia","status":"publish","type":"post","link":"https:\/\/calleangosta.com\/ca\/justo-daract-le-pone-musica-a-su-historia\/","title":{"rendered":"Justo Daract le pone m\u00fasica a su historia"},"content":{"rendered":"\n<h4 class=\"wp-block-heading\"><strong>La localidad inaugur\u00f3 un Centro Internacional de Exposiciones de Instrumentos de Tango, con piezas hist\u00f3ricas provenientes de Europa y un proyecto que apunta a convertirse en un museo de alcance internacional.<\/strong> El Intendente Dominguez encabez\u00f3 la apertura.<\/h4>\n\n\n\n<p class=\"wp-block-paragraph\">Justo Daract sum\u00f3 un nuevo espacio dedicado a preservar y difundir la cultura del tango. Se trata del Centro Internacional de Exposiciones de Instrumentos de Tango, inaugurado en el Centro de Exposiciones Culturales Vicente Lucero, una iniciativa que combina patrimonio, historia y v\u00ednculos culturales internacionales.<\/p>\n\n\n<div class=\"wp-block-image\">\n<figure class=\"aligncenter size-large\"><img data-recalc-dims=\"1\" loading=\"lazy\" decoding=\"async\" width=\"600\" height=\"343\" data-attachment-id=\"16445\" data-permalink=\"https:\/\/calleangosta.com\/ca\/justo-daract-le-pone-musica-a-su-historia\/img-20260903-wa0083\/\" data-orig-file=\"https:\/\/i0.wp.com\/calleangosta.com\/ca\/wp-content\/uploads\/2026\/09\/IMG-20260903-WA0083.jpg?fit=770%2C440&amp;ssl=1\" data-orig-size=\"770,440\" data-comments-opened=\"1\" data-image-meta=\"{&quot;aperture&quot;:&quot;0&quot;,&quot;credit&quot;:&quot;&quot;,&quot;camera&quot;:&quot;&quot;,&quot;caption&quot;:&quot;&quot;,&quot;created_timestamp&quot;:&quot;0&quot;,&quot;copyright&quot;:&quot;&quot;,&quot;focal_length&quot;:&quot;0&quot;,&quot;iso&quot;:&quot;0&quot;,&quot;shutter_speed&quot;:&quot;0&quot;,&quot;title&quot;:&quot;&quot;,&quot;orientation&quot;:&quot;0&quot;,&quot;alt&quot;:&quot;&quot;}\" data-image-title=\"IMG-20260903-WA0083\" data-image-description=\"\" data-image-caption=\"\" data-large-file=\"https:\/\/i0.wp.com\/calleangosta.com\/ca\/wp-content\/uploads\/2026\/09\/IMG-20260903-WA0083.jpg?fit=600%2C343&amp;ssl=1\" src=\"https:\/\/i0.wp.com\/calleangosta.com\/ca\/wp-content\/uploads\/2026\/09\/IMG-20260903-WA0083.jpg?resize=600%2C343&#038;ssl=1\" alt=\"\" class=\"wp-image-16445\" srcset=\"https:\/\/i0.wp.com\/calleangosta.com\/ca\/wp-content\/uploads\/2026\/09\/IMG-20260903-WA0083.jpg?resize=600%2C343&amp;ssl=1 600w, https:\/\/i0.wp.com\/calleangosta.com\/ca\/wp-content\/uploads\/2026\/09\/IMG-20260903-WA0083.jpg?resize=300%2C171&amp;ssl=1 300w, https:\/\/i0.wp.com\/calleangosta.com\/ca\/wp-content\/uploads\/2026\/09\/IMG-20260903-WA0083.jpg?resize=150%2C86&amp;ssl=1 150w, https:\/\/i0.wp.com\/calleangosta.com\/ca\/wp-content\/uploads\/2026\/09\/IMG-20260903-WA0083.jpg?resize=768%2C439&amp;ssl=1 768w, https:\/\/i0.wp.com\/calleangosta.com\/ca\/wp-content\/uploads\/2026\/09\/IMG-20260903-WA0083.jpg?w=770&amp;ssl=1 770w\" sizes=\"auto, (max-width: 600px) 100vw, 600px\" \/><\/figure>\n<\/div>\n\n\n<p class=\"wp-block-paragraph\">La primera muestra re\u00fane seis instrumentos hist\u00f3ricos, entre bandoneones y acordeones procedentes de Polonia, Italia y Alemania. Algunas de estas piezas atravesaron acontecimientos de enorme trascendencia hist\u00f3rica, incluida la Segunda Guerra Mundial, y ahora forman parte de un proyecto que busca poner en valor la relaci\u00f3n entre la m\u00fasica y la identidad cultural.<\/p>\n\n\n\n<p class=\"wp-block-paragraph\">La iniciativa cuenta con el aporte de la coleccionista polaca Jolanta Olszowy-Ole\u015b, quien posee una importante colecci\u00f3n de instrumentos y trabaja en la construcci\u00f3n de una red internacional de museos vinculados al tango. Tambi\u00e9n particip\u00f3 de la jornada Johana Copes, hija del reconocido bailar\u00edn y core\u00f3grafo Juan Carlos Copes, como uno de los v\u00ednculos argentinos del proyecto.<\/p>\n\n\n\n<p class=\"wp-block-paragraph\">Entre las piezas exhibidas se encuentra adem\u00e1s el bandone\u00f3n que perteneci\u00f3 a Am\u00e9rico Moroso, una figura emblem\u00e1tica del tango de Justo Daract y exdirector de la Orquesta Provincial del Tango. El instrumento representa uno de los principales nexos entre la historia art\u00edstica de la ciudad y el nuevo espacio cultural.<\/p>\n\n\n\n<p class=\"wp-block-paragraph\">El proyecto tiene una segunda etapa en agenda: transformar el actual centro de exposiciones en el germen de un <strong>Museo Internacional del Instrumento de Tango<\/strong>. De concretarse, Justo Daract podr\u00eda consolidar una propuesta cultural singular para San Luis y convertirse en un nuevo punto de referencia para quienes siguen la historia del 2&#215;4.<\/p>\n","protected":false},"excerpt":{"rendered":"<p>La localidad inaugur\u00f3 un Centro Internacional de Exposiciones de Instrumentos de Tango, con piezas hist\u00f3ricas provenientes de Europa y un proyecto que apunta a convertirse en un museo de alcance internacional. El Intendente Dominguez encabez\u00f3 la apertura. Justo Daract sum\u00f3 un nuevo espacio dedicado a preservar y difundir la cultura del tango. Se trata del &hellip;<\/p>\n","protected":false},"author":2,"featured_media":16450,"comment_status":"open","ping_status":"open","sticky":false,"template":"","format":"standard","meta":{"advanced_seo_description":"","jetpack_seo_html_title":"","jetpack_seo_noindex":false,"jetpack_seo_schema_type":"","_jetpack_newsletter_access":"","_jetpack_dont_email_post_to_subs":false,"_jetpack_newsletter_tier_id":0,"_jetpack_memberships_contains_paywalled_content":false,"_jetpack_feature_clip_id":0,"_jetpack_memberships_contains_paid_content":false,"footnotes":"","jetpack_publicize_message":"Justo Daract le pone m\u00fasica a su historia\n\nLa localidad inaugur\u00f3 un Centro Internacional de Exposiciones de Instrumentos de Tango, con piezas hist\u00f3ricas provenientes de Europa y un proyecto que apunta a convertirse en un museo de alcance internacional.","jetpack_publicize_feature_enabled":true,"jetpack_social_post_already_shared":false,"jetpack_social_options":{"image_generator_settings":{"template":"highway","default_image_id":0,"font":"","enabled":false},"version":2},"jetpack_post_was_ever_published":false},"categories":[32],"tags":[],"class_list":["post-16444","post","type-post","status-publish","format-standard","has-post-thumbnail","hentry","category-san-luis"],"jetpack_publicize_connections":[],"jetpack_sharing_enabled":true,"jetpack_featured_media_url":"https:\/\/i0.wp.com\/calleangosta.com\/ca\/wp-content\/uploads\/2026\/09\/IMG-20260903-WA0053.png?fit=1500%2C843&ssl=1","_links":{"self":[{"href":"https:\/\/calleangosta.com\/ca\/wp-json\/wp\/v2\/posts\/16444","targetHints":{"allow":["GET"]}}],"collection":[{"href":"https:\/\/calleangosta.com\/ca\/wp-json\/wp\/v2\/posts"}],"about":[{"href":"https:\/\/calleangosta.com\/ca\/wp-json\/wp\/v2\/types\/post"}],"author":[{"embeddable":true,"href":"https:\/\/calleangosta.com\/ca\/wp-json\/wp\/v2\/users\/2"}],"replies":[{"embeddable":true,"href":"https:\/\/calleangosta.com\/ca\/wp-json\/wp\/v2\/comments?post=16444"}],"version-history":[{"count":2,"href":"https:\/\/calleangosta.com\/ca\/wp-json\/wp\/v2\/posts\/16444\/revisions"}],"predecessor-version":[{"id":16454,"href":"https:\/\/calleangosta.com\/ca\/wp-json\/wp\/v2\/posts\/16444\/revisions\/16454"}],"wp:featuredmedia":[{"embeddable":true,"href":"https:\/\/calleangosta.com\/ca\/wp-json\/wp\/v2\/media\/16450"}],"wp:attachment":[{"href":"https:\/\/calleangosta.com\/ca\/wp-json\/wp\/v2\/media?parent=16444"}],"wp:term":[{"taxonomy":"category","embeddable":true,"href":"https:\/\/calleangosta.com\/ca\/wp-json\/wp\/v2\/categories?post=16444"},{"taxonomy":"post_tag","embeddable":true,"href":"https:\/\/calleangosta.com\/ca\/wp-json\/wp\/v2\/tags?post=16444"}],"curies":[{"name":"wp","href":"https:\/\/api.w.org\/{rel}","templated":true}]}}