{"id":1710,"date":"2024-12-05T11:51:18","date_gmt":"2024-12-05T14:51:18","guid":{"rendered":"https:\/\/calleangosta.com\/ca\/?p=1710"},"modified":"2024-12-05T11:58:27","modified_gmt":"2024-12-05T14:58:27","slug":"el-villamercedino-leo-balerdi-se-sube-a-la-escaloneta","status":"publish","type":"post","link":"https:\/\/calleangosta.com\/ca\/el-villamercedino-leo-balerdi-se-sube-a-la-escaloneta\/","title":{"rendered":"El villamercedino Leo Balerdi se sube a la Escaloneta"},"content":{"rendered":"<p class=\"selectable-text copyable-text iq0m558w\" dir=\"ltr\"><span class=\"selectable-text copyable-text\">Balerdi fue convocado a la Selecci\u00f3n Argentina para la gira por Asia. El villamercedino, que juega en el Olympique de Marsella, integra la lista de Scaloni.<\/span><\/p>\n<p><!--more--><\/p>\n<p class=\"selectable-text copyable-text iq0m558w\" dir=\"ltr\"><span class=\"selectable-text copyable-text\">La Asociaci\u00f3n del F\u00fatbol Argentino (AFA) dio a conocer la lista de convocados por el entrenador Lionel Scaloni para los pr\u00f3ximos amistosos internacionales que jugar\u00e1 la Selecci\u00f3n argentina en la fecha FIFA de junio, contra Australia e Indonesia, y la misma tendr\u00e1 varias sorpresas para la gira por Asia.<\/span><\/p>\n<p class=\"selectable-text copyable-text iq0m558w\" dir=\"ltr\"><span style=\"font-size: 12.16px;\">Alejandro Garnacho, quien se perdi\u00f3 la chance de debutar por lesionarse previo a los amistosos en los que se celebr\u00f3 la conquista del Mundial de Qatar 2022, y que tampoco fue cedido por Manchester United para disputar la Copa del Mundo Sub 20 que se desarrolla en la Argentina, aparece como una de las novedades de la n\u00f3mina, que tiene al astro Lionel Messi a la cabeza.<\/span><\/p>\n<blockquote>\n<p class=\"selectable-text copyable-text iq0m558w\" dir=\"ltr\"><span style=\"font-size: 12.16px;\">Leonardo Balerdi, el defensor villamercedino que juega en el Olympique de Marsella, tambi\u00e9n fue convocado por Scaloni.<\/span><\/p>\n<\/blockquote>\n<p class=\"selectable-text copyable-text iq0m558w\">Adem\u00e1s, se metieron en la convocatoria el arquero Walter Ben\u00edtez, del PSV de Pa\u00edses Bajos y el defensor Facundo Medina, del Lens. Giovanni Simeone, campe\u00f3n de la Serie A con el Napoli, vuelve a estar en la n\u00f3mina.<\/p>\n<p class=\"selectable-text copyable-text iq0m558w\" dir=\"ltr\"><span style=\"font-size: 12.16px;\">La lista la gira por Asia tiene algunas bajas importantes en relaci\u00f3n al plantel que conquist\u00f3 el Mundial: no est\u00e1 Franco Armani, tampoco Lisandro Mart\u00ednez -algo que ya se sab\u00eda- por lesi\u00f3n y tampoco aparece Lautaro Mart\u00ednez, que har\u00e1 un tratamiento especial para recuperarse de su tobillo.<\/span><\/p>\n<p class=\"selectable-text copyable-text iq0m558w\" dir=\"ltr\"><span style=\"font-size: 12.16px;\">En tanto, el Alejandro \u00abPapu\u00bb G\u00f3mez sigue afuera, tras no haber estado tampoco en la primera convocatoria para celebrar el t\u00edtulo mundialista.<\/span><\/p>\n<p class=\"selectable-text copyable-text iq0m558w\" dir=\"ltr\"><span style=\"font-size: 12.16px;\">La \u00abScaloneta\u00bb se enfrentar\u00e1 primero con Australia -rival que elimin\u00f3 en los octavos de final del Mundial de Qatar 2022- el 15 de junio en Beijing, China. Luego, los campeones del mundo se medir\u00e1n con Indonesia, el 19 de junio y en Yacarta.<\/span><\/p>\n<p class=\"selectable-text copyable-text iq0m558w\" dir=\"ltr\"><span style=\"font-size: 12.16px;\">Estos dos amistosos ser\u00e1n los \u00faltimos de la Selecci\u00f3n Argentina antes del inicio de las Eliminatorias Sudamericanas rumbo al pr\u00f3ximo Mundial. El certamen clasificatorio iniciar\u00e1 en septiembre: la Albiceleste recibir\u00e1 a Ecuador y luego se medir\u00e1 con Bolivia en La Paz.<\/span><\/p>\n","protected":false},"excerpt":{"rendered":"<p>Balerdi fue convocado a la Selecci\u00f3n Argentina para la gira por Asia. El villamercedino, que juega en el Olympique de Marsella, integra la lista de Scaloni. La Asociaci\u00f3n del F\u00fatbol Argentino (AFA) dio a conocer la lista de convocados por el entrenador Lionel Scaloni para los pr\u00f3ximos amistosos internacionales que jugar\u00e1 la Selecci\u00f3n argentina en &hellip;<\/p>\n","protected":false},"author":2,"featured_media":6969,"comment_status":"open","ping_status":"open","sticky":false,"template":"","format":"standard","meta":{"advanced_seo_description":"","jetpack_seo_html_title":"","jetpack_seo_noindex":false,"_jetpack_memberships_contains_paid_content":false,"footnotes":"","jetpack_publicize_message":"","jetpack_publicize_feature_enabled":true,"jetpack_social_post_already_shared":false,"jetpack_social_options":{"image_generator_settings":{"template":"highway","default_image_id":0,"font":"","enabled":false},"version":2}},"categories":[16,27],"tags":[],"class_list":["post-1710","post","type-post","status-publish","format-standard","has-post-thumbnail","hentry","category-deportes","category-sanluisenos-destacados"],"jetpack_publicize_connections":[],"jetpack_featured_media_url":"https:\/\/i0.wp.com\/calleangosta.com\/ca\/wp-content\/uploads\/2024\/12\/balerdi.jpg?fit=995%2C555&ssl=1","jetpack_sharing_enabled":true,"_links":{"self":[{"href":"https:\/\/calleangosta.com\/ca\/wp-json\/wp\/v2\/posts\/1710","targetHints":{"allow":["GET"]}}],"collection":[{"href":"https:\/\/calleangosta.com\/ca\/wp-json\/wp\/v2\/posts"}],"about":[{"href":"https:\/\/calleangosta.com\/ca\/wp-json\/wp\/v2\/types\/post"}],"author":[{"embeddable":true,"href":"https:\/\/calleangosta.com\/ca\/wp-json\/wp\/v2\/users\/2"}],"replies":[{"embeddable":true,"href":"https:\/\/calleangosta.com\/ca\/wp-json\/wp\/v2\/comments?post=1710"}],"version-history":[{"count":1,"href":"https:\/\/calleangosta.com\/ca\/wp-json\/wp\/v2\/posts\/1710\/revisions"}],"predecessor-version":[{"id":6968,"href":"https:\/\/calleangosta.com\/ca\/wp-json\/wp\/v2\/posts\/1710\/revisions\/6968"}],"wp:featuredmedia":[{"embeddable":true,"href":"https:\/\/calleangosta.com\/ca\/wp-json\/wp\/v2\/media\/6969"}],"wp:attachment":[{"href":"https:\/\/calleangosta.com\/ca\/wp-json\/wp\/v2\/media?parent=1710"}],"wp:term":[{"taxonomy":"category","embeddable":true,"href":"https:\/\/calleangosta.com\/ca\/wp-json\/wp\/v2\/categories?post=1710"},{"taxonomy":"post_tag","embeddable":true,"href":"https:\/\/calleangosta.com\/ca\/wp-json\/wp\/v2\/tags?post=1710"}],"curies":[{"name":"wp","href":"https:\/\/api.w.org\/{rel}","templated":true}]}}