{"id":2253,"date":"2024-12-05T10:52:37","date_gmt":"2024-12-05T13:52:37","guid":{"rendered":"https:\/\/calleangosta.com\/ca\/?p=2253"},"modified":"2025-02-03T10:00:44","modified_gmt":"2025-02-03T13:00:44","slug":"la-dra-becker-primera-medica-sanluisena","status":"publish","type":"post","link":"https:\/\/calleangosta.com\/ca\/la-dra-becker-primera-medica-sanluisena\/","title":{"rendered":"La Dra. Becker. Primera m\u00e9dica sanluise\u00f1a"},"content":{"rendered":"<div dir=\"auto\" style=\"text-align: right;\">Lic y Esp.. Cintia Mart\u00ednez<\/div>\n<p dir=\"auto\">Mar\u00eda Juliana Becker naci\u00f3 el 19 de junio de 1877 en San Francisco del Monte de Oro, provincia de San Luis. Sus padres, Jos\u00e9 Albino Becker -alem\u00e1n- y Delfina Paz -argentina-, hab\u00edan contra\u00eddo matrimonio en la Parroquia de Nuestra Se\u00f1ora de la Asunci\u00f3n, de la ciudad de C\u00f3rdoba, el 8 de mayo de 1872. Los abuelos paternos fueron Valent\u00edn Becker y Federica Moyer, y los maternos Ascencio Paz y Juliana Villavicencio. Mar\u00eda proven\u00eda de una familia sencilla, trabajadora, que daba mucha importancia a la educaci\u00f3n.<\/p>\n<p><!--more--><\/p>\n<p dir=\"auto\">Comenz\u00f3 la educaci\u00f3n primaria en el paraje de La Majada (Dpto. Ayacucho). Luego, sus padres se trasladaron a la ciudad de San Luis, donde el Sr. Becker se desempe\u00f1\u00f3 como contador, y Juliana comenz\u00f3 sus estudios secundarios en la Escuela Normal Paula Dom\u00ednguez de Baz\u00e1n.<br \/>En el a\u00f1o 1893, ella env\u00eda una nota al Ministro de Instrucci\u00f3n P\u00fablica de la Naci\u00f3n en la que le explica que es alumna de la Escuela Normal de Ni\u00f1as (ten\u00eda 16 a\u00f1os), y que como quer\u00eda seguir una carrera universitaria, necesitaba prepararse en un Colegio Nacional, que en ese entonces s\u00f3lo era para varones; por lo cual le solicita encarecidamente ser admitida en \u00e9l. El pedido fue concedido. En su legajo consta que \u201ccurs\u00f3 como libre los cinco a\u00f1os preparatorios en este Colegio habiendo obtenido excelentes calificaciones\u201d, indica el historiador sanfrancisque\u00f1o Prof. Mario Z. Camargo.<\/p>\n<p dir=\"auto\">A pesar de su juventud, la aspiraci\u00f3n de Mar\u00eda era clara: ir a la universidad y obtener el t\u00edtulo de m\u00e9dica. El entonces Gobernador de la Provincia, Don Adeodato Isidro Berrondo, le otorga un subsidio para continuar sus estudios en la Universidad de Buenos Aires. En 1897 ingres\u00f3 a la Facultad de Ciencias M\u00e9dicas de la Ciudad de Buenos Aires, recibi\u00e9ndose posiblemente en el a\u00f1o 1905 o en 1906 (Font\u00e1n, 2000, p. 31), cuenta el blog La historia de San Francisco del Monte de Oro.<\/p>\n<p dir=\"auto\">En la universidad se destac\u00f3 como estudiante: fue disc\u00edpula del Dr. G\u00fcemes, en cuya c\u00e1tedra solo actu\u00f3 como ayudante alumna, ya que no se le permiti\u00f3 concursar por un cargo como docente universitaria.<\/p>\n<p dir=\"auto\"><img decoding=\"async\" src=\"images\/2023\/septiembre\/Baile_en_el_Club_Social_de_San_Luis.jpg\" alt=\"\" \/><\/p>\n<p dir=\"auto\">En 1910 present\u00f3 la tesis que le permiti\u00f3 doctorarse. El tema de la misma fue la \u201cMedicina Social\u201d. Su padrino de tesis, el doctor Juan M. Garro, fue designado como Ministro de Justicia e Instrucci\u00f3n P\u00fablica por el presidente Roque S\u00e1enz Pe\u00f1a. A la Doctora Becker, siempre le interesaron las tem\u00e1ticas relacionadas con la higiene infantil, la salud escolar y la medicina sanitaria. Tales intereses aparecen reflejados en trabajos publicados como: \u201cCondiciones generales sobre Asistencia Social de la Infancia de la Capital Federal\u201d y \u201cBuenas consideraciones sobre Higiene Infantil\u201d, entre otros.<\/p>\n<p dir=\"auto\">Como prueba de su destacado paso por la docencia, su nombre figura entre los profesores que fundaron la Escuela N\u00b05 de Vicente L\u00f3pez (Provincia de Buenos Aires).<br \/>Mar\u00eda Juliana, estaba absolutamente comprometida con cuestiones que ten\u00edan que ver con la salud de las infancias y las mujeres, el acceso de \u00e9stas a los derechos pol\u00edticos, la igualdad de condiciones jur\u00eddicas entre varones y mujeres, etc.<\/p>\n<p dir=\"auto\">Ocup\u00f3 importantes cargos en el Departamento Nacional de Higiene, base del actual Ministerio de Salud. Siendo inspectora de la Divisi\u00f3n de Higiene Escolar, se traslad\u00f3 a San Luis, donde abord\u00f3 el primero de sus muchos trabajos. En el documento titulado \u201cOrganizaci\u00f3n de los Servicios de Higiene y Sanidad en la Provincia de San Luis\u201d, se\u00f1ala que la falta de m\u00e9dicos y la ausencia de un Consejo de Higiene Provincial hab\u00edan facilitado la proliferaci\u00f3n del curanderismo, que se hallaba muy incorporado a la idiosincrasia puntana y que por tanto ser\u00eda muy dif\u00edcil de erradicar. All\u00ed hace tambi\u00e9n menci\u00f3n a las enfermedades que aquejan a los ciudadanos de la \u00e9poca, muchas de ellas debidas a la carencia de agua potable y a la falta de personas capacitadas para realizar tareas de prevenci\u00f3n.<\/p>\n<p dir=\"auto\">En agosto de 1911, cumpliendo una misi\u00f3n del gobierno nacional, brind\u00f3 una conferencia en los salones de la Escuela Normal de Ni\u00f1as de San Luis. En la oportunidad expuso sobre el modo en que las madres deb\u00edan alimentar a sus hijos desde el nacimiento hasta su desarrollo. Los diarios de la \u00e9poca dan cuenta de que, posteriormente, viaj\u00f3 a Villa Mercedes, donde tambi\u00e9n dio un par de conferencias.<\/p>\n<p dir=\"auto\">El 12 de octubre de 1912 particip\u00f3 del acto de inauguraci\u00f3n del Monumento al Coronel Juan Pascual Pringles, en la plaza de la Ciudad de San Luis. All\u00ed pronunci\u00f3 un discurso en nombre de las puntanas residentes en Buenos Aires, en el que hizo foco en la personalidad del pr\u00f3cer. Fiel a sus afectos, la doctora volv\u00eda ocasionalmente a sus pagos y se llegaba tambi\u00e9n hasta Candelaria, donde resid\u00eda su familia.<\/p>\n<p dir=\"auto\"><img decoding=\"async\" src=\"images\/2023\/septiembre\/DOCTORA_MARA_JULIANA_BECKER.jpg\" alt=\"\" \/><\/p>\n<p dir=\"auto\">Algunos registros fotogr\u00e1ficos de la \u00e9poca, dan cuenta de su participaci\u00f3n en eventos realizados en San Luis; tal el caso de un baile que se dio en su honor, en el Club Social, un espacio de sociabilidad de la oligarqu\u00eda del San Luis de aquel entonces, situado en la esquina de Belgrano y San Mart\u00edn. No es un dato menor, ya que muy rara vez se llevaba a cabo un evento en honor a una mujer, con la singularidad, en este caso, de que la homenajeada no pertenec\u00eda a una familia tradicional.<\/p>\n<p dir=\"auto\">Su vida profesional y acad\u00e9mica fue muy intensa. No tuvo hijos; tampoco se cas\u00f3. Mar\u00eda Juliana Becker falleci\u00f3 el 19 de septiembre de 1966, en Buenos Aires, a causa de una bronconeumon\u00eda. Ten\u00eda 89 a\u00f1os de edad. Sus restos fueron inhumados en el Cementerio de la Chacarita.<\/p>\n<p dir=\"auto\">Mujeres como Mar\u00eda Juliana y otras que vinieron despu\u00e9s, como Carolina Tobar Garc\u00eda (primera psiquiatra infantil argentina y la primera perito pat\u00f3loga del Poder Judicial de la Naci\u00f3n) y Berta Elena Vidal de Battini (la folclorista, escritora, investigadora y docente) no van a conformarse con el t\u00edtulo de maestras normales nacionales, que era lo m\u00e1ximo a lo que pod\u00edan acceder, seg\u00fan las pautas de esa \u00e9poca: quisieron mucho m\u00e1s. En algunos casos, llegaron a tener el apoyo de sus familias, en otros no; pero van a abrirse paso para seguir una carrera universitaria. En ese entonces, a\u00fan no hab\u00eda casas de altos estudios en la provincia, por lo que todas ellas tuvieron que irse a estudiar afuera.<\/p>\n<p dir=\"auto\">A comienzos del siglo XX, tanto la sociedad de San Luis como la sociedad argentina en general, eran extremadamente machistas. El papel de la mujer estaba supeditado al \u00e1mbito de lo privado: de la puerta de casa para adentro. Mujeres como Mar\u00eda Juliana Becker fueron absolutamente revolucionarias, a pesar de todos los impedimentos que debieron sortear o enfrentar, pudieron abrirse paso en sus profesiones y ser reconocidas y respetadas por sus colegas varones. Seguramente, Mar\u00eda Juliana debe haber sentido una inmensa soledad, pero creemos que en ella hab\u00eda una fuerte convicci\u00f3n y un compromiso inclaudicable para luchar por los derechos de las mujeres y las infancias, tanto de nuestra provincia como de nuestro pa\u00eds en general.<\/p>\n<p dir=\"auto\">De esta manera, conmemoramos a la primera m\u00e9dica puntana y una de las primeras del pa\u00eds, qu\u00e9 con talento, esfuerzo y voluntad, rompi\u00f3 el techo de cristal y los moldes de \u201clo esperable\u201d e impuesto a la mujer a comienzos del siglo XX. Como justo homenaje, el Hospital de la Ciudad de La Punta lleva hoy su nombre digno y claro.<\/p>\n<h3 dir=\"auto\">Fuentes consultadas<\/h3>\n<ul>\n<li dir=\"auto\">Font\u00e1n Fern\u00e1ndez, D. (2000). Doctora Mar\u00eda Juliana Becker primera m\u00e9dica puntana. Buenos Aires, Argentina: Editorial Dunken.<\/li>\n<li dir=\"auto\">Gatica, M. D. (1988). Rescatando la memoria de la mujer puntana. San Luis, Argentina.<\/li>\n<li dir=\"auto\">Men\u00e9ndez, N. P. (2013). Gu\u00eda Hist\u00f3rica de San Luis. San Luis, Argentina: Arte &amp; Dise\u00f1o.<\/li>\n<li dir=\"auto\">Registros parroquiales y diocesanos de C\u00f3rdoba, Argentina.<\/li>\n<li dir=\"auto\">https:\/\/historiadesanfranciscodelmontedeoro.blogspot.com\/&#8230;<\/li>\n<\/ul>\n\n\n<p><\/p>\n","protected":false},"excerpt":{"rendered":"<p>Lic y Esp.. Cintia Mart\u00ednez Mar\u00eda Juliana Becker naci\u00f3 el 19 de junio de 1877 en San Francisco del Monte de Oro, provincia de San Luis. Sus padres, Jos\u00e9 Albino Becker -alem\u00e1n- y Delfina Paz -argentina-, hab\u00edan contra\u00eddo matrimonio en la Parroquia de Nuestra Se\u00f1ora de la Asunci\u00f3n, de la ciudad de C\u00f3rdoba, el 8 &hellip;<\/p>\n","protected":false},"author":2,"featured_media":6972,"comment_status":"open","ping_status":"open","sticky":false,"template":"","format":"standard","meta":{"advanced_seo_description":"","jetpack_seo_html_title":"","jetpack_seo_noindex":false,"_jetpack_memberships_contains_paid_content":false,"footnotes":"","jetpack_publicize_message":"","jetpack_publicize_feature_enabled":true,"jetpack_social_post_already_shared":false,"jetpack_social_options":{"image_generator_settings":{"template":"highway","default_image_id":0,"font":"","enabled":false},"version":2}},"categories":[27],"tags":[],"class_list":["post-2253","post","type-post","status-publish","format-standard","has-post-thumbnail","hentry","category-sanluisenos-destacados"],"jetpack_publicize_connections":[],"jetpack_featured_media_url":"https:\/\/i0.wp.com\/calleangosta.com\/ca\/wp-content\/uploads\/2023\/09\/becker.jpg?fit=880%2C664&ssl=1","jetpack_sharing_enabled":true,"_links":{"self":[{"href":"https:\/\/calleangosta.com\/ca\/wp-json\/wp\/v2\/posts\/2253","targetHints":{"allow":["GET"]}}],"collection":[{"href":"https:\/\/calleangosta.com\/ca\/wp-json\/wp\/v2\/posts"}],"about":[{"href":"https:\/\/calleangosta.com\/ca\/wp-json\/wp\/v2\/types\/post"}],"author":[{"embeddable":true,"href":"https:\/\/calleangosta.com\/ca\/wp-json\/wp\/v2\/users\/2"}],"replies":[{"embeddable":true,"href":"https:\/\/calleangosta.com\/ca\/wp-json\/wp\/v2\/comments?post=2253"}],"version-history":[{"count":2,"href":"https:\/\/calleangosta.com\/ca\/wp-json\/wp\/v2\/posts\/2253\/revisions"}],"predecessor-version":[{"id":7988,"href":"https:\/\/calleangosta.com\/ca\/wp-json\/wp\/v2\/posts\/2253\/revisions\/7988"}],"wp:featuredmedia":[{"embeddable":true,"href":"https:\/\/calleangosta.com\/ca\/wp-json\/wp\/v2\/media\/6972"}],"wp:attachment":[{"href":"https:\/\/calleangosta.com\/ca\/wp-json\/wp\/v2\/media?parent=2253"}],"wp:term":[{"taxonomy":"category","embeddable":true,"href":"https:\/\/calleangosta.com\/ca\/wp-json\/wp\/v2\/categories?post=2253"},{"taxonomy":"post_tag","embeddable":true,"href":"https:\/\/calleangosta.com\/ca\/wp-json\/wp\/v2\/tags?post=2253"}],"curies":[{"name":"wp","href":"https:\/\/api.w.org\/{rel}","templated":true}]}}