{"id":2538,"date":"2024-12-01T18:51:17","date_gmt":"2024-12-01T21:51:17","guid":{"rendered":"https:\/\/calleangosta.com\/ca\/?p=2538"},"modified":"2024-12-02T12:29:11","modified_gmt":"2024-12-02T15:29:11","slug":"charly-garcia-tendra-su-propia-esquina-en-nueva-york","status":"publish","type":"post","link":"https:\/\/calleangosta.com\/ca\/charly-garcia-tendra-su-propia-esquina-en-nueva-york\/","title":{"rendered":"Charly Garc\u00eda tendr\u00e1 su propia esquina en Nueva York"},"content":{"rendered":"<p>La esquina ubicada en Walker Street y Cortlandt Alley, en la ciudad de Nueva York, en donde se tom\u00f3 la foto de la portada de \u00abClics Modernos\u00bb, pasar\u00e1 a llamarse desde el pr\u00f3ximo lunes, a las 11, hora local, \u00abCharly Garc\u00eda Corner\u00bb.<\/p>\n<p><!--more--><\/p>\n<p>As\u00ed quedar\u00e1 establecido en un acto formal, a partir del impulso de Mariano Cabrera, un actor y director argentino residente en esa ciudad, que cont\u00f3 con el respaldo del Consulado argentino.<\/p>\n<p>En la ceremonia habr\u00e1 una actuaci\u00f3n de un grupo conformado por el baterista Fernando Samalea, el bajista y tecladista Fabi\u00e1n \u00abEl Zorrito\u00bb Von Quintiero, la cantante Hilda Lizarazu, y los chilenos Kiuge Hayashida en guitarra y To\u00f1o Silva en bater\u00eda, todos ellos integrantes de distintas bandas de Charly.<\/p>\n<p>El agasajo se extender\u00e1 luego en las oficinas del Consulado Argentino, en donde habr\u00e1 un \u00e1gape y se prev\u00e9 una jam session.<\/p>\n<p>Pero las celebraciones incluyen adem\u00e1s una charla informal en el Central Park que realizar\u00e1 este s\u00e1bado Samalea y un \u00abwalking tour\u00bb que se llevar\u00e1 a cabo el domingo 6 por las locaciones en donde el astro del rock argentino film\u00f3 el video del tema \u00abFanky\u00bb, en 1989, a cargo del Zorrito y del tecladista Alfie Martins.<\/p>\n","protected":false},"excerpt":{"rendered":"<p>La esquina ubicada en Walker Street y Cortlandt Alley, en la ciudad de Nueva York, en donde se tom\u00f3 la foto de la portada de \u00abClics Modernos\u00bb, pasar\u00e1 a llamarse desde el pr\u00f3ximo lunes, a las 11, hora local, \u00abCharly Garc\u00eda Corner\u00bb. As\u00ed quedar\u00e1 establecido en un acto formal, a partir del impulso de Mariano &hellip;<\/p>\n","protected":false},"author":2,"featured_media":0,"comment_status":"open","ping_status":"open","sticky":false,"template":"","format":"standard","meta":{"advanced_seo_description":"","jetpack_seo_html_title":"","jetpack_seo_noindex":false,"_jetpack_memberships_contains_paid_content":false,"footnotes":"","jetpack_publicize_message":"","jetpack_publicize_feature_enabled":true,"jetpack_social_post_already_shared":false,"jetpack_social_options":{"image_generator_settings":{"template":"highway","default_image_id":0,"font":"","enabled":false},"version":2}},"categories":[8],"tags":[],"class_list":["post-2538","post","type-post","status-publish","format-standard","hentry","category-musica-conciertos-y-recitales"],"jetpack_publicize_connections":[],"jetpack_featured_media_url":"","jetpack_sharing_enabled":true,"_links":{"self":[{"href":"https:\/\/calleangosta.com\/ca\/wp-json\/wp\/v2\/posts\/2538","targetHints":{"allow":["GET"]}}],"collection":[{"href":"https:\/\/calleangosta.com\/ca\/wp-json\/wp\/v2\/posts"}],"about":[{"href":"https:\/\/calleangosta.com\/ca\/wp-json\/wp\/v2\/types\/post"}],"author":[{"embeddable":true,"href":"https:\/\/calleangosta.com\/ca\/wp-json\/wp\/v2\/users\/2"}],"replies":[{"embeddable":true,"href":"https:\/\/calleangosta.com\/ca\/wp-json\/wp\/v2\/comments?post=2538"}],"version-history":[{"count":1,"href":"https:\/\/calleangosta.com\/ca\/wp-json\/wp\/v2\/posts\/2538\/revisions"}],"predecessor-version":[{"id":4970,"href":"https:\/\/calleangosta.com\/ca\/wp-json\/wp\/v2\/posts\/2538\/revisions\/4970"}],"wp:attachment":[{"href":"https:\/\/calleangosta.com\/ca\/wp-json\/wp\/v2\/media?parent=2538"}],"wp:term":[{"taxonomy":"category","embeddable":true,"href":"https:\/\/calleangosta.com\/ca\/wp-json\/wp\/v2\/categories?post=2538"},{"taxonomy":"post_tag","embeddable":true,"href":"https:\/\/calleangosta.com\/ca\/wp-json\/wp\/v2\/tags?post=2538"}],"curies":[{"name":"wp","href":"https:\/\/api.w.org\/{rel}","templated":true}]}}