{"id":2550,"date":"2024-12-03T11:23:05","date_gmt":"2024-12-03T14:23:05","guid":{"rendered":"https:\/\/calleangosta.com\/ca\/?p=2550"},"modified":"2024-12-04T12:30:05","modified_gmt":"2024-12-04T15:30:05","slug":"el-docureality-de-los-montaner-tendra-una-segunda-temporada","status":"publish","type":"post","link":"https:\/\/calleangosta.com\/ca\/el-docureality-de-los-montaner-tendra-una-segunda-temporada\/","title":{"rendered":"El docureality de Los Montaner tendr\u00e1 una segunda temporada"},"content":{"rendered":"<p>\u00abLos Montaner\u00bb, el docureality que sigue la vida de una de las familias m\u00e1s famosas de Latinoam\u00e9rica, tendr\u00e1 su segunda temporada, inform\u00f3 la producci\u00f3n.<\/p>\n<p><!--more--><\/p>\n<p>Si bien todav\u00eda no hay una fecha prevista para el estreno de la segunda temporada, la serie se podr\u00e1 ver por la plataforma Disney+ a nivel mundial, mientras TelevisaUnivisi\u00f3n se har\u00e1 cargo de la distribuci\u00f3n en Estados Unidos.<\/p>\n<p>La segunda temporada de \u00abLos Montaner\u00bb continuar\u00e1 donde cerr\u00f3 la primera. Tras un a\u00f1o lejos de los proyectores, los espectadores volver\u00e1n a reunirse con la familia en su recorrido por nuevas aventuras, la llegada de nuevos miembros de la familia y los desaf\u00edos profesionales y personales en medio de una particular din\u00e1mica familiar.<\/p>\n<p>Con Ricardo Montaner a la cabeza, esta familia de artistas se convirti\u00f3 en una de las m\u00e1s exitosas, virales y comentadas de la industria del entretenimiento. La serie ofrece acceso exclusivo a su vida cotidiana, en la que compaginan su creciente carrera profesional con su vida familiar y personal.<\/p>\n<p>Protagonizada por Ricardo Montaner, Marlene Montaner, Ricky Montaner, Mau Montaner, Evaluna, Camilo, Stefan\u00eda Roitman y Sara Escobar, la serie fue el programa #1 en Disney+ en Am\u00e9rica Latina y el cuarto a nivel mundial entre los realities de la plataforma el a\u00f1o pasado.<\/p>\n<p>Por su primera temporada, \u00abLos Montaner\u00bb gan\u00f3 el Premio PRODU 2023 al Mejor Espect\u00e1culo sin Gui\u00f3n con Famosos<\/p>\n","protected":false},"excerpt":{"rendered":"<p>\u00abLos Montaner\u00bb, el docureality que sigue la vida de una de las familias m\u00e1s famosas de Latinoam\u00e9rica, tendr\u00e1 su segunda temporada, inform\u00f3 la producci\u00f3n. Si bien todav\u00eda no hay una fecha prevista para el estreno de la segunda temporada, la serie se podr\u00e1 ver por la plataforma Disney+ a nivel mundial, mientras TelevisaUnivisi\u00f3n se har\u00e1 &hellip;<\/p>\n","protected":false},"author":2,"featured_media":0,"comment_status":"open","ping_status":"open","sticky":false,"template":"","format":"standard","meta":{"advanced_seo_description":"","jetpack_seo_html_title":"","jetpack_seo_noindex":false,"_jetpack_memberships_contains_paid_content":false,"footnotes":"","jetpack_publicize_message":"","jetpack_publicize_feature_enabled":true,"jetpack_social_post_already_shared":false,"jetpack_social_options":{"image_generator_settings":{"template":"highway","default_image_id":0,"font":"","enabled":false},"version":2}},"categories":[8],"tags":[],"class_list":["post-2550","post","type-post","status-publish","format-standard","hentry","category-musica-conciertos-y-recitales"],"jetpack_publicize_connections":[],"jetpack_featured_media_url":"","jetpack_sharing_enabled":true,"_links":{"self":[{"href":"https:\/\/calleangosta.com\/ca\/wp-json\/wp\/v2\/posts\/2550","targetHints":{"allow":["GET"]}}],"collection":[{"href":"https:\/\/calleangosta.com\/ca\/wp-json\/wp\/v2\/posts"}],"about":[{"href":"https:\/\/calleangosta.com\/ca\/wp-json\/wp\/v2\/types\/post"}],"author":[{"embeddable":true,"href":"https:\/\/calleangosta.com\/ca\/wp-json\/wp\/v2\/users\/2"}],"replies":[{"embeddable":true,"href":"https:\/\/calleangosta.com\/ca\/wp-json\/wp\/v2\/comments?post=2550"}],"version-history":[{"count":1,"href":"https:\/\/calleangosta.com\/ca\/wp-json\/wp\/v2\/posts\/2550\/revisions"}],"predecessor-version":[{"id":6914,"href":"https:\/\/calleangosta.com\/ca\/wp-json\/wp\/v2\/posts\/2550\/revisions\/6914"}],"wp:attachment":[{"href":"https:\/\/calleangosta.com\/ca\/wp-json\/wp\/v2\/media?parent=2550"}],"wp:term":[{"taxonomy":"category","embeddable":true,"href":"https:\/\/calleangosta.com\/ca\/wp-json\/wp\/v2\/categories?post=2550"},{"taxonomy":"post_tag","embeddable":true,"href":"https:\/\/calleangosta.com\/ca\/wp-json\/wp\/v2\/tags?post=2550"}],"curies":[{"name":"wp","href":"https:\/\/api.w.org\/{rel}","templated":true}]}}