{"id":2555,"date":"2024-12-03T11:23:03","date_gmt":"2024-12-03T14:23:03","guid":{"rendered":"https:\/\/calleangosta.com\/ca\/?p=2555"},"modified":"2024-12-03T11:23:03","modified_gmt":"2024-12-03T14:23:03","slug":"massa-en-cordoba-la-argentina-que-viene-es-con-el-campo-y-nunca-contra-los-productores","status":"publish","type":"post","link":"https:\/\/calleangosta.com\/ca\/massa-en-cordoba-la-argentina-que-viene-es-con-el-campo-y-nunca-contra-los-productores\/","title":{"rendered":"Massa, en C\u00f3rdoba: \u00abLa Argentina que viene es con el campo y nunca contra los productores\u00bb"},"content":{"rendered":"<p>El ministro de Econom\u00eda y candidato a presidente por Uni\u00f3n por la Patria (UxP), Sergio Massa, asegur\u00f3 que \u201cla Argentina que viene desde el 10 de diciembre es con el campo y nunca contra los productores\u201d, y adem\u00e1s convoc\u00f3 a todos los sectores de la producci\u00f3n de alimentos y cooperativas a formar parte de \u201cuna gran mesa de unidad nacional\u201d en la que se elaboren estrategias \u201cpara dar de comer a los argentinos y tambi\u00e9n exportar productos\u201d en \u201cesta nueva etapa del pa\u00eds\u201d.<\/p>\n<p><!--more--><\/p>\n<p>\u201cPara nosotros, y ser\u00e1 as\u00ed desde el 10 de diciembre, nunca es contra el campo. Es con el campo. Nunca es contra los productores. Es con los productores. Es con la industria y los trabajadores. Nunca contra la industria y los trabajadores. Es con un Estado presente y eficiente, nunca destruyendo derechos\u201d, sostuvo Massa al encabezar un encuentro de Cooperativismo Agroindustrial Programa CoopAr, en el marco de su visita de ayer a la provincia de C\u00f3rdoba.<\/p>\n<p>En ese encuentro, difundido esta ma\u00f1ana, continu\u00f3: \u201cEsa es la Argentina que tenemos que construir en esta nueva etapa que viene, la de la unidad nacional donde nos sentamos a la mesa d\u00e1ndonos un largo plazo de estabilidad que nos permita a todos a estudiar, trabajar, producir y dejar de pelearnos definitivamente\u201d.<\/p>\n<p>Ante los trabajadores de cooperadoras productoras de alimentos de diferentes regiones, Massa, quien hoy visitar\u00e1 la provincia de Santa Fe, los convoc\u00f3 a que \u201ca partir del 10 de diciembre, con C\u00f3rdoba como coraz\u00f3n productivo, a que los productores est\u00e9n sentados en la misma mesa para pensar c\u00f3mo le damos de comer a los nuestros y como le vendemos alimentos al mundo\u201d.<\/p>\n<p>En ese sentido, se comprometi\u00f3: \u201cNo voy a permitir que destruyan el sistema cooperativista y de mutuales. Mientras ellos les quieren cobrar otra vez el impuesto a las Ganancias, nosotros seguimos apoyando a las cooperativas\u201d.<\/p>\n<p>Massa adem\u00e1s carg\u00f3 contra la oposici\u00f3n liderada por el diputado y candidato presidencial de La Liberta Avanza (LLA), Javier Milei, porque \u201cplantean una Argentina del s\u00e1lvase quien pueda y hablan de eliminar subsidios, liberar precios de combustibles y volver a cobrar el impuesto a las Ganancias\u201d.<\/p>\n<p>En ese contexto, el ministro apunt\u00f3 que LLA y Juntos por el Cambio (JxC) \u201cplantean el contraste entre el asociativismo y el individualismo porque no entienden que a los argentinos nos gusta juntarnos, abrazarnos, producir y mejorar juntos en nuestro barrio, en nuestro pueblo\u201d.<\/p>\n<p>\u201cLa Argentina no se salva sola, nadie se salva solo. Ni con mes\u00edas ni iluminados, sino todos juntos y con el esfuerzo de un pueblo que quiere salir adelante\u201d, dijo Massa, en contraste del discurso de Milei.<\/p>\n<p>Asimismo, destac\u00f3 que las cooperativas exportan 3.280 millones de d\u00f3lares, por eso \u201ces un sector importante porque no s\u00f3lo hace el abastecimiento del mercado interno sino genera valor agregado a nuestras exportaciones, vende trabajo argentino al mundo y adem\u00e1s sirve para fortalecer nuestra moneda con la generaci\u00f3n de divisas genuinas\u201d.<\/p>\n<p>\u201cExportar es garantizar la derrota de la inflaci\u00f3n\u201d, puntualiz\u00f3.<\/p>\n<p>Al finalizar, Massa admiti\u00f3: \u201cTenemos problemas, claro que tenemos problemas. Si hace un a\u00f1o hablaban de helic\u00f3ptero y el fin de un Gobierno. Claro que tenemos problemas. No niego los problemas, soy de los que enfrentan los problemas y los resuelven\u201d.<\/p>\n<p>\u201cEn el peor a\u00f1o de sequ\u00eda de la historia, no hubo un solo tractorazo porque fuimos a abrazar a cada productor sin importar como pensaba y decirle que est\u00e1bamos al servicio de ellos\u201d, concluy\u00f3.<\/p>\n","protected":false},"excerpt":{"rendered":"<p>El ministro de Econom\u00eda y candidato a presidente por Uni\u00f3n por la Patria (UxP), Sergio Massa, asegur\u00f3 que \u201cla Argentina que viene desde el 10 de diciembre es con el campo y nunca contra los productores\u201d, y adem\u00e1s convoc\u00f3 a todos los sectores de la producci\u00f3n de alimentos y cooperativas a formar parte de \u201cuna &hellip;<\/p>\n","protected":false},"author":2,"featured_media":0,"comment_status":"open","ping_status":"open","sticky":false,"template":"","format":"standard","meta":{"advanced_seo_description":"","jetpack_seo_html_title":"","jetpack_seo_noindex":false,"_jetpack_memberships_contains_paid_content":false,"footnotes":"","jetpack_publicize_message":"","jetpack_publicize_feature_enabled":true,"jetpack_social_post_already_shared":false,"jetpack_social_options":{"image_generator_settings":{"template":"highway","default_image_id":0,"font":"","enabled":false},"version":2}},"categories":[6],"tags":[],"class_list":["post-2555","post","type-post","status-publish","format-standard","hentry","category-calle-angosta"],"jetpack_publicize_connections":[],"jetpack_featured_media_url":"","jetpack_sharing_enabled":true,"_links":{"self":[{"href":"https:\/\/calleangosta.com\/ca\/wp-json\/wp\/v2\/posts\/2555","targetHints":{"allow":["GET"]}}],"collection":[{"href":"https:\/\/calleangosta.com\/ca\/wp-json\/wp\/v2\/posts"}],"about":[{"href":"https:\/\/calleangosta.com\/ca\/wp-json\/wp\/v2\/types\/post"}],"author":[{"embeddable":true,"href":"https:\/\/calleangosta.com\/ca\/wp-json\/wp\/v2\/users\/2"}],"replies":[{"embeddable":true,"href":"https:\/\/calleangosta.com\/ca\/wp-json\/wp\/v2\/comments?post=2555"}],"version-history":[{"count":1,"href":"https:\/\/calleangosta.com\/ca\/wp-json\/wp\/v2\/posts\/2555\/revisions"}],"predecessor-version":[{"id":6909,"href":"https:\/\/calleangosta.com\/ca\/wp-json\/wp\/v2\/posts\/2555\/revisions\/6909"}],"wp:attachment":[{"href":"https:\/\/calleangosta.com\/ca\/wp-json\/wp\/v2\/media?parent=2555"}],"wp:term":[{"taxonomy":"category","embeddable":true,"href":"https:\/\/calleangosta.com\/ca\/wp-json\/wp\/v2\/categories?post=2555"},{"taxonomy":"post_tag","embeddable":true,"href":"https:\/\/calleangosta.com\/ca\/wp-json\/wp\/v2\/tags?post=2555"}],"curies":[{"name":"wp","href":"https:\/\/api.w.org\/{rel}","templated":true}]}}