{"id":2683,"date":"2024-12-03T11:20:57","date_gmt":"2024-12-03T14:20:57","guid":{"rendered":"https:\/\/calleangosta.com\/ca\/?p=2683"},"modified":"2024-12-03T11:20:57","modified_gmt":"2024-12-03T14:20:57","slug":"segundo-conversatorio-de-cannabis-en-villa-mercedes-un-espacio-de-dialogo-y-conocimiento","status":"publish","type":"post","link":"https:\/\/calleangosta.com\/ca\/segundo-conversatorio-de-cannabis-en-villa-mercedes-un-espacio-de-dialogo-y-conocimiento\/","title":{"rendered":"Segundo Conversatorio de Cannabis en Villa Mercedes: un espacio de di\u00e1logo y conocimiento**"},"content":{"rendered":"<p>Este pr\u00f3ximo s\u00e1bado 25 de noviembre, la comunidad de Villa Mercedes se prepara para recibir el segundo Conversatorio de Cannabis, una iniciativa organizada por el Concejo Deliberante y respaldada por la Universidad Nacional de San Luis, el Concejo Deliberante y la Asociaci\u00f3n Libre Acci\u00f3n Puntana (ALAPu).<\/p>\n<p><!--more--><\/p>\n<p>El evento se llevar\u00e1 a cabo en el Auditorio de la UPrO, ubicado en 9 de Julio 1095, a partir de las 18:00 horas. Este encuentro es una oportunidad \u00fanica para explorar diversos aspectos relacionados con el cannabis, desde testimonios personales hasta perspectivas m\u00e9dicas, legales y acad\u00e9micas.<\/p>\n<p>Participantes destacados:<br \/>Dos miembros de ALAPu compartir\u00e1n sus experiencias como madres de ni\u00f1os con Trastorno del Espectro Autista (TEA).<br \/>Una m\u00e9dica cl\u00ednica, parte del sistema p\u00fablico de salud, ofrecer\u00e1 perspectivas m\u00e9dicas relevantes.<br \/>Una abogada abordar\u00e1 cuestiones legales asociadas con el cannabis.<br \/>El Coordinador del Programa Cannabis de la Universidad Nacional de San Luis (UNSL) proporcionar\u00e1 informaci\u00f3n acad\u00e9mica y cient\u00edfica.<br \/>Un docente investigador de la UNSL enriquecer\u00e1 el di\u00e1logo con su conocimiento.<\/p>\n<p>El conversatorio est\u00e1 abierto al p\u00fablico, y cualquier persona interesada en aprender, participar en el di\u00e1logo y ampliar su comprensi\u00f3n sobre el cannabis est\u00e1 invitada a asistir. La entrada es libre y gratuita, promoviendo la inclusividad y la participaci\u00f3n de la comunidad en esta conversaci\u00f3n en evoluci\u00f3n.<\/p>\n<p>Este tipo de eventos no solo fomenta la educaci\u00f3n y la conciencia, sino que tambi\u00e9n crea un espacio vital para el intercambio de ideas y la comprensi\u00f3n mutua. \u00a1No te pierdas esta oportunidad de estar presente en un evento que promete arrojar luz sobre un tema de relevancia creciente en la sociedad!<\/p><\/p>\n","protected":false},"excerpt":{"rendered":"<p>Este pr\u00f3ximo s\u00e1bado 25 de noviembre, la comunidad de Villa Mercedes se prepara para recibir el segundo Conversatorio de Cannabis, una iniciativa organizada por el Concejo Deliberante y respaldada por la Universidad Nacional de San Luis, el Concejo Deliberante y la Asociaci\u00f3n Libre Acci\u00f3n Puntana (ALAPu). El evento se llevar\u00e1 a cabo en el Auditorio &hellip;<\/p>\n","protected":false},"author":2,"featured_media":0,"comment_status":"open","ping_status":"open","sticky":false,"template":"","format":"standard","meta":{"advanced_seo_description":"","jetpack_seo_html_title":"","jetpack_seo_noindex":false,"_jetpack_memberships_contains_paid_content":false,"footnotes":"","jetpack_publicize_message":"","jetpack_publicize_feature_enabled":true,"jetpack_social_post_already_shared":false,"jetpack_social_options":{"image_generator_settings":{"template":"highway","default_image_id":0,"font":"","enabled":false},"version":2}},"categories":[6],"tags":[],"class_list":["post-2683","post","type-post","status-publish","format-standard","hentry","category-calle-angosta"],"jetpack_publicize_connections":[],"jetpack_featured_media_url":"","jetpack_sharing_enabled":true,"_links":{"self":[{"href":"https:\/\/calleangosta.com\/ca\/wp-json\/wp\/v2\/posts\/2683","targetHints":{"allow":["GET"]}}],"collection":[{"href":"https:\/\/calleangosta.com\/ca\/wp-json\/wp\/v2\/posts"}],"about":[{"href":"https:\/\/calleangosta.com\/ca\/wp-json\/wp\/v2\/types\/post"}],"author":[{"embeddable":true,"href":"https:\/\/calleangosta.com\/ca\/wp-json\/wp\/v2\/users\/2"}],"replies":[{"embeddable":true,"href":"https:\/\/calleangosta.com\/ca\/wp-json\/wp\/v2\/comments?post=2683"}],"version-history":[{"count":1,"href":"https:\/\/calleangosta.com\/ca\/wp-json\/wp\/v2\/posts\/2683\/revisions"}],"predecessor-version":[{"id":6782,"href":"https:\/\/calleangosta.com\/ca\/wp-json\/wp\/v2\/posts\/2683\/revisions\/6782"}],"wp:attachment":[{"href":"https:\/\/calleangosta.com\/ca\/wp-json\/wp\/v2\/media?parent=2683"}],"wp:term":[{"taxonomy":"category","embeddable":true,"href":"https:\/\/calleangosta.com\/ca\/wp-json\/wp\/v2\/categories?post=2683"},{"taxonomy":"post_tag","embeddable":true,"href":"https:\/\/calleangosta.com\/ca\/wp-json\/wp\/v2\/tags?post=2683"}],"curies":[{"name":"wp","href":"https:\/\/api.w.org\/{rel}","templated":true}]}}