{"id":2684,"date":"2024-12-03T11:20:57","date_gmt":"2024-12-03T14:20:57","guid":{"rendered":"https:\/\/calleangosta.com\/ca\/?p=2684"},"modified":"2024-12-03T11:20:57","modified_gmt":"2024-12-03T14:20:57","slug":"cuneo-libarona-futuro-ministro-de-justicia-se-reunio-con-integrantes-de-corte-suprema-de-justicia","status":"publish","type":"post","link":"https:\/\/calleangosta.com\/ca\/cuneo-libarona-futuro-ministro-de-justicia-se-reunio-con-integrantes-de-corte-suprema-de-justicia\/","title":{"rendered":"C\u00faneo Libarona, futuro ministro de Justicia, se reuni\u00f3 con integrantes de Corte Suprema de Justicia"},"content":{"rendered":"<p>El abogado penalista Mariano C\u00faneo Libarona, designado por Javier Milei como pr\u00f3ximo ministro de Justicia, se reuni\u00f3 esta ma\u00f1ana con los integrantes de la Corte Suprema de Justicia, en el marco de la transici\u00f3n hacia la asunci\u00f3n del nuevo Gobierno el pr\u00f3ximo 10 de diciembre.<\/p>\n<p><!--more--><\/p>\n<p>El encuentro fue informado oficialmente por el m\u00e1ximo tribunal que distribuy\u00f3 una foto en la que se puede ver al pr\u00f3ximo ministro con el presidente de la Corte, Horacio Rosatti; el vicepresidente Carlos Rosenkrantz y los ministros Juan Carlos Maqueda y Ricardo Luis Lorenzetti.<\/p>\n<p>Fuentes consultadas por T\u00e9lam refirieron que las visitas de C\u00faneo Libarona a los jueces fueron protocolares, aunque aclararon que no fueron de presentaci\u00f3n porque todos ya lo conoc\u00edan.<\/p>\n<p>Antes de ir al Palacio de Justicia, el designado futuro ministro pas\u00f3 por el edificio de los tribunales federales de Comodoro Py 2002.<\/p>\n<p>El futuro funcionario salud\u00f3 jueces, fiscales e incluso secretarios de la C\u00e1mara de Casaci\u00f3n en sus primeros pasos por el edificio que conoce al dedillo y luego fue a ver al juez Andr\u00e9s Basso, juez de tribunal oral que fue recientemente electo como presidente de la Asociaci\u00f3n de Magistrados y Funcionarios de la Justicia Nacional (AMFJN).<\/p>\n<p>Esta semana, en declaraciones period\u00edsticas, Milei confirm\u00f3 que C\u00faneo Libarona ser\u00e1 su ministro de Justicia, a partir del 10 de diciembre.<\/p>\n<p>Al ser consultado sobre la conformaci\u00f3n de la Corte Suprema, el presidente electo dijo esta semana que su \u00abintenci\u00f3n es consultarlo con el ministro (de Justicia), que es Mariano C\u00faneo Libarona, y la Corte para que sea algo consensuado\u00bb.<\/p>\n","protected":false},"excerpt":{"rendered":"<p>El abogado penalista Mariano C\u00faneo Libarona, designado por Javier Milei como pr\u00f3ximo ministro de Justicia, se reuni\u00f3 esta ma\u00f1ana con los integrantes de la Corte Suprema de Justicia, en el marco de la transici\u00f3n hacia la asunci\u00f3n del nuevo Gobierno el pr\u00f3ximo 10 de diciembre. El encuentro fue informado oficialmente por el m\u00e1ximo tribunal que &hellip;<\/p>\n","protected":false},"author":2,"featured_media":0,"comment_status":"open","ping_status":"open","sticky":false,"template":"","format":"standard","meta":{"advanced_seo_description":"","jetpack_seo_html_title":"","jetpack_seo_noindex":false,"_jetpack_memberships_contains_paid_content":false,"footnotes":"","jetpack_publicize_message":"","jetpack_publicize_feature_enabled":true,"jetpack_social_post_already_shared":false,"jetpack_social_options":{"image_generator_settings":{"template":"highway","default_image_id":0,"font":"","enabled":false},"version":2}},"categories":[6],"tags":[],"class_list":["post-2684","post","type-post","status-publish","format-standard","hentry","category-calle-angosta"],"jetpack_publicize_connections":[],"jetpack_featured_media_url":"","jetpack_sharing_enabled":true,"_links":{"self":[{"href":"https:\/\/calleangosta.com\/ca\/wp-json\/wp\/v2\/posts\/2684","targetHints":{"allow":["GET"]}}],"collection":[{"href":"https:\/\/calleangosta.com\/ca\/wp-json\/wp\/v2\/posts"}],"about":[{"href":"https:\/\/calleangosta.com\/ca\/wp-json\/wp\/v2\/types\/post"}],"author":[{"embeddable":true,"href":"https:\/\/calleangosta.com\/ca\/wp-json\/wp\/v2\/users\/2"}],"replies":[{"embeddable":true,"href":"https:\/\/calleangosta.com\/ca\/wp-json\/wp\/v2\/comments?post=2684"}],"version-history":[{"count":1,"href":"https:\/\/calleangosta.com\/ca\/wp-json\/wp\/v2\/posts\/2684\/revisions"}],"predecessor-version":[{"id":6781,"href":"https:\/\/calleangosta.com\/ca\/wp-json\/wp\/v2\/posts\/2684\/revisions\/6781"}],"wp:attachment":[{"href":"https:\/\/calleangosta.com\/ca\/wp-json\/wp\/v2\/media?parent=2684"}],"wp:term":[{"taxonomy":"category","embeddable":true,"href":"https:\/\/calleangosta.com\/ca\/wp-json\/wp\/v2\/categories?post=2684"},{"taxonomy":"post_tag","embeddable":true,"href":"https:\/\/calleangosta.com\/ca\/wp-json\/wp\/v2\/tags?post=2684"}],"curies":[{"name":"wp","href":"https:\/\/api.w.org\/{rel}","templated":true}]}}