{"id":2685,"date":"2024-12-03T11:20:53","date_gmt":"2024-12-03T14:20:53","guid":{"rendered":"https:\/\/calleangosta.com\/ca\/?p=2685"},"modified":"2024-12-03T11:20:53","modified_gmt":"2024-12-03T14:20:53","slug":"concentraciones-y-marchas-en-argentina-por-el-dia-de-la-no-violencia-a-las-mujeres","status":"publish","type":"post","link":"https:\/\/calleangosta.com\/ca\/concentraciones-y-marchas-en-argentina-por-el-dia-de-la-no-violencia-a-las-mujeres\/","title":{"rendered":"Concentraciones y marchas en Argentina por el D\u00eda de la No Violencia a las Mujeres"},"content":{"rendered":"<p>Con motivo del \u201c25N\u201d, D\u00eda Internacional de la Lucha contra la Violencia hacia la Mujer, en distintos lugares del pa\u00eds habr\u00e1 movilizaciones este viernes y s\u00e1bado con consignas centradas en sostener pol\u00edticas p\u00fablicas de prevenci\u00f3n y acompa\u00f1amiento a sobrevivientes de violentos.<\/p>\n<p><!--more--><\/p>\n<p>\u201cNi un paso atr\u00e1s\u201d, \u201cNi un derecho menos, ni un ajuste m\u00e1s\u201d, \u201cNos tenemos\u201d y \u201cEn defensa de nuestros derechos\u201d son algunas de las consignas que nuclean las convocatorias de movilizaci\u00f3n por el 25 de noviembre, d\u00eda en que se busca visibilizar las violencias de g\u00e9nero, fecha en que se recuerda el asesinato de las hermanas Mirabal en 1960 en Rep\u00fablica Dominicana, durante el r\u00e9gimen de Rafael Trujillo.<\/p>\n<p>En la Ciudad de Buenos Aires se realizar\u00e1 una concentraci\u00f3n desde las 16 en la Plaza del Congreso donde habr\u00e1 una lectura de documento, intervenciones culturales y a las 17, un pa\u00f1uelazo, en el marco de una jornada de lucha contra el abuso sexual a infancias y adolescencias.<\/p>\n<p>\u201cJuntes somos poderoses! Resistimos desde la alegr\u00eda, el abrazo, el encuentro\u201d, sostuvieron organizaciones como Ni Una Menos y Yo s\u00ed te creo en la convocatoria.<\/p>\n<p>A su vez, el pr\u00f3ximo s\u00e1bado a las 15 tendr\u00e1 lugar una movilizaci\u00f3n desde el Congreso de la Naci\u00f3n hasta Plaza de Mayo.<\/p>\n<p>\u201cSabemos c\u00f3mo hacerle frente a los dinosaurios como (Javier) Milei, estamos siempre en primera l\u00ednea. Por eso, a la derecha se la enfrenta en la calle y organizadxs. Decimos ni un derecho menos, ni un ajuste m\u00e1s!\u201d, difundieron desde la organizaci\u00f3n Pan y Rosas.<\/p>\n<p>Adem\u00e1s este d\u00eda el colectivo Atravesados por el Femicidio har\u00e1 una concentraci\u00f3n de 10 a 17 en el Congreso.<\/p>\n<p>\u201cInvitamos a la sociedad toda a que nos acompa\u00f1en en esta jornada de visibilizaci\u00f3n en la que estamos convencidos que la lucha contra la violencia es entre todos y todas. Solo as\u00ed podremos lograrlo\u201d, sostuvieron desde la agrupaci\u00f3n en un comunicado.<\/p>\n<p>En la Ciudad de C\u00f3rdoba, la convocatoria est\u00e1 prevista para el viernes a las 18 en el cruce entre Col\u00f3n y Ca\u00f1ada, bajo el lema \u201cA las calles contra la ultraderecha, los negacionistas y el FMI. Abajo el genocidio al pueblo palestino\u201d.<\/p>\n<p>El lunes 27 de noviembre a las 17 tendr\u00e1 lugar la movilizaci\u00f3n en la ciudad de Santa Fe desde Plaza del Soldado hasta Plaza 25 de Mayo; mientras en Rosario la concentraci\u00f3n ser\u00e1 el pr\u00f3ximo s\u00e1bado a las 16.30 en Oro\u00f1o y el r\u00edo.<\/p>\n<p>En la localidad bonaerense de Lan\u00fas se realizar\u00e1 desde las 11 una actividad para difundir la Ley N\u00b0 27.610 de Interrupci\u00f3n Voluntaria del Embarazo (IVE) organizada por la Regional Zona Sur del Gran Buenos Aires de la Campa\u00f1a Nacional por el Derecho al Aborto Legal, Seguro y Gratuito, con el lema \u201clos pa\u00f1uelos no se guardan\u201d.<\/p>\n<p>La Asamblea Feminista de Mujeres y Diversidades de La Plata, Berisso y Ensenada convoc\u00f3 a concentrar a las 16 del s\u00e1bado en la Plaza Moreno.<\/p>\n<p>En Lomas de Zamora la concentraci\u00f3n ser\u00e1 el s\u00e1bado a las 16.30 en Plaza Grigera, donde habr\u00e1 radio abierta de la Mesa Local Contra las Violencias, feria de emprendedoras, una muestra fotogr\u00e1fica y un cierre cultural.<\/p>\n<p>En tanto, el Movimiento de Mujeres y Diversidad de Mar del Plata y Bat\u00e1n convoc\u00f3 a una \u201cjornada de lucha\u201d a partir de las 17 en el Monumento a San Mart\u00edn, ubicado entre la avenida Pedro Luro y Bartolom\u00e9 Mitre, que contar\u00e1 con testimonios de v\u00edctimas de violencia machista, la lectura de documento \u201cque expresa la posici\u00f3n pol\u00edtica de este movimiento ante la coyuntura de nuestro pa\u00eds\u201d y una movilizaci\u00f3n a partir de las 18.<\/p>\n<p>\u201cEn defensa de nuestros derechos. Ni un paso atr\u00e1s\u201d, sostuvo la convocatoria marplatense.<\/p>\n<p>En la localidad bonaerense de Bol\u00edvar la convocatoria est\u00e1 prevista para el s\u00e1bado a las 19.30 en el Centro C\u00edvico, con el lema \u201cPor el aborto voluntario, seguro y gratuito, por la ESI y por vidas dignas. Contra las derechas, el ajuste y el FMI. La libertad es nuestra\u201d; mientras en Bah\u00eda Blanca ser\u00e1 a las 17 del s\u00e1bado en Plaza Rivadavia.<\/p>\n<p>En Jujuy, la movilizaci\u00f3n partir\u00e1 el viernes a las 17 desde la plaza central de la ciudad, a donde retornar\u00e1n luego para llevar adelante un recital a cargo de la Red de M\u00fasicas de Jujuy, previsto a partir de las 19 con un cierre que contar\u00e1 con la presentaci\u00f3n de Kullakas Warmi Sikuris, Noelia Gareca, La Flor del Cha\u00f1i, Dani Garc\u00eda y las Venus del Monte, Wara Kalpanchay, Fabiola Vilte, Euge Mur y las Cantoras del Alto, Kumbia Mer, Antonella Correa, Malka Mercado, Huayra Awka, Fusionada, Flor Cari y Sol \u00c1lvarez.<\/p>\n<p>\u00abEn un momento en que nos dicen que todo se vende y se compra, que el Estado debe reducirse y no incidir en nada, que no hay otro camino que el ajuste y el despojo, desde el movimiento de mujeres levantamos las banderas por nuestros derechos, por el derecho a peticionar sin represi\u00f3n, por seguir conquistando derechos\u00bb, se pronunci\u00f3 la Multisectorial de Mujeres y Disidencias de Jujuy.<\/p>\n<p>Adem\u00e1s piden el \u00abmantenimiento del Ministerio de las Mujeres, G\u00e9nero y Diversidad\u00bb, la permanencia de los \u00absubsidios para v\u00edctimas de violencia machista y del programa de promotoras en violencia de g\u00e9nero\u201d, la pr\u00f3rroga de la ley provincial Iara, de emergencia en violencia de g\u00e9nero, y presupuesto acorde para terminar con la crisis en el abordaje de la problem\u00e1tica en la provincia.<\/p>\n<p>Tambi\u00e9n el viernes tendr\u00e1 lugar una movilizaci\u00f3n en Posadas, capital de Misiones, donde est\u00e1 convocada una concentraci\u00f3n a las 17 en Santiago del Estero y Jun\u00edn.<\/p>\n<p>Por su parte, el s\u00e1bado ser\u00e1n tambi\u00e9n las concentraciones en San Fernando del Valle de Catamarca a las 20 en Plaza 25 de Mayo y en San Miguel de Tucum\u00e1n a las 17 en Plaza Urquiza.<\/p>\n<p>En el sur del pa\u00eds, las movilizaciones por el 25N tendr\u00e1n lugar este s\u00e1bado a las 17 en el Monumento San Mart\u00edn (Neuqu\u00e9n), en la Plaza de los Pr\u00f3ceres a las 16 (Zapala) y a las 17 en el Monolito de Cutral Co.<\/p>\n","protected":false},"excerpt":{"rendered":"<p>Con motivo del \u201c25N\u201d, D\u00eda Internacional de la Lucha contra la Violencia hacia la Mujer, en distintos lugares del pa\u00eds habr\u00e1 movilizaciones este viernes y s\u00e1bado con consignas centradas en sostener pol\u00edticas p\u00fablicas de prevenci\u00f3n y acompa\u00f1amiento a sobrevivientes de violentos. \u201cNi un paso atr\u00e1s\u201d, \u201cNi un derecho menos, ni un ajuste m\u00e1s\u201d, \u201cNos tenemos\u201d &hellip;<\/p>\n","protected":false},"author":2,"featured_media":0,"comment_status":"open","ping_status":"open","sticky":false,"template":"","format":"standard","meta":{"advanced_seo_description":"","jetpack_seo_html_title":"","jetpack_seo_noindex":false,"_jetpack_memberships_contains_paid_content":false,"footnotes":"","jetpack_publicize_message":"","jetpack_publicize_feature_enabled":true,"jetpack_social_post_already_shared":false,"jetpack_social_options":{"image_generator_settings":{"template":"highway","default_image_id":0,"font":"","enabled":false},"version":2}},"categories":[6],"tags":[],"class_list":["post-2685","post","type-post","status-publish","format-standard","hentry","category-calle-angosta"],"jetpack_publicize_connections":[],"jetpack_featured_media_url":"","jetpack_sharing_enabled":true,"_links":{"self":[{"href":"https:\/\/calleangosta.com\/ca\/wp-json\/wp\/v2\/posts\/2685","targetHints":{"allow":["GET"]}}],"collection":[{"href":"https:\/\/calleangosta.com\/ca\/wp-json\/wp\/v2\/posts"}],"about":[{"href":"https:\/\/calleangosta.com\/ca\/wp-json\/wp\/v2\/types\/post"}],"author":[{"embeddable":true,"href":"https:\/\/calleangosta.com\/ca\/wp-json\/wp\/v2\/users\/2"}],"replies":[{"embeddable":true,"href":"https:\/\/calleangosta.com\/ca\/wp-json\/wp\/v2\/comments?post=2685"}],"version-history":[{"count":1,"href":"https:\/\/calleangosta.com\/ca\/wp-json\/wp\/v2\/posts\/2685\/revisions"}],"predecessor-version":[{"id":6780,"href":"https:\/\/calleangosta.com\/ca\/wp-json\/wp\/v2\/posts\/2685\/revisions\/6780"}],"wp:attachment":[{"href":"https:\/\/calleangosta.com\/ca\/wp-json\/wp\/v2\/media?parent=2685"}],"wp:term":[{"taxonomy":"category","embeddable":true,"href":"https:\/\/calleangosta.com\/ca\/wp-json\/wp\/v2\/categories?post=2685"},{"taxonomy":"post_tag","embeddable":true,"href":"https:\/\/calleangosta.com\/ca\/wp-json\/wp\/v2\/tags?post=2685"}],"curies":[{"name":"wp","href":"https:\/\/api.w.org\/{rel}","templated":true}]}}