{"id":2686,"date":"2024-12-03T11:20:53","date_gmt":"2024-12-03T14:20:53","guid":{"rendered":"https:\/\/calleangosta.com\/ca\/?p=2686"},"modified":"2024-12-03T11:20:53","modified_gmt":"2024-12-03T14:20:53","slug":"di-maria-confirmo-que-contra-brasil-fue-su-ultimo-partido-por-eliminatorias","status":"publish","type":"post","link":"https:\/\/calleangosta.com\/ca\/di-maria-confirmo-que-contra-brasil-fue-su-ultimo-partido-por-eliminatorias\/","title":{"rendered":"Di Mar\u00eda confirm\u00f3 que contra Brasil fue su \u00faltimo partido por Eliminatorias"},"content":{"rendered":"<p>\u00c1ngel Di Mar\u00eda, referente e \u00eddolo del seleccionado argentino, confirm\u00f3 hoy con un sentido mensaje en redes sociales que contra Brasil fue su \u00faltimo partido por Eliminatorias sudamericanas y ratific\u00f3 que se despedir\u00e1 despu\u00e9s de la Copa Am\u00e9rica.<\/p>\n<p><!--more--><\/p>\n<p>\u00abBueno, lleg\u00f3 el \u00faltimo partido de eliminatorias para m\u00ed\u00bb, expres\u00f3 \u00abFideo\u00bb en el inicio del texto que public\u00f3 en su cuenta oficial de Instagram<\/p>\n<p>\u00abNo puedo expresar con palabras lo que me llena el alma la ovaci\u00f3n de la gente en este \u00faltimo tiempo, disfruto cada segundo de ese cari\u00f1o y el de mis compa\u00f1eros, ellos, mis amigos, sin ellos esta historia no tendr\u00eda el mismo sentido. El cari\u00f1o de cada uno de ellos hizo que tambi\u00e9n hoy fuera quien soy\u00bb, continu\u00f3 el autor de los goles m\u00e1s importantes de la \u00abScaloneta\u00bb.<\/p>\n<p>En medio del mensaje de despedida, Di Mar\u00eda tambi\u00e9n repudi\u00f3 los hechos de violencia que se produjeron en la previa del hist\u00f3rico triunfo del seleccionado argentino ante Brasil.<\/p>\n<p>\u00abLastimosamente no podemos dejar pasar los hechos que surgieron en el estadio, nadie merece ese maltrato ni los golpes. Familias y ni\u00f1os asustados en medio de un estadio donde lo \u00fanico que deber\u00eda haber pasado es ver y disfrutar un partido dentro de lo que es folclore del f\u00fatbol. Ojal\u00e1 no vuelvan a pasar este tipo de cosas. Nosotros como jugadores siempre siempre vamos a defender a nuestra gente sin duda alguna\u00bb, afirm\u00f3 el rosarino<\/p>\n<p>\u00abLa Copa Am\u00e9rica ser\u00e1 la \u00faltima vez que vista la camiseta Argentina, con todo el dolor del alma y sintiendo un nudo en la garganta me despido de lo m\u00e1s hermoso que me pas\u00f3 en mi carrera: vestirla, sudarla y SENTIRLA con todo el orgullo\u00bb, remarc\u00f3.<\/p>\n<p>\u00abGracias hinchada, gracias familia, gracias amigos y compa\u00f1eros de selecci\u00f3n, seguimos haciendo historia y eso quedar\u00e1 por toda la eternidad \u00a1Vamos Argentina carajo!\u00bb, cerr\u00f3 Di Mar\u00eda desde Portugal, luego de participar de la \u00faltima doble fecha del a\u00f1o ante Uruguay, en La Bombonera, y contra Brasil en el estadio Maracan\u00e1.<\/p>\n<p>Di Mar\u00eda cerr\u00f3 su etapa en Eliminatorias sudamericanas como el segundo jugador con m\u00e1s partidos jugados (52) solo por detr\u00e1s del capit\u00e1n Lionel Messi (65).<\/p>\n<p>Adem\u00e1s, en \u00e9sta competencia, el zurdo convirti\u00f3 8 goles y aport\u00f3 11 asistencias.<\/p>\n<p>El campe\u00f3n de Am\u00e9rica, Finalissima y del Mundo cerrar\u00e1 su ciclo en el seleccionado argentino en la Copa Am\u00e9rica de Estados Unidos que se disputar\u00e1 del 20 de junio al 14 de julio del 2024.<\/p>\n","protected":false},"excerpt":{"rendered":"<p>\u00c1ngel Di Mar\u00eda, referente e \u00eddolo del seleccionado argentino, confirm\u00f3 hoy con un sentido mensaje en redes sociales que contra Brasil fue su \u00faltimo partido por Eliminatorias sudamericanas y ratific\u00f3 que se despedir\u00e1 despu\u00e9s de la Copa Am\u00e9rica. \u00abBueno, lleg\u00f3 el \u00faltimo partido de eliminatorias para m\u00ed\u00bb, expres\u00f3 \u00abFideo\u00bb en el inicio del texto que &hellip;<\/p>\n","protected":false},"author":2,"featured_media":0,"comment_status":"open","ping_status":"open","sticky":false,"template":"","format":"standard","meta":{"advanced_seo_description":"","jetpack_seo_html_title":"","jetpack_seo_noindex":false,"_jetpack_memberships_contains_paid_content":false,"footnotes":"","jetpack_publicize_message":"","jetpack_publicize_feature_enabled":true,"jetpack_social_post_already_shared":false,"jetpack_social_options":{"image_generator_settings":{"template":"highway","default_image_id":0,"font":"","enabled":false},"version":2}},"categories":[6],"tags":[],"class_list":["post-2686","post","type-post","status-publish","format-standard","hentry","category-calle-angosta"],"jetpack_publicize_connections":[],"jetpack_featured_media_url":"","jetpack_sharing_enabled":true,"_links":{"self":[{"href":"https:\/\/calleangosta.com\/ca\/wp-json\/wp\/v2\/posts\/2686","targetHints":{"allow":["GET"]}}],"collection":[{"href":"https:\/\/calleangosta.com\/ca\/wp-json\/wp\/v2\/posts"}],"about":[{"href":"https:\/\/calleangosta.com\/ca\/wp-json\/wp\/v2\/types\/post"}],"author":[{"embeddable":true,"href":"https:\/\/calleangosta.com\/ca\/wp-json\/wp\/v2\/users\/2"}],"replies":[{"embeddable":true,"href":"https:\/\/calleangosta.com\/ca\/wp-json\/wp\/v2\/comments?post=2686"}],"version-history":[{"count":1,"href":"https:\/\/calleangosta.com\/ca\/wp-json\/wp\/v2\/posts\/2686\/revisions"}],"predecessor-version":[{"id":6779,"href":"https:\/\/calleangosta.com\/ca\/wp-json\/wp\/v2\/posts\/2686\/revisions\/6779"}],"wp:attachment":[{"href":"https:\/\/calleangosta.com\/ca\/wp-json\/wp\/v2\/media?parent=2686"}],"wp:term":[{"taxonomy":"category","embeddable":true,"href":"https:\/\/calleangosta.com\/ca\/wp-json\/wp\/v2\/categories?post=2686"},{"taxonomy":"post_tag","embeddable":true,"href":"https:\/\/calleangosta.com\/ca\/wp-json\/wp\/v2\/tags?post=2686"}],"curies":[{"name":"wp","href":"https:\/\/api.w.org\/{rel}","templated":true}]}}