{"id":2687,"date":"2024-12-03T11:20:52","date_gmt":"2024-12-03T14:20:52","guid":{"rendered":"https:\/\/calleangosta.com\/ca\/?p=2687"},"modified":"2024-12-03T11:20:52","modified_gmt":"2024-12-03T14:20:52","slug":"supermercados-instaron-a-respetar-pautas-de-precios-y-responsabilizan-a-sus-proveedores","status":"publish","type":"post","link":"https:\/\/calleangosta.com\/ca\/supermercados-instaron-a-respetar-pautas-de-precios-y-responsabilizan-a-sus-proveedores\/","title":{"rendered":"Supermercados instaron a \u00abrespetar\u00bb pautas de precios y responsabilizan a sus proveedores"},"content":{"rendered":"<p>La C\u00e1mara Argentina de Supermercados (CAS) y la Federaci\u00f3n Argentina de Supermercados y Autoservicios (FASA) reclamaron \u00abprudencia\u00bb en la fijaci\u00f3n de precios de los productos de consumo masivo, instaron a \u00abrespetar las pautas fijadas por el gobierno nacional\u00bb y responsabilizaron a sus proveedores por lo aumentos.<\/p>\n<p><!--more--><\/p>\n<p>\u00abLamentablemente, nos veremos obligados a no recibir aquellos productos cuyos precios excedan los l\u00edmites de aumentos establecidos por la Secretar\u00eda de Comercio de la Naci\u00f3n, en defensa de los bolsillos de nuestros clientes\u00bb, indicaron CAS y FASA en un comunicado, en el que advirtieron que \u00ablos perjudicados por los aumentos excesivos de precios son los consumidores, la gente que debe enfrentar esta situaci\u00f3n con baj\u00edsimos niveles de ingresos\u00bb.<\/p>\n<p>Por su parte el director ejecutivo de la Asociaci\u00f3n Supermercados Unidos (ASU), Juan Vasco Mart\u00ednez, inform\u00f3 que \u00abdesde el d\u00eda martes\u00bb se mantienen contactos con Comercio para \u00abadecuar a la situaci\u00f3n post-electoral los acuerdos de precios vigentes oportunamente formalizados\u00bb.<\/p>\n<p>Vasco Mart\u00ednez dijo que \u00abse avanz\u00f3 priorizando el di\u00e1logo con la cadena de valor para encauzar situaciones que permitan, sobre todo, garantizar el abastecimiento y adecuar el sendero vigente con el objetivo de evitar aumentos desmedidos\u00bb.<\/p>\n<p>ASU indic\u00f3 que \u00aben el marco de la transici\u00f3n, una importante cantidad de las firmas proveedoras signatarias del programa Precios Justos relacionadas con los principales rubros se han adecuado a esta iniciativa, con incrementos que durante esta semana oscilan en promedio entre el 5% y el 12%\u00bb, y adem\u00e1s adelant\u00f3 que \u00abdurante diciembre operar\u00e1 el tradicional aumento mensual del programa en el orden del 8%\u00bb.<\/p>\n<p>CAS y FASA destacaron \u00abla necesidad de proceder con extrema prudencia\u00bb, al tiempo que consideraron que las remarcaciones obedecen a una \u00absituaci\u00f3n transitoria\u00bb que es \u00abproducto de la incertidumbre que genera el cambio de Gobierno en un entorno de elevad\u00edsima inflaci\u00f3n\u00bb, aunque prev\u00e9n \u00abseguras modificaciones en la pol\u00edtica de precios que fijar\u00e1 la nueva administraci\u00f3n gubernamental\u00bb<\/p>\n<p>Asimismo, plantearon que las variables econ\u00f3micas est\u00e1n \u00absumamente deterioradas\u00bb, por lo que convocaron a \u00abla producci\u00f3n primaria, la industria y el comercio\u00bb a \u00abtrabajar juntos\u00bb y fortalecer \u00abel v\u00ednculo profesional que nos une\u00bb.<\/p>\n","protected":false},"excerpt":{"rendered":"<p>La C\u00e1mara Argentina de Supermercados (CAS) y la Federaci\u00f3n Argentina de Supermercados y Autoservicios (FASA) reclamaron \u00abprudencia\u00bb en la fijaci\u00f3n de precios de los productos de consumo masivo, instaron a \u00abrespetar las pautas fijadas por el gobierno nacional\u00bb y responsabilizaron a sus proveedores por lo aumentos. \u00abLamentablemente, nos veremos obligados a no recibir aquellos productos &hellip;<\/p>\n","protected":false},"author":2,"featured_media":0,"comment_status":"open","ping_status":"open","sticky":false,"template":"","format":"standard","meta":{"advanced_seo_description":"","jetpack_seo_html_title":"","jetpack_seo_noindex":false,"_jetpack_memberships_contains_paid_content":false,"footnotes":"","jetpack_publicize_message":"","jetpack_publicize_feature_enabled":true,"jetpack_social_post_already_shared":false,"jetpack_social_options":{"image_generator_settings":{"template":"highway","default_image_id":0,"font":"","enabled":false},"version":2}},"categories":[6],"tags":[],"class_list":["post-2687","post","type-post","status-publish","format-standard","hentry","category-calle-angosta"],"jetpack_publicize_connections":[],"jetpack_featured_media_url":"","jetpack_sharing_enabled":true,"_links":{"self":[{"href":"https:\/\/calleangosta.com\/ca\/wp-json\/wp\/v2\/posts\/2687","targetHints":{"allow":["GET"]}}],"collection":[{"href":"https:\/\/calleangosta.com\/ca\/wp-json\/wp\/v2\/posts"}],"about":[{"href":"https:\/\/calleangosta.com\/ca\/wp-json\/wp\/v2\/types\/post"}],"author":[{"embeddable":true,"href":"https:\/\/calleangosta.com\/ca\/wp-json\/wp\/v2\/users\/2"}],"replies":[{"embeddable":true,"href":"https:\/\/calleangosta.com\/ca\/wp-json\/wp\/v2\/comments?post=2687"}],"version-history":[{"count":1,"href":"https:\/\/calleangosta.com\/ca\/wp-json\/wp\/v2\/posts\/2687\/revisions"}],"predecessor-version":[{"id":6778,"href":"https:\/\/calleangosta.com\/ca\/wp-json\/wp\/v2\/posts\/2687\/revisions\/6778"}],"wp:attachment":[{"href":"https:\/\/calleangosta.com\/ca\/wp-json\/wp\/v2\/media?parent=2687"}],"wp:term":[{"taxonomy":"category","embeddable":true,"href":"https:\/\/calleangosta.com\/ca\/wp-json\/wp\/v2\/categories?post=2687"},{"taxonomy":"post_tag","embeddable":true,"href":"https:\/\/calleangosta.com\/ca\/wp-json\/wp\/v2\/tags?post=2687"}],"curies":[{"name":"wp","href":"https:\/\/api.w.org\/{rel}","templated":true}]}}