{"id":2689,"date":"2024-12-03T11:20:52","date_gmt":"2024-12-03T14:20:52","guid":{"rendered":"https:\/\/calleangosta.com\/ca\/?p=2689"},"modified":"2024-12-03T11:20:52","modified_gmt":"2024-12-03T14:20:52","slug":"29-familias-cumplen-el-sueno-de-la-casa-propia-en-el-interior-provincial","status":"publish","type":"post","link":"https:\/\/calleangosta.com\/ca\/29-familias-cumplen-el-sueno-de-la-casa-propia-en-el-interior-provincial\/","title":{"rendered":"29 Familias cumplen el sue\u00f1o de la casa propia en el interior provincial"},"content":{"rendered":"<p>Este jueves fue un d\u00eda de alegr\u00eda y emoci\u00f3n para 29 familias de las localidades de Villa Larca, Naschel y La Carolina en la provincia de San Luis. El gobierno provincial llev\u00f3 a cabo la entrega oficial de 14 viviendas en Villa Larca, 13 en Naschel y 2 en La Carolina.<\/p>\n<p><!--more--><\/p>\n<p>El acto de entrega se inici\u00f3 cerca del mediod\u00eda en Villa Larca, donde 14 familias expresaron su emoci\u00f3n al recibir las llaves de sus nuevos hogares. Despu\u00e9s de un a\u00f1o desafiante marcado por problemas de salud, Susana Alonso comparti\u00f3 su agradecimiento, destacando la ayuda del intendente y su felicidad al tener ahora su propio hogar.<\/p>\n<p>En Naschel, a m\u00e1s de 65 kil\u00f3metros de distancia, 13 familias aguardaban ansiosas para ingresar a sus nuevas viviendas. Las emociones eran palpables, con l\u00e1grimas de alegr\u00eda y la anticipaci\u00f3n de un futuro m\u00e1s seguro y estable. La intendenta de Naschel, Valeria Kuhn, enfatiz\u00f3 la importancia de este momento \u00fanico y expres\u00f3 su deseo de que estas pol\u00edticas habitacionales contin\u00faen satisfaciendo necesidades esenciales.<\/p>\n<p>La Carolina, conocida como el pueblo m\u00e1s lindo del mundo, tambi\u00e9n se sum\u00f3 a la celebraci\u00f3n al dar la bienvenida a dos familias a sus primeros hogares. Las viviendas fueron ejecutadas por el gobierno provincial a trav\u00e9s de la Secretar\u00eda de Viviendas.<\/p>\n<p>Juan Pablo Su\u00e1rez, secretario de Vivienda, destac\u00f3 el arduo trabajo realizado durante todo el a\u00f1o para concretar la entrega de alrededor de 2.500 casas en diversas ubicaciones de la provincia. Adem\u00e1s, resalt\u00f3 la realizaci\u00f3n de m\u00e1s de 3.000 tr\u00e1mites de escrituraci\u00f3n y el plan de lotes con servicios para profesionales.<\/p>\n<p>Esta iniciativa gubernamental no solo proporciona viviendas, sino que tambi\u00e9n crea un impacto significativo en la calidad de vida de las familias beneficiarias, brind\u00e1ndoles estabilidad y un lugar que pueden llamar hogar. La entrega de estas viviendas es un testimonio del compromiso del gobierno provincial de abordar las necesidades habitacionales de la comunidad y mejorar el bienestar de sus residentes.<\/p>\n","protected":false},"excerpt":{"rendered":"<p>Este jueves fue un d\u00eda de alegr\u00eda y emoci\u00f3n para 29 familias de las localidades de Villa Larca, Naschel y La Carolina en la provincia de San Luis. El gobierno provincial llev\u00f3 a cabo la entrega oficial de 14 viviendas en Villa Larca, 13 en Naschel y 2 en La Carolina. El acto de entrega &hellip;<\/p>\n","protected":false},"author":2,"featured_media":0,"comment_status":"open","ping_status":"open","sticky":false,"template":"","format":"standard","meta":{"advanced_seo_description":"","jetpack_seo_html_title":"","jetpack_seo_noindex":false,"_jetpack_memberships_contains_paid_content":false,"footnotes":"","jetpack_publicize_message":"","jetpack_publicize_feature_enabled":true,"jetpack_social_post_already_shared":false,"jetpack_social_options":{"image_generator_settings":{"template":"highway","default_image_id":0,"font":"","enabled":false},"version":2}},"categories":[6],"tags":[],"class_list":["post-2689","post","type-post","status-publish","format-standard","hentry","category-calle-angosta"],"jetpack_publicize_connections":[],"jetpack_featured_media_url":"","jetpack_sharing_enabled":true,"_links":{"self":[{"href":"https:\/\/calleangosta.com\/ca\/wp-json\/wp\/v2\/posts\/2689","targetHints":{"allow":["GET"]}}],"collection":[{"href":"https:\/\/calleangosta.com\/ca\/wp-json\/wp\/v2\/posts"}],"about":[{"href":"https:\/\/calleangosta.com\/ca\/wp-json\/wp\/v2\/types\/post"}],"author":[{"embeddable":true,"href":"https:\/\/calleangosta.com\/ca\/wp-json\/wp\/v2\/users\/2"}],"replies":[{"embeddable":true,"href":"https:\/\/calleangosta.com\/ca\/wp-json\/wp\/v2\/comments?post=2689"}],"version-history":[{"count":1,"href":"https:\/\/calleangosta.com\/ca\/wp-json\/wp\/v2\/posts\/2689\/revisions"}],"predecessor-version":[{"id":6776,"href":"https:\/\/calleangosta.com\/ca\/wp-json\/wp\/v2\/posts\/2689\/revisions\/6776"}],"wp:attachment":[{"href":"https:\/\/calleangosta.com\/ca\/wp-json\/wp\/v2\/media?parent=2689"}],"wp:term":[{"taxonomy":"category","embeddable":true,"href":"https:\/\/calleangosta.com\/ca\/wp-json\/wp\/v2\/categories?post=2689"},{"taxonomy":"post_tag","embeddable":true,"href":"https:\/\/calleangosta.com\/ca\/wp-json\/wp\/v2\/tags?post=2689"}],"curies":[{"name":"wp","href":"https:\/\/api.w.org\/{rel}","templated":true}]}}