{"id":2692,"date":"2024-12-03T11:20:46","date_gmt":"2024-12-03T14:20:46","guid":{"rendered":"https:\/\/calleangosta.com\/ca\/?p=2692"},"modified":"2024-12-03T11:20:46","modified_gmt":"2024-12-03T14:20:46","slug":"milei-ratifico-el-cierre-del-bcra-y-confirman-a-osvaldo-giordano-en-anses-y-a-horacio-marin-en-ypf","status":"publish","type":"post","link":"https:\/\/calleangosta.com\/ca\/milei-ratifico-el-cierre-del-bcra-y-confirman-a-osvaldo-giordano-en-anses-y-a-horacio-marin-en-ypf\/","title":{"rendered":"Milei ratific\u00f3 el cierre del BCRA y confirman a Osvaldo Giordano en Anses y a Horacio Mar\u00edn en YPF"},"content":{"rendered":"<p>El presidente electo Javier Milei ratific\u00f3 hoy que su idea de cerrar el Banco Central \u00abno es un asunto negociable\u00bb y confirm\u00f3 las designaciones de Osvaldo Giordano al frente de la Administraci\u00f3n Nacional de la Seguridad Social (Anses) y de Horacio Mar\u00edn como titular de YPF.<\/p>\n<p><!--more--><\/p>\n<p>Por su parte, la vicepresidenta electa Victoria Villarruel y la designada canciller Diana Mondino coincidieron en que los ministros del Gabinete ser\u00e1n confirmados \u00aba partir del 10 de diciembre\u00bb, fecha prevista para el cambio de Gobierno. por el propio Milei.<\/p>\n<p>\u00abEl economista Osvaldo Giordano ser\u00e1 el titular de la Anses y el ingeniero Horacio Mar\u00edn estar\u00e1 al frente de YPF a partir del 10 de diciembre\u00bb, se inform\u00f3 en la cuenta oficial de la oficina del Presidente electo en la plataforma X.<\/p>\n<p>El economista y actual ministro de Finanzas de C\u00f3rdoba es cercano al gobernador Juan Schiaretti y estuvo a cargo de la caja de jubilaciones de esa provincia, mientras que Mar\u00edn es un ingeniero qu\u00edmico con ampl\u00eda trayectoria en el sector petrolero que se desempe\u00f1a como presidente de Tecpetrol, la petrolera del Grupo Techint.<\/p>\n<p>En el comunicado de la oficina de Milei se indic\u00f3 tambi\u00e9n que \u00abante los falsos rumores difundidos, el cierre del Banco Central no es un asunto negociable\u00bb y anunci\u00f3 que Milei se preparaba para mantener \u00abuna comunicaci\u00f3n telef\u00f3nica con el presidente de Corea del Sur, Yoon Suk-yeol\u00bb.<\/p>\n<p>\u00abLa \u00fanica informaci\u00f3n oficial sobre el futuro gobierno, encabezado por Javier Milei, es la publicada por este medio\u00bb, insistieron desde la cuenta @OPEArg en X, luego de la jornada de ayer en la que hubo diferentes versiones sobre los posibles nombramientos.<\/p>\n<p>Al caso de la diputada nacional por La Libertad Avanza (LLA), Carolina Piparo, que ayer anunci\u00f3 una reuni\u00f3n de transici\u00f3n con la actual titular de Anses, Fernanda Raverta, pero que luego fue reemplazada en esa funci\u00f3n por Giordano, se suman las versiones -que trascienden desde ayer- en torno al arribo de la titular del PRO, Patricia Bullrich, al Ministerio de Seguridad, y el del exministro de Finanzas, Luis \u00abToto\u00bb Caputo\u00bb, a la cartera de Econom\u00eda, ambos exfuncionarios de la administraci\u00f3n de Mauricio Macri.<\/p>\n<p>\u00abEs normal que haya mucha expectativa sobre quienes van a ser los ministros y el nuevo Gobierno. Los anuncios se har\u00e1n a partir del 10 de diciembre. La decisi\u00f3n de transmitir eso es del presidente Milei\u00bb, dijo Villarruel en declaraciones a la prensa desde el Departamento Central de la Polic\u00eda Federal, donde convers\u00f3 con los oficiales sobre c\u00f3mo pueden \u00abdesarrollar su actividad con mayor eficiencia\u00bb.<\/p>\n<p>\u00abNo he hablado en las ultimas horas con Bullrich. Estamos a contrareloj en todas las \u00e1reas, pero eso no implica ning\u00fan gesto en particular. Estamos todos trabajando y reuni\u00e9ndonos. Seguramente en el d\u00eda de hoy hable con ella\u00bb, a\u00f1adi\u00f3 al ser consultada por la dirigente del PRO que probablemente ocupe el cargo de titular de la cartera de Seguridad.<\/p>\n<p>En esa misma l\u00ednea se manifest\u00f3 Mondino, quien remarc\u00f3 que \u00abtodas las confirmaciones van a estar el 10 de diciembre, al igual que los planes\u00bb de Gobierno.<\/p>\n<p>\u00abHab\u00edamos dicho que hasta el 10 de diciembre no vamos a decir nombres pero ustedes (por los periodistas) son muy curiosos. Estamos trabajando de m\u00faltiples maneras para formar equipos. Vamos a elegir a los mejores para cada lugar\u00bb, ratific\u00f3 quien es mencionada como futura canciller ante la prensa ubicada en las afueras del hotel Libertador, en el barrio porte\u00f1o de Retiro.<\/p>\n<p>Mondino tambi\u00e9n se refiri\u00f3 a la ratificaci\u00f3n de la oficina de Milei sobre el cierre del BCRA y se\u00f1al\u00f3 que su presunta \u00abdestrucci\u00f3n\u00bb representa \u00abuna met\u00e1fora\u00bb.<\/p>\n<p>\u00abNo vamos a destruir el edificio que es bell\u00edsimo. Vamos a tratar de terminar lo antes posible con esta funci\u00f3n de creaci\u00f3n de moneda que tiene\u00bb, explic\u00f3.<\/p>\n<p>Por otro lado, el jefe del Consejo de Asesores Econ\u00f3micos de LLA, Carlos Rodr\u00edguez, anunci\u00f3 su \u00abdecisi\u00f3n indeclinable de terminar toda relaci\u00f3n formal, real o presunta, de asesoramiento en materia econ\u00f3mica\u00bb con el espacio que encabeza Milei.<\/p>\n<p>\u00abPor medio de la presente comunico mi decisi\u00f3n indeclinable de terminar toda relaci\u00f3n formal, real o presunta, de asesoramiento en materia econ\u00f3mica en La Libertad Avanza\u00bb, poste\u00f3 esta ma\u00f1ana el economista y exviceministro de Econom\u00eda de Carlos Menem en su cuenta de X.<\/p>\n<p>El rector del Centro de Estudios Macroecon\u00f3micos de Argentina (CEMA) agreg\u00f3: \u00abCreo que ser\u00e9 mucho m\u00e1s \u00fatil a la causa de la libertad si puedo opinar libremente sin que mis ideas tengan que estar asociadas a un partido pol\u00edtico o a una persona\u00bb; y felicit\u00f3 al presidente electo Javier Milei \u00aby a todos los miembros de LLA por el maravilloso trabajo que han realizado en favor de transformar para bien a nuestro querido pa\u00eds\u00bb.<\/p>\n<p>Ayer, en declaraciones al canal La Naci\u00f3n+, Rodr\u00edguez hab\u00eda cuestionado a Caputo, al trascender su posible acercamiento a la cartera de Econom\u00eda.<\/p>\n<p>\u00abEs un hombre de las finanzas, de la especulaci\u00f3n de activos financieros, no sirve como ministro\u00bb, sostuvo.<\/p>\n<p>Rodr\u00edguez tambi\u00e9n hab\u00eda sido criticado esta semana por sus dichos contra los gays en una entrevista en esa misma se\u00f1al televisiva que fue repudiada por referentes de la diversidad sexual, quienes advirtieron sobre la creciente legitimaci\u00f3n de discursos discriminatorios.<\/p>\n<p>\u00abSi veo a dos hombres bes\u00e1ndose, me duele la barriga\u00bb, hab\u00eda dicho Rodr\u00edguez en una entrevista televisiva en la que declar\u00f3 abiertamente tener \u00abun problema\u00bb con los gays, y justific\u00f3 su discriminaci\u00f3n a \u00abun tema hormonal\u00bb. \u00b4<\/p>\n<p>En otro orden, los responsables de las redes sociales de Milei, I\u00f1aki Guti\u00e9rrez y Eugenia Rol\u00f3n, valoraron hoy \u00abla experiencia\u00bb que aporta el expresidente Macri para \u00abno caer\u00bb en errores que tuvo el gobierno de Cambiemos y afirmaron que la estrategia comunicacional del espacio en esta etapa ser\u00e1 \u00abllevar tranquilidad\u00bb a todos los argentinos.<\/p>\n<p>\u00abNo hay que cometer los mismos errores, no caer en una din\u00e1mica que no permita avanzar para sacar a la Argentina. Que no se termine volviendo un proceso como le pas\u00f3 al ingeniero Macri que se agarraron las cosas de una manera y por diferentes razones se terminaron dejando peor de lo que se agarraron\u00bb, afirm\u00f3 Guti\u00e9rrez al ser consultado en Radio con Vos sobre los v\u00ednculos de LLA con el expresidente.<\/p>\n<p>En tanto, Rol\u00f3n manifest\u00f3 su \u00abpreocupaci\u00f3n\u00bb por eventuales \u00ablevantamientos\u00bb que puedan ocurrir ante medidas que tome el Gobierno de Milei.<\/p>\n<p>\u00abHay un sector de la sociedad que no respeta la democracia, grupos de izquierda que est\u00e1n armando levantamientos o marchando contra un Presidente que aun no ha asumido\u00bb, expres\u00f3.<\/p>\n","protected":false},"excerpt":{"rendered":"<p>El presidente electo Javier Milei ratific\u00f3 hoy que su idea de cerrar el Banco Central \u00abno es un asunto negociable\u00bb y confirm\u00f3 las designaciones de Osvaldo Giordano al frente de la Administraci\u00f3n Nacional de la Seguridad Social (Anses) y de Horacio Mar\u00edn como titular de YPF. Por su parte, la vicepresidenta electa Victoria Villarruel y &hellip;<\/p>\n","protected":false},"author":2,"featured_media":0,"comment_status":"open","ping_status":"open","sticky":false,"template":"","format":"standard","meta":{"advanced_seo_description":"","jetpack_seo_html_title":"","jetpack_seo_noindex":false,"_jetpack_memberships_contains_paid_content":false,"footnotes":"","jetpack_publicize_message":"","jetpack_publicize_feature_enabled":true,"jetpack_social_post_already_shared":false,"jetpack_social_options":{"image_generator_settings":{"template":"highway","default_image_id":0,"font":"","enabled":false},"version":2}},"categories":[6],"tags":[],"class_list":["post-2692","post","type-post","status-publish","format-standard","hentry","category-calle-angosta"],"jetpack_publicize_connections":[],"jetpack_featured_media_url":"","jetpack_sharing_enabled":true,"_links":{"self":[{"href":"https:\/\/calleangosta.com\/ca\/wp-json\/wp\/v2\/posts\/2692","targetHints":{"allow":["GET"]}}],"collection":[{"href":"https:\/\/calleangosta.com\/ca\/wp-json\/wp\/v2\/posts"}],"about":[{"href":"https:\/\/calleangosta.com\/ca\/wp-json\/wp\/v2\/types\/post"}],"author":[{"embeddable":true,"href":"https:\/\/calleangosta.com\/ca\/wp-json\/wp\/v2\/users\/2"}],"replies":[{"embeddable":true,"href":"https:\/\/calleangosta.com\/ca\/wp-json\/wp\/v2\/comments?post=2692"}],"version-history":[{"count":1,"href":"https:\/\/calleangosta.com\/ca\/wp-json\/wp\/v2\/posts\/2692\/revisions"}],"predecessor-version":[{"id":6773,"href":"https:\/\/calleangosta.com\/ca\/wp-json\/wp\/v2\/posts\/2692\/revisions\/6773"}],"wp:attachment":[{"href":"https:\/\/calleangosta.com\/ca\/wp-json\/wp\/v2\/media?parent=2692"}],"wp:term":[{"taxonomy":"category","embeddable":true,"href":"https:\/\/calleangosta.com\/ca\/wp-json\/wp\/v2\/categories?post=2692"},{"taxonomy":"post_tag","embeddable":true,"href":"https:\/\/calleangosta.com\/ca\/wp-json\/wp\/v2\/tags?post=2692"}],"curies":[{"name":"wp","href":"https:\/\/api.w.org\/{rel}","templated":true}]}}