{"id":2694,"date":"2024-12-03T11:20:35","date_gmt":"2024-12-03T14:20:35","guid":{"rendered":"https:\/\/calleangosta.com\/ca\/?p=2694"},"modified":"2024-12-03T11:20:35","modified_gmt":"2024-12-03T14:20:35","slug":"marcharon-en-cordoba-contra-el-ajuste-la-ultraderecha-el-negacionismo-y-el-fmi","status":"publish","type":"post","link":"https:\/\/calleangosta.com\/ca\/marcharon-en-cordoba-contra-el-ajuste-la-ultraderecha-el-negacionismo-y-el-fmi\/","title":{"rendered":"Marcharon en C\u00f3rdoba \u00abcontra el ajuste, la ultraderecha, el negacionismo y el FMI\u00bb"},"content":{"rendered":"<p>Agrupaciones y colectivos nucleados en &#8216;Ni Una Menos C\u00f3rdoba&#8217; se movilizaron esta tarde en la capital de la provincia, en el marco del D\u00eda Internacional de la Lucha contra la Violencia hacia las Mujeres, bajo las consignas \u00ab&#8216;Ni un derecho menos, ni un ajuste m\u00e1s. A las calles contra la ultraderecha, los negacionistas, el FMI y contra el genocidio del pueblo palestino\u00bb.<\/p>\n<p><!--more--><\/p>\n<p>La concentraci\u00f3n se realiz\u00f3 a las 18 en la intersecci\u00f3n de Col\u00f3n y Ca\u00f1ada, en el centro de la ciudad de C\u00f3rdoba, para luego marchar unas diez cuadras hasta el paseo comercial del Patio Olmos, donde se efectu\u00f3 el pronunciamiento \u00abdefensa de los derechos feministas conquistados\u00bb,<\/p>\n<p>\u00abSalimos a marchar abrazando la lucha por infancias, adolescencias y maternidades libres de violencias, sum\u00e1ndonos al #GritoGlobalContraElAbusoSexual\u00bb, se resalt\u00f3 en el documento.<\/p>\n<p>Adem\u00e1s, las manifestantes cuestionan al gobierno provincial por las \u00abpol\u00edticas de ajuste, la precarizaci\u00f3n laboral, la criminalizaci\u00f3n de las protestas, el extractivismo a los recursos naturales, los ataques a jubilados y estatales\u00bb.<\/p>\n<p>Por otra parte el Colectivo M\u00e1s Democracia dio a conocer un informe, en el que indican que en la provincia de C\u00f3rdoba son 35 las mujeres buscadas, quienes est\u00e1n con \u00absin paraderos conocidos\u00bb, por lo tanto exige que se \u00abactiven mecanismos y pol\u00edticas de urgencias para resolver las b\u00fasquedas de las mismas\u00bb.<\/p>\n","protected":false},"excerpt":{"rendered":"<p>Agrupaciones y colectivos nucleados en &#8216;Ni Una Menos C\u00f3rdoba&#8217; se movilizaron esta tarde en la capital de la provincia, en el marco del D\u00eda Internacional de la Lucha contra la Violencia hacia las Mujeres, bajo las consignas \u00ab&#8216;Ni un derecho menos, ni un ajuste m\u00e1s. A las calles contra la ultraderecha, los negacionistas, el FMI &hellip;<\/p>\n","protected":false},"author":2,"featured_media":0,"comment_status":"open","ping_status":"open","sticky":false,"template":"","format":"standard","meta":{"advanced_seo_description":"","jetpack_seo_html_title":"","jetpack_seo_noindex":false,"_jetpack_memberships_contains_paid_content":false,"footnotes":"","jetpack_publicize_message":"","jetpack_publicize_feature_enabled":true,"jetpack_social_post_already_shared":false,"jetpack_social_options":{"image_generator_settings":{"template":"highway","default_image_id":0,"font":"","enabled":false},"version":2}},"categories":[6],"tags":[],"class_list":["post-2694","post","type-post","status-publish","format-standard","hentry","category-calle-angosta"],"jetpack_publicize_connections":[],"jetpack_featured_media_url":"","jetpack_sharing_enabled":true,"_links":{"self":[{"href":"https:\/\/calleangosta.com\/ca\/wp-json\/wp\/v2\/posts\/2694","targetHints":{"allow":["GET"]}}],"collection":[{"href":"https:\/\/calleangosta.com\/ca\/wp-json\/wp\/v2\/posts"}],"about":[{"href":"https:\/\/calleangosta.com\/ca\/wp-json\/wp\/v2\/types\/post"}],"author":[{"embeddable":true,"href":"https:\/\/calleangosta.com\/ca\/wp-json\/wp\/v2\/users\/2"}],"replies":[{"embeddable":true,"href":"https:\/\/calleangosta.com\/ca\/wp-json\/wp\/v2\/comments?post=2694"}],"version-history":[{"count":1,"href":"https:\/\/calleangosta.com\/ca\/wp-json\/wp\/v2\/posts\/2694\/revisions"}],"predecessor-version":[{"id":6772,"href":"https:\/\/calleangosta.com\/ca\/wp-json\/wp\/v2\/posts\/2694\/revisions\/6772"}],"wp:attachment":[{"href":"https:\/\/calleangosta.com\/ca\/wp-json\/wp\/v2\/media?parent=2694"}],"wp:term":[{"taxonomy":"category","embeddable":true,"href":"https:\/\/calleangosta.com\/ca\/wp-json\/wp\/v2\/categories?post=2694"},{"taxonomy":"post_tag","embeddable":true,"href":"https:\/\/calleangosta.com\/ca\/wp-json\/wp\/v2\/tags?post=2694"}],"curies":[{"name":"wp","href":"https:\/\/api.w.org\/{rel}","templated":true}]}}