{"id":2697,"date":"2024-12-03T11:20:29","date_gmt":"2024-12-03T14:20:29","guid":{"rendered":"https:\/\/calleangosta.com\/ca\/?p=2697"},"modified":"2024-12-03T11:20:29","modified_gmt":"2024-12-03T14:20:29","slug":"traspaso-de-mando-continuan-reuniones-de-transicion-y-se-ultiman-detalles-para-el-10-de-diciembre","status":"publish","type":"post","link":"https:\/\/calleangosta.com\/ca\/traspaso-de-mando-continuan-reuniones-de-transicion-y-se-ultiman-detalles-para-el-10-de-diciembre\/","title":{"rendered":"Traspaso de mando: contin\u00faan reuniones de transici\u00f3n y se ultiman detalles para el 10 de diciembre"},"content":{"rendered":"<p>A 15 d\u00edas de la asunci\u00f3n de Javier Milei como presidente, el gobierno saliente de Alberto Fern\u00e1ndez y el entrante mantuvieron esta semana distintas reuniones de transici\u00f3n, mientras se define el nuevo gabinete y los detalles e invitados internacionales a la ceremonia de traspaso de poder, prevista para el pr\u00f3ximo domingo 10 de diciembre.<\/p>\n<p><!--more--><\/p>\n<p>La semana pr\u00f3xima ambas c\u00e1maras del Congreso se reunir\u00e1n en Asamblea Legislativa para proclamar formalmente la f\u00f3rmula integrada por Milei y Victoria Villarruel, que se impuso con el 55,69 por ciento de los votos (14.476.462 sufragios) -seg\u00fan el escrutinio provisorio- en la segunda vuelta de las elecciones nacionales disputadas el pasado domingo.<\/p>\n<p>Se trata de un hecho in\u00e9dito que los dos integrantes de la f\u00f3rmula presidencial sean diputados al momento de asumir como presidente y vicepresidente, respectivamente.<\/p>\n<p>En principio, la Asamblea Legislativa est\u00e1 prevista para el mi\u00e9rcoles 29, aunque no se descarta que pueda adelantarse al martes 28, ya que depende de cuando termine el escrutinio definitivo que est\u00e1n realizando la justicia electoral en cada distrito del pa\u00eds, seg\u00fan informaron fuentes parlamentarias.<\/p>\n<p>La asamblea de la pr\u00f3xima semana estar\u00e1 encabezada por la vicepresidenta Cristina Fern\u00e1ndez de Kirchner, quien estar\u00e1 secundada por la presidenta provisional del Senado, Claudia Abdala de Zamora; y la titular de Diputados, Cecilia Moreau, mientras sigue abierta en el Congreso la discusi\u00f3n para definir qui\u00e9nes ser\u00e1n los pr\u00f3ximos titulares de ambas c\u00e1maras.<\/p>\n<p>El plenario ser\u00e1 abierto por la Vicepresidenta y luego se conformar\u00e1 una comisi\u00f3n redactora donde se sumar\u00e1n los votos de cada provincia y all\u00ed se votar\u00e1 a favor de proclamar la f\u00f3rmula ganadora del balotaje del pasado domingo.<\/p>\n<p>Milei y Villarruel volver\u00e1n al Congreso el 10 de diciembre para la tradicional ceremonia en la que deber\u00e1n prestar juramento, ocasi\u00f3n en la que tambi\u00e9n se reunir\u00e1 la Asamblea Legislativa, frente a la cual el electo presidente pronunciar\u00e1 un discurso para anunciar los principales ejes de su gesti\u00f3n y las primeras medidas que adoptar\u00e1.<\/p>\n<p>Luego, se producir\u00e1 la ceremonia de traspaso del mando, en el cual Milei recibir\u00e1 del actual mandatario saliente, Alberto Fern\u00e1ndez, los atributos presidenciales, en un lugar que ser\u00e1 definido la semana entrante, indicaron a T\u00e9lam fuentes de Presidencia.<\/p>\n<p>Para esa ceremonia ya comprometieron su presencia l\u00edderes internacionales, algunas confirmadas en las conversaciones telef\u00f3nicas que Milei mantuvo esta semana desde el hotel Libertadores con referentes de otras naciones.<\/p>\n<p>En principio, ya comprometi\u00f3 su presencia el mandatario de Chile, Gabriel Boric, en una pol\u00edtica de Estado \u00abindependiente de si los gobiernos de turnos son afines o no\u00bb, seg\u00fan anunci\u00f3 esta semana la ministra vocera del ejecutivo trasandino, Camila Vallejo.<\/p>\n<p>Invitado por Milei, tambi\u00e9n estar\u00e1 el expresidente brasile\u00f1o Jair Bolsonaro, quien encendi\u00f3 la pol\u00e9mica durante la semana al expresar que si el actual presidente brasile\u00f1o Luiz In\u00e1cio Lula da Silva tambi\u00e9n asiste a la ceremonia de asunci\u00f3n \u00abser\u00e1 abucheado\u00bb y \u00abse la tendr\u00e1 que aguantar\u00bb.<\/p>\n<p>El comentario se dio luego de que Milei dijera que Lula \u00abser\u00e1 bienvenido\u00bb si decidiera acudir al acto de jura. Lula felicit\u00f3 el domingo por las redes sociales el proceso eleccionario argentino al reconocer los resultados del balotaje, pero no confirm\u00f3 su asistencia a los actos del 10 de diciembre.<\/p>\n<p>Bolsonaro pretende traer una comitiva de unos 20 dirigentes aliados de la ultraderecha de su pa\u00eds a la ceremonia de asunci\u00f3n de Milei, entre ella su esposa Michelle, titular de la rama femenina del Partido Liberal.<\/p>\n<p>Otro de los mandatarios confirmados es el primer ministro de Hungr\u00eda, el ultranacionalista Viktor Orb\u00e1n, quien felicit\u00f3 el viernes por tel\u00e9fono a Milei.<\/p>\n<p>Orb\u00e1n fue el \u00fanico l\u00edder de la Uni\u00f3n Europea que el 1 de enero de 2019 particip\u00f3 en la investidura precisamente del ultraderechista Bolsonaro como presidente de Brasil.<\/p>\n<p>Tambi\u00e9n lo har\u00e1 el presidente de Paraguay, Santiago Pe\u00f1a, luego de conversar con Milei esta semana en un clima de \u00abimportante aproximaci\u00f3n y gran entendimiento entre ambos\u00bb, inform\u00f3 el canciller de ese pa\u00eds Rub\u00e9n Ram\u00edrez.<\/p>\n<p>Adem\u00e1s, Milei tuvo un intercambio con la presidenta peruana Diana Boluarte, quien le expres\u00f3 su \u00abintenci\u00f3n de estar presente en la asunci\u00f3n, previa consulta al Congreso\u00bb de su pa\u00eds.<\/p>\n<p>Tambi\u00e9n se comunic\u00f3 con Milei el presidente de Estados Unidos, Joe Biden, seg\u00fan lo confirmado por la futura canciller Diana Mondino, quien inform\u00f3 que el mandatario norteamericano no podr\u00e1 asistir a la ceremonia de asunci\u00f3n.<\/p>\n<p>Milei recibi\u00f3 adem\u00e1s el llamado del exmandatario de Estados Unidos, Donald Trump, quien lo felicit\u00f3 y anticip\u00f3 que viajar\u00e1 a Buenos Aires \u00abpara reunirse\u00bb con \u00e9l, pero no se precis\u00f3 si lo har\u00e1 para el 10 de diciembre.<\/p>\n<p>Las reuniones de transici\u00f3n entre el gobierno actual y el pr\u00f3ximo se iniciaron el martes, con un encuentro de dos horas y media entre Fern\u00e1ndez y Milei, en la quinta presidencial de Olivos.<\/p>\n<p>En ese encuentro repasaron \u00ablos temas de Estado y la agenda internacional\u00bb, y se aclar\u00f3 que \u00abno hubo ning\u00fan pedido particular\u00bb sobre alg\u00fan tema, informaron fuentes de la Presidencia.<\/p>\n<p>All\u00ed se acord\u00f3 que las pr\u00f3ximas conversaciones sobre la transici\u00f3n queden en manos del vicejefe de Gabinete, Juan Manuel Olmos; y de Nicol\u00e1s Posse, designado futuro jefe de Gabinete de Milei.<\/p>\n<p>Ayer viernes, el secretario General de la Presidencia, Julio Vitobello, recibi\u00f3 en Casa Rosada a Karina Milei, la hermana del presidente electo y referente de La Libertad Avanza (LLA); y a Sandra Pettovello, quien es mencionada como futura ministra de Capital Humano, para continuar en la coordinaci\u00f3n del traspaso a las nuevas autoridades y empezar a definir los detalles de la jornada del 10 de diciembre, indicaron voceros de Presidencia.<\/p>\n<p>Durante la semana, se multiplicaron tambi\u00e9n las reuniones de transici\u00f3n en los distintos ministerios.<\/p>\n<p>El martes, el ministro de Seguridad, An\u00edbal Fern\u00e1ndez, recibi\u00f3 en su despacho a Posse y el designado ministro del Interior, Guillermo Francos, para conversar sobre \u00abaspectos vinculados a la seguridad p\u00fablica\u00bb.<\/p>\n<p>Por su parte, el ministro de Econom\u00eda, Sergio Massa, design\u00f3 a un equipo que se har\u00e1 cargo de los aspectos econ\u00f3micos de la transici\u00f3n, compuesto por los secretarios de Pol\u00edtica Econ\u00f3mica, Gabriel Rubinstein; y de Hacienda, Ra\u00fal Rigo; el jefe de Asesores del Palacio de Hacienda, Leonardo Madcur; y el titular del Banco Central, Miguel Pesce.<\/p>\n<p>El mi\u00e9rcoles, luego de posponer su viaje a Italia, Cristina Fern\u00e1ndez de Kirchner recibi\u00f3 durante una hora y media en su despacho del Senado, ubicado en el primer piso del Congreso de la Naci\u00f3n, a su sucesora Villarruel, para coordinar la organizaci\u00f3n de la Asamblea Legislativa.<\/p>\n<p>\u00abHablamos de la transici\u00f3n, que ser\u00e1 ordenada, respetuosa, donde ella y la persona que design\u00f3 para la transici\u00f3n nos explic\u00f3 el funcionamiento del Senado y los pr\u00f3ximos pasos a seguir en los siguientes d\u00edas\u00bb, coment\u00f3 Villarruel ante los medios sobre un encuentro del que no trascendi\u00f3 foto.<\/p>\n<p>El jueves, el canciller Santiago Cafiero recibi\u00f3 durante una hora en su despacho a Mondino, para acordar la designaci\u00f3n de los equipos t\u00e9cnicos encargados de poner en marcha y ordenar la transici\u00f3n, adem\u00e1s de ofrecer la \u00abentrega de informaci\u00f3n o encuentros que soliciten las autoridades entrantes\u00bb, indicaron a esta agencia fuentes del Palacio San Mart\u00edn.<\/p>\n<p>Ese mismo d\u00eda, la ministra de Trabajo, Raquel Olmos, recibi\u00f3 en su despacho a Omar Yas\u00edn, un abogado laboralista que se menciona como secretario de Trabajo del gobierno de Milei; y a Horacio Pitrau, Miguel \u00c1ngel Ponte y Gustavo Mor\u00f3n, quienes ocupar\u00e1n distintos cargos en esa \u00e1rea.<\/p>\n","protected":false},"excerpt":{"rendered":"<p>A 15 d\u00edas de la asunci\u00f3n de Javier Milei como presidente, el gobierno saliente de Alberto Fern\u00e1ndez y el entrante mantuvieron esta semana distintas reuniones de transici\u00f3n, mientras se define el nuevo gabinete y los detalles e invitados internacionales a la ceremonia de traspaso de poder, prevista para el pr\u00f3ximo domingo 10 de diciembre. La &hellip;<\/p>\n","protected":false},"author":2,"featured_media":0,"comment_status":"open","ping_status":"open","sticky":false,"template":"","format":"standard","meta":{"advanced_seo_description":"","jetpack_seo_html_title":"","jetpack_seo_noindex":false,"_jetpack_memberships_contains_paid_content":false,"footnotes":"","jetpack_publicize_message":"","jetpack_publicize_feature_enabled":true,"jetpack_social_post_already_shared":false,"jetpack_social_options":{"image_generator_settings":{"template":"highway","default_image_id":0,"font":"","enabled":false},"version":2}},"categories":[6],"tags":[],"class_list":["post-2697","post","type-post","status-publish","format-standard","hentry","category-calle-angosta"],"jetpack_publicize_connections":[],"jetpack_featured_media_url":"","jetpack_sharing_enabled":true,"_links":{"self":[{"href":"https:\/\/calleangosta.com\/ca\/wp-json\/wp\/v2\/posts\/2697","targetHints":{"allow":["GET"]}}],"collection":[{"href":"https:\/\/calleangosta.com\/ca\/wp-json\/wp\/v2\/posts"}],"about":[{"href":"https:\/\/calleangosta.com\/ca\/wp-json\/wp\/v2\/types\/post"}],"author":[{"embeddable":true,"href":"https:\/\/calleangosta.com\/ca\/wp-json\/wp\/v2\/users\/2"}],"replies":[{"embeddable":true,"href":"https:\/\/calleangosta.com\/ca\/wp-json\/wp\/v2\/comments?post=2697"}],"version-history":[{"count":1,"href":"https:\/\/calleangosta.com\/ca\/wp-json\/wp\/v2\/posts\/2697\/revisions"}],"predecessor-version":[{"id":6769,"href":"https:\/\/calleangosta.com\/ca\/wp-json\/wp\/v2\/posts\/2697\/revisions\/6769"}],"wp:attachment":[{"href":"https:\/\/calleangosta.com\/ca\/wp-json\/wp\/v2\/media?parent=2697"}],"wp:term":[{"taxonomy":"category","embeddable":true,"href":"https:\/\/calleangosta.com\/ca\/wp-json\/wp\/v2\/categories?post=2697"},{"taxonomy":"post_tag","embeddable":true,"href":"https:\/\/calleangosta.com\/ca\/wp-json\/wp\/v2\/tags?post=2697"}],"curies":[{"name":"wp","href":"https:\/\/api.w.org\/{rel}","templated":true}]}}