{"id":2698,"date":"2024-12-03T11:20:26","date_gmt":"2024-12-03T14:20:26","guid":{"rendered":"https:\/\/calleangosta.com\/ca\/?p=2698"},"modified":"2024-12-03T11:20:26","modified_gmt":"2024-12-03T14:20:26","slug":"desde-lla-aclaran-que-el-futuro-presidente-de-diputados-tambien-puede-surgir-de-esa-fuerza","status":"publish","type":"post","link":"https:\/\/calleangosta.com\/ca\/desde-lla-aclaran-que-el-futuro-presidente-de-diputados-tambien-puede-surgir-de-esa-fuerza\/","title":{"rendered":"Desde LLA aclaran que el futuro presidente de Diputados tambi\u00e9n puede surgir de esa fuerza"},"content":{"rendered":"<p>El legislador porte\u00f1o y diputado nacional electo por La Libertad Avanza (LLA), Oscar Zago, afirm\u00f3 hoy que el futuro presidente de la C\u00e1mara de Diputados puede pertenecer a esa fuerza pol\u00edtica y, de esa manera, relativiz\u00f3 as\u00ed las posibilidades de que el cargo sea para un extrapartidario como Florencio Randazzo o Cristian Ritondo.<\/p>\n<p><!--more--><\/p>\n<p>\u201cLos candidatos a presidir no son solamente Florencio Randazzo y Cristian Ritondo. El lunes vamos a sentarnos y discutir quien es el presidente\u201d, dijo hoy el legislador de la Ciudad de Buenos Aires en declaraciones a Radio AM 750.<\/p>\n<p>En ese sentido, aclar\u00f3: \u201cLa Presidencia se va a resolver cuando nos juntemos con los distintos bloques, como se hace siempre. Nosotros reci\u00e9n el lunes vamos a estar en condiciones de resolverlo, m\u00e1s que nada por un tema de papeleo con los diputados de las distintas provincias\u201d.<\/p>\n<p>\u201cYo por supuesto que prefiero a alguien de La Libertad Avanza para presidir la C\u00e1mara y estoy para presidir, soy uno de los que siempre expres\u00e9 que ven\u00edamos trabajando con el presidente para eso\u201d, remarc\u00f3.<\/p>\n<p>Para presidir la C\u00e1mara baja, en los \u00faltimos d\u00edas hab\u00edan tomado mayor fuerza los nombres del macrista Cristian Ritondo, por la sinergia electoral de LLA y el PRO en el balotaje, y de Florencio Randazzo, apalancado en la figura del gobernador cordob\u00e9s y excandidato presidencial, Juan Schiaretti.<\/p>\n<p>El tema se deber\u00e1 resolver antes del jueves 7 de diciembre, d\u00edas en que jurar\u00e1n los 130 diputados electos en octubre y se elegir\u00e1n las nuevas autoridades del cuerpo.<\/p>\n","protected":false},"excerpt":{"rendered":"<p>El legislador porte\u00f1o y diputado nacional electo por La Libertad Avanza (LLA), Oscar Zago, afirm\u00f3 hoy que el futuro presidente de la C\u00e1mara de Diputados puede pertenecer a esa fuerza pol\u00edtica y, de esa manera, relativiz\u00f3 as\u00ed las posibilidades de que el cargo sea para un extrapartidario como Florencio Randazzo o Cristian Ritondo. \u201cLos candidatos &hellip;<\/p>\n","protected":false},"author":2,"featured_media":0,"comment_status":"open","ping_status":"open","sticky":false,"template":"","format":"standard","meta":{"advanced_seo_description":"","jetpack_seo_html_title":"","jetpack_seo_noindex":false,"_jetpack_memberships_contains_paid_content":false,"footnotes":"","jetpack_publicize_message":"","jetpack_publicize_feature_enabled":true,"jetpack_social_post_already_shared":false,"jetpack_social_options":{"image_generator_settings":{"template":"highway","default_image_id":0,"font":"","enabled":false},"version":2}},"categories":[6],"tags":[],"class_list":["post-2698","post","type-post","status-publish","format-standard","hentry","category-calle-angosta"],"jetpack_publicize_connections":[],"jetpack_featured_media_url":"","jetpack_sharing_enabled":true,"_links":{"self":[{"href":"https:\/\/calleangosta.com\/ca\/wp-json\/wp\/v2\/posts\/2698","targetHints":{"allow":["GET"]}}],"collection":[{"href":"https:\/\/calleangosta.com\/ca\/wp-json\/wp\/v2\/posts"}],"about":[{"href":"https:\/\/calleangosta.com\/ca\/wp-json\/wp\/v2\/types\/post"}],"author":[{"embeddable":true,"href":"https:\/\/calleangosta.com\/ca\/wp-json\/wp\/v2\/users\/2"}],"replies":[{"embeddable":true,"href":"https:\/\/calleangosta.com\/ca\/wp-json\/wp\/v2\/comments?post=2698"}],"version-history":[{"count":1,"href":"https:\/\/calleangosta.com\/ca\/wp-json\/wp\/v2\/posts\/2698\/revisions"}],"predecessor-version":[{"id":6767,"href":"https:\/\/calleangosta.com\/ca\/wp-json\/wp\/v2\/posts\/2698\/revisions\/6767"}],"wp:attachment":[{"href":"https:\/\/calleangosta.com\/ca\/wp-json\/wp\/v2\/media?parent=2698"}],"wp:term":[{"taxonomy":"category","embeddable":true,"href":"https:\/\/calleangosta.com\/ca\/wp-json\/wp\/v2\/categories?post=2698"},{"taxonomy":"post_tag","embeddable":true,"href":"https:\/\/calleangosta.com\/ca\/wp-json\/wp\/v2\/tags?post=2698"}],"curies":[{"name":"wp","href":"https:\/\/api.w.org\/{rel}","templated":true}]}}