{"id":2699,"date":"2024-12-03T11:20:23","date_gmt":"2024-12-03T14:20:23","guid":{"rendered":"https:\/\/calleangosta.com\/ca\/?p=2699"},"modified":"2024-12-03T11:20:23","modified_gmt":"2024-12-03T14:20:23","slug":"francisco-suspendio-todas-sus-audiencias-por-un-ligero-estado-gripal","status":"publish","type":"post","link":"https:\/\/calleangosta.com\/ca\/francisco-suspendio-todas-sus-audiencias-por-un-ligero-estado-gripal\/","title":{"rendered":"Francisco suspendi\u00f3 todas sus audiencias por \u00abun ligero estado gripal\u00bb"},"content":{"rendered":"<p>El papa Francisco suspendi\u00f3 hoy todas sus audiencias previstas por \u00abun ligero estado gripal\u00bb, inform\u00f3 el Vaticano.<\/p>\n<p><!--more--><\/p>\n<p>\u00abLas audiencias del Santo Padre previstas para esta ma\u00f1ana han sido anuladas por causa de un ligero estado gripal\u00bb, inform\u00f3 el director de la oficina de Prensa de la Santa Sede Matteo Bruni en un comunicado.<\/p>\n<p>El pont\u00edfice, que el 17 de diciembre cumplir\u00e1 87 a\u00f1os, ten\u00eda entre las audiencias previstas una reuni\u00f3n con el presidente de Guinea Bissau, Umaro Sissoco Embal\u00f3, entre otras actividades.<\/p>\n<p>Luego, \u00aba primera hora de la tarde\u00bb de Italia de este s\u00e1bado, el Papa se someti\u00f3 a una tomograf\u00eda computarizada \u00abpara excluir el riesgo de complicaciones pulmonares\u00bb en el Hospital Gemelli de Roma, inform\u00f3 el Vaticano a medios acreditados a trav\u00e9s de un mensaje en Telegram.<\/p>\n<p>Tras la TAC, que dio negativo, \u00abel Papa volvi\u00f3 a Casa Santa Marta\u00bb, su residencia en el Vaticano.<\/p>\n","protected":false},"excerpt":{"rendered":"<p>El papa Francisco suspendi\u00f3 hoy todas sus audiencias previstas por \u00abun ligero estado gripal\u00bb, inform\u00f3 el Vaticano. \u00abLas audiencias del Santo Padre previstas para esta ma\u00f1ana han sido anuladas por causa de un ligero estado gripal\u00bb, inform\u00f3 el director de la oficina de Prensa de la Santa Sede Matteo Bruni en un comunicado. El pont\u00edfice, &hellip;<\/p>\n","protected":false},"author":2,"featured_media":0,"comment_status":"open","ping_status":"open","sticky":false,"template":"","format":"standard","meta":{"advanced_seo_description":"","jetpack_seo_html_title":"","jetpack_seo_noindex":false,"_jetpack_memberships_contains_paid_content":false,"footnotes":"","jetpack_publicize_message":"","jetpack_publicize_feature_enabled":true,"jetpack_social_post_already_shared":false,"jetpack_social_options":{"image_generator_settings":{"template":"highway","default_image_id":0,"font":"","enabled":false},"version":2}},"categories":[6],"tags":[],"class_list":["post-2699","post","type-post","status-publish","format-standard","hentry","category-calle-angosta"],"jetpack_publicize_connections":[],"jetpack_featured_media_url":"","jetpack_sharing_enabled":true,"_links":{"self":[{"href":"https:\/\/calleangosta.com\/ca\/wp-json\/wp\/v2\/posts\/2699","targetHints":{"allow":["GET"]}}],"collection":[{"href":"https:\/\/calleangosta.com\/ca\/wp-json\/wp\/v2\/posts"}],"about":[{"href":"https:\/\/calleangosta.com\/ca\/wp-json\/wp\/v2\/types\/post"}],"author":[{"embeddable":true,"href":"https:\/\/calleangosta.com\/ca\/wp-json\/wp\/v2\/users\/2"}],"replies":[{"embeddable":true,"href":"https:\/\/calleangosta.com\/ca\/wp-json\/wp\/v2\/comments?post=2699"}],"version-history":[{"count":1,"href":"https:\/\/calleangosta.com\/ca\/wp-json\/wp\/v2\/posts\/2699\/revisions"}],"predecessor-version":[{"id":6766,"href":"https:\/\/calleangosta.com\/ca\/wp-json\/wp\/v2\/posts\/2699\/revisions\/6766"}],"wp:attachment":[{"href":"https:\/\/calleangosta.com\/ca\/wp-json\/wp\/v2\/media?parent=2699"}],"wp:term":[{"taxonomy":"category","embeddable":true,"href":"https:\/\/calleangosta.com\/ca\/wp-json\/wp\/v2\/categories?post=2699"},{"taxonomy":"post_tag","embeddable":true,"href":"https:\/\/calleangosta.com\/ca\/wp-json\/wp\/v2\/tags?post=2699"}],"curies":[{"name":"wp","href":"https:\/\/api.w.org\/{rel}","templated":true}]}}