{"id":2701,"date":"2024-12-03T11:20:22","date_gmt":"2024-12-03T14:20:22","guid":{"rendered":"https:\/\/calleangosta.com\/ca\/?p=2701"},"modified":"2024-12-03T11:20:22","modified_gmt":"2024-12-03T14:20:22","slug":"javier-milei-recibio-un-rosario-bendecido-y-enviado-por-el-papa-francisco","status":"publish","type":"post","link":"https:\/\/calleangosta.com\/ca\/javier-milei-recibio-un-rosario-bendecido-y-enviado-por-el-papa-francisco\/","title":{"rendered":"Javier Milei recibi\u00f3 un rosario bendecido y enviado por el papa Francisco"},"content":{"rendered":"<p>El presidente electo, Javier Milei, recibi\u00f3 de regalo en las \u00faltimas horas un rosario que el papa Francisco bendijo para \u00e9l, tras la comunicaci\u00f3n telef\u00f3nica que mantuvieron esta semana luego del triunfo del libertario en las elecciones del domingo pasado.<\/p>\n<p><!--more--><\/p>\n<p>\u00abEl presidente electo Javier Milei recibi\u00f3 esta tarde un rosario que el papa Francisco bendijo para \u00e9l y para la vicepresidenta electa Victoria Villarruel\u00bb, inform\u00f3 anoche la oficina de prensa del mandatario electo.<\/p>\n<p>Dos d\u00edas despu\u00e9s del balotaje, el martes, el pont\u00edfice argentino se comunic\u00f3 telef\u00f3nicamente con Milei para felicitarlo por su triunfo en la segunda vuelta, inform\u00f3 el vocero papal Mateo Bruni y fuentes de La Libertad Avanza (LLA).<\/p>\n<p>En la conversaci\u00f3n, Milei invit\u00f3 al Pont\u00edfice a visitar la Argentina el a\u00f1o pr\u00f3ximo como jefe de Estado y tambi\u00e9n en su car\u00e1cter de l\u00edder de la Iglesia cat\u00f3lica.<\/p>\n<p>Milei recibi\u00f3 el martes 21 el llamado de Jorge Bergoglio mientras se encontraba brindando una entrevista a periodistas del canal La Naci\u00f3n+ en el hotel Libertador, lugar donde durante toda la semana mantuvo diversas reuniones para terminar de conformar su gabinete y delinear sus primeras medidas de gobierno.<\/p>\n<p>La conversaci\u00f3n telef\u00f3nica dur\u00f3 \u00abentre 8 y 9 minutos\u00bb, se habl\u00f3 de \u00abla pobreza en el pa\u00eds y las propuestas de cambio\u00bb y se realiz\u00f3 \u00aba trav\u00e9s de un amigo del Papa\u00bb, el oftalm\u00f3logo Fabio Bartucci, quien fue el que trajo los rosarios bendecidos para Milei y Villarruel.<\/p>\n<p>En sus \u00faltimas declaraciones durante la campa\u00f1a electoral, el ahora mandatario electo manifest\u00f3 que recibir\u00eda al Papa en una eventual visita a la Argentina como \u00abjefe de Estado y l\u00edder de la Iglesia\u00bb.<\/p>\n<p>Durante el primer debate presidencial, que se realiz\u00f3 el pasado 1 de octubre en la provincia de Santiago del Estero, al ser consultado por sus agravios al Pont\u00edfice, Milei dijo que le pidi\u00f3 \u00abperd\u00f3n al Papa\u00bb, que \u00ablo volver\u00eda a hacer\u00bb si se equivoca.<\/p>\n<p>Asimismo, Milei sostuvo en esa oportunidad que \u00absi el Papa quiere venir a la Argentina se lo va a respetar no s\u00f3lo como jefe de Estado sino como l\u00edder de la iglesia cat\u00f3lica\u00bb.<\/p>\n<p>En anteriores declaraciones, Milei hab\u00eda dicho que el Papa es \u00abel representante del maligno en la tierra\u00bb y -en distintas entrevistas period\u00edsticas- tambi\u00e9n hab\u00eda afirmado que Francisco \u00abjuega pol\u00edticamente, tiene una fuerte injerencia pol\u00edtica y ha demostrado, adem\u00e1s, una gran afinidad con dictadores como (el exmandatario cubano Ra\u00fal) Castro o (el actual presidente venezolano Nicol\u00e1s) Maduro\u00bb.<\/p>\n<p>Por su parte, el papa Francisco recibir\u00e1 el mi\u00e9rcoles en el Vaticano al presidente saliente Alberto Fern\u00e1ndez.<\/p>\n<p>La visita ser\u00e1 uno de los \u00faltimos actos del jefe de Estado antes del recambio institucional del 10 de diciembre, cuando el presidente electo Milei inicie su per\u00edodo de Gobierno.<\/p>\n<p>El pont\u00edfice y el mandatario saliente se reunir\u00e1n en el que ser\u00e1 el primer encuentro entre ambos desde mayo de 2021, cuando se vieron en el estudio del Aula Pablo VI del Vaticano.<\/p>\n<p>Fern\u00e1ndez tambi\u00e9n visit\u00f3 al Papa el 31 de enero de 2020, cuando se reunieron en la Biblioteca del segundo piso del Palacio Apost\u00f3lico.<\/p>\n<p>La reuni\u00f3n con Fern\u00e1ndez se dar\u00e1 dos d\u00edas antes de que el Papa viaje a Dubai para participar de la cumbre clim\u00e1tica COP28.<\/p>\n","protected":false},"excerpt":{"rendered":"<p>El presidente electo, Javier Milei, recibi\u00f3 de regalo en las \u00faltimas horas un rosario que el papa Francisco bendijo para \u00e9l, tras la comunicaci\u00f3n telef\u00f3nica que mantuvieron esta semana luego del triunfo del libertario en las elecciones del domingo pasado. \u00abEl presidente electo Javier Milei recibi\u00f3 esta tarde un rosario que el papa Francisco bendijo &hellip;<\/p>\n","protected":false},"author":2,"featured_media":0,"comment_status":"open","ping_status":"open","sticky":false,"template":"","format":"standard","meta":{"advanced_seo_description":"","jetpack_seo_html_title":"","jetpack_seo_noindex":false,"_jetpack_memberships_contains_paid_content":false,"footnotes":"","jetpack_publicize_message":"","jetpack_publicize_feature_enabled":true,"jetpack_social_post_already_shared":false,"jetpack_social_options":{"image_generator_settings":{"template":"highway","default_image_id":0,"font":"","enabled":false},"version":2}},"categories":[6],"tags":[],"class_list":["post-2701","post","type-post","status-publish","format-standard","hentry","category-calle-angosta"],"jetpack_publicize_connections":[],"jetpack_featured_media_url":"","jetpack_sharing_enabled":true,"_links":{"self":[{"href":"https:\/\/calleangosta.com\/ca\/wp-json\/wp\/v2\/posts\/2701","targetHints":{"allow":["GET"]}}],"collection":[{"href":"https:\/\/calleangosta.com\/ca\/wp-json\/wp\/v2\/posts"}],"about":[{"href":"https:\/\/calleangosta.com\/ca\/wp-json\/wp\/v2\/types\/post"}],"author":[{"embeddable":true,"href":"https:\/\/calleangosta.com\/ca\/wp-json\/wp\/v2\/users\/2"}],"replies":[{"embeddable":true,"href":"https:\/\/calleangosta.com\/ca\/wp-json\/wp\/v2\/comments?post=2701"}],"version-history":[{"count":1,"href":"https:\/\/calleangosta.com\/ca\/wp-json\/wp\/v2\/posts\/2701\/revisions"}],"predecessor-version":[{"id":6765,"href":"https:\/\/calleangosta.com\/ca\/wp-json\/wp\/v2\/posts\/2701\/revisions\/6765"}],"wp:attachment":[{"href":"https:\/\/calleangosta.com\/ca\/wp-json\/wp\/v2\/media?parent=2701"}],"wp:term":[{"taxonomy":"category","embeddable":true,"href":"https:\/\/calleangosta.com\/ca\/wp-json\/wp\/v2\/categories?post=2701"},{"taxonomy":"post_tag","embeddable":true,"href":"https:\/\/calleangosta.com\/ca\/wp-json\/wp\/v2\/tags?post=2701"}],"curies":[{"name":"wp","href":"https:\/\/api.w.org\/{rel}","templated":true}]}}