{"id":2702,"date":"2024-12-03T11:20:18","date_gmt":"2024-12-03T14:20:18","guid":{"rendered":"https:\/\/calleangosta.com\/ca\/?p=2702"},"modified":"2024-12-03T11:20:18","modified_gmt":"2024-12-03T14:20:18","slug":"se-cumplen-tres-anos-del-fallecimiento-de-maradona","status":"publish","type":"post","link":"https:\/\/calleangosta.com\/ca\/se-cumplen-tres-anos-del-fallecimiento-de-maradona\/","title":{"rendered":"Se cumplen tres a\u00f1os del fallecimiento de Maradona"},"content":{"rendered":"<p>Hoy, 25 de noviembre, se conmemora el tercer aniversario del fallecimiento de Diego Armando Maradona, uno de los futbolistas m\u00e1s ic\u00f3nicos y controvertidos de la historia. Maradona, nacido el 30 de octubre de 1960, dej\u00f3 una huella imborrable en el mundo del f\u00fatbol y en la cultura popular argentina.<\/p>\n<p><!--more--><\/p>\n<p>El 25 de noviembre de 2020, Maradona falleci\u00f3 a los 60 a\u00f1os de edad debido a un paro cardiorrespiratorio en su residencia de Tigre, Buenos Aires. Su muerte conmovi\u00f3 a millones de personas en Argentina y en todo el mundo, generando un profundo luto en el \u00e1mbito del f\u00fatbol y m\u00e1s all\u00e1.<\/p>\n<p>Maradona, conocido por su genialidad en el campo de juego y por su personalidad carism\u00e1tica y pol\u00e9mica fuera de \u00e9l, dej\u00f3 un legado imborrable. Recordado por sus haza\u00f1as con la selecci\u00f3n argentina, especialmente en el Mundial de M\u00e9xico 1986, donde lider\u00f3 al equipo hacia la victoria, sus contribuciones al f\u00fatbol y su impacto cultural siguen siendo motivo de reflexi\u00f3n y admiraci\u00f3n.<\/p>\n<p>En este primer aniversario de su fallecimiento, se espera que su memoria y su legado contin\u00faen siendo recordados a trav\u00e9s de homenajes, eventos conmemorativos y la celebraci\u00f3n de su contribuci\u00f3n \u00fanica al deporte y a la historia argentina.<\/p>\n","protected":false},"excerpt":{"rendered":"<p>Hoy, 25 de noviembre, se conmemora el tercer aniversario del fallecimiento de Diego Armando Maradona, uno de los futbolistas m\u00e1s ic\u00f3nicos y controvertidos de la historia. Maradona, nacido el 30 de octubre de 1960, dej\u00f3 una huella imborrable en el mundo del f\u00fatbol y en la cultura popular argentina. El 25 de noviembre de 2020, &hellip;<\/p>\n","protected":false},"author":2,"featured_media":0,"comment_status":"open","ping_status":"open","sticky":false,"template":"","format":"standard","meta":{"advanced_seo_description":"","jetpack_seo_html_title":"","jetpack_seo_noindex":false,"_jetpack_memberships_contains_paid_content":false,"footnotes":"","jetpack_publicize_message":"","jetpack_publicize_feature_enabled":true,"jetpack_social_post_already_shared":false,"jetpack_social_options":{"image_generator_settings":{"template":"highway","default_image_id":0,"font":"","enabled":false},"version":2}},"categories":[6],"tags":[],"class_list":["post-2702","post","type-post","status-publish","format-standard","hentry","category-calle-angosta"],"jetpack_publicize_connections":[],"jetpack_featured_media_url":"","jetpack_sharing_enabled":true,"_links":{"self":[{"href":"https:\/\/calleangosta.com\/ca\/wp-json\/wp\/v2\/posts\/2702","targetHints":{"allow":["GET"]}}],"collection":[{"href":"https:\/\/calleangosta.com\/ca\/wp-json\/wp\/v2\/posts"}],"about":[{"href":"https:\/\/calleangosta.com\/ca\/wp-json\/wp\/v2\/types\/post"}],"author":[{"embeddable":true,"href":"https:\/\/calleangosta.com\/ca\/wp-json\/wp\/v2\/users\/2"}],"replies":[{"embeddable":true,"href":"https:\/\/calleangosta.com\/ca\/wp-json\/wp\/v2\/comments?post=2702"}],"version-history":[{"count":1,"href":"https:\/\/calleangosta.com\/ca\/wp-json\/wp\/v2\/posts\/2702\/revisions"}],"predecessor-version":[{"id":6764,"href":"https:\/\/calleangosta.com\/ca\/wp-json\/wp\/v2\/posts\/2702\/revisions\/6764"}],"wp:attachment":[{"href":"https:\/\/calleangosta.com\/ca\/wp-json\/wp\/v2\/media?parent=2702"}],"wp:term":[{"taxonomy":"category","embeddable":true,"href":"https:\/\/calleangosta.com\/ca\/wp-json\/wp\/v2\/categories?post=2702"},{"taxonomy":"post_tag","embeddable":true,"href":"https:\/\/calleangosta.com\/ca\/wp-json\/wp\/v2\/tags?post=2702"}],"curies":[{"name":"wp","href":"https:\/\/api.w.org\/{rel}","templated":true}]}}