{"id":2703,"date":"2024-12-03T11:20:14","date_gmt":"2024-12-03T14:20:14","guid":{"rendered":"https:\/\/calleangosta.com\/ca\/?p=2703"},"modified":"2024-12-03T11:20:14","modified_gmt":"2024-12-03T14:20:14","slug":"micaela-lujan-retuvo-el-titulo-sudamericano-supermosca","status":"publish","type":"post","link":"https:\/\/calleangosta.com\/ca\/micaela-lujan-retuvo-el-titulo-sudamericano-supermosca\/","title":{"rendered":"Micaela Luj\u00e1n retuvo el t\u00edtulo sudamericano supermosca"},"content":{"rendered":"<p>La boxeadora villamercedina Micaela \u00abLa Princesita\u00bb Luj\u00e1n retuvo con \u00e9xito su t\u00edtulo sudamericano supermosca al lograr un nocaut t\u00e9cnico en el sexto asalto ante la santafesina Vanesa \u00abLa Negra\u00bb Taborda. El combate tuvo lugar en el Palacio de los Deportes \u00abJos\u00e9 Mar\u00eda Gatica\u00bb.<\/p>\n<p><!--more--><\/p>\n<p>El enfrentamiento principal de la velada comenz\u00f3 con un primer asalto de estudio mutuo, pero Luj\u00e1n tom\u00f3 la iniciativa en los siguientes asaltos, realizando un mayor desgaste y trabajando con paciencia sobre la humanidad de su rival. A pesar de mantenerse en pie hasta el final del sexto asalto, Taborda ya no mostraba el mismo semblante, y desde su rinc\u00f3n vol\u00f3 la toalla, lo que llev\u00f3 a la interrupci\u00f3n del combate.<\/p>\n<p>Con esta victoria, Micaela Luj\u00e1n cerr\u00f3 el a\u00f1o de manera invicta y retuvo su t\u00edtulo sudamericano supermosca, sumando un total de catorce victorias en diecis\u00e9is presentaciones como profesional. Adem\u00e1s, es poseedora del t\u00edtulo argentino de la categor\u00eda y ha demostrado su calidad arriba del ring. La boxeadora hab\u00eda obtenido el t\u00edtulo sudamericano y argentino supermosca en septiembre al vencer a la porte\u00f1a Carolina Ferrari.<\/p>\n","protected":false},"excerpt":{"rendered":"<p>La boxeadora villamercedina Micaela \u00abLa Princesita\u00bb Luj\u00e1n retuvo con \u00e9xito su t\u00edtulo sudamericano supermosca al lograr un nocaut t\u00e9cnico en el sexto asalto ante la santafesina Vanesa \u00abLa Negra\u00bb Taborda. El combate tuvo lugar en el Palacio de los Deportes \u00abJos\u00e9 Mar\u00eda Gatica\u00bb. El enfrentamiento principal de la velada comenz\u00f3 con un primer asalto de &hellip;<\/p>\n","protected":false},"author":2,"featured_media":0,"comment_status":"open","ping_status":"open","sticky":false,"template":"","format":"standard","meta":{"advanced_seo_description":"","jetpack_seo_html_title":"","jetpack_seo_noindex":false,"_jetpack_memberships_contains_paid_content":false,"footnotes":"","jetpack_publicize_message":"","jetpack_publicize_feature_enabled":true,"jetpack_social_post_already_shared":false,"jetpack_social_options":{"image_generator_settings":{"template":"highway","default_image_id":0,"font":"","enabled":false},"version":2}},"categories":[6],"tags":[],"class_list":["post-2703","post","type-post","status-publish","format-standard","hentry","category-calle-angosta"],"jetpack_publicize_connections":[],"jetpack_featured_media_url":"","jetpack_sharing_enabled":true,"_links":{"self":[{"href":"https:\/\/calleangosta.com\/ca\/wp-json\/wp\/v2\/posts\/2703","targetHints":{"allow":["GET"]}}],"collection":[{"href":"https:\/\/calleangosta.com\/ca\/wp-json\/wp\/v2\/posts"}],"about":[{"href":"https:\/\/calleangosta.com\/ca\/wp-json\/wp\/v2\/types\/post"}],"author":[{"embeddable":true,"href":"https:\/\/calleangosta.com\/ca\/wp-json\/wp\/v2\/users\/2"}],"replies":[{"embeddable":true,"href":"https:\/\/calleangosta.com\/ca\/wp-json\/wp\/v2\/comments?post=2703"}],"version-history":[{"count":1,"href":"https:\/\/calleangosta.com\/ca\/wp-json\/wp\/v2\/posts\/2703\/revisions"}],"predecessor-version":[{"id":6763,"href":"https:\/\/calleangosta.com\/ca\/wp-json\/wp\/v2\/posts\/2703\/revisions\/6763"}],"wp:attachment":[{"href":"https:\/\/calleangosta.com\/ca\/wp-json\/wp\/v2\/media?parent=2703"}],"wp:term":[{"taxonomy":"category","embeddable":true,"href":"https:\/\/calleangosta.com\/ca\/wp-json\/wp\/v2\/categories?post=2703"},{"taxonomy":"post_tag","embeddable":true,"href":"https:\/\/calleangosta.com\/ca\/wp-json\/wp\/v2\/tags?post=2703"}],"curies":[{"name":"wp","href":"https:\/\/api.w.org\/{rel}","templated":true}]}}