{"id":2704,"date":"2024-12-03T11:20:13","date_gmt":"2024-12-03T14:20:13","guid":{"rendered":"https:\/\/calleangosta.com\/ca\/?p=2704"},"modified":"2024-12-03T11:20:13","modified_gmt":"2024-12-03T14:20:13","slug":"francisco-destaca-el-acuerdo-entre-israel-y-hamas-y-tambien-advierte-sobre-el-cambio-climatico","status":"publish","type":"post","link":"https:\/\/calleangosta.com\/ca\/francisco-destaca-el-acuerdo-entre-israel-y-hamas-y-tambien-advierte-sobre-el-cambio-climatico\/","title":{"rendered":"Francisco destaca el acuerdo entre Israel y Hamas y tambi\u00e9n advierte sobre el cambio clim\u00e1tico"},"content":{"rendered":"<p>El papa Francisco destac\u00f3 hoy el acuerdo entre Israel y Hamas para el intercambio de rehenes tomados por el grupo islamista a cambio de prisioneros y de una tregua y advirti\u00f3 del \u00abpeligro\u00bb del cambio clim\u00e1tico al anunciar el viaje que har\u00e1 a la cumbre ambiental COP28 de Dubai.<\/p>\n<p><!--more--><\/p>\n<p>\u00abAgradecemos a Dios porque hay finalmente acuerdo entre Israel y Palestina y algunos rehenes fueron finalmente liberados\u00bb, plante\u00f3 el pont\u00edfice tras el \u00c1ngelus dominical en un mensaje que ley\u00f3 monse\u00f1or Paolo Braida, a causa de una inflamaci\u00f3n pulmonar que afecta a Jorge Bergoglio.<\/p>\n<p>\u00abRezamos para que pronto sean todos liberados, pensamos en sus familias\u00bb, sostuvo Francisco en el mensaje le\u00eddo por el oficial de la secretar\u00eda de Estado que lo acompa\u00f1\u00f3 en la oraci\u00f3n que se televis\u00f3 desde la Casa Santa Marta.<\/p>\n<p>En su llamado, Francisco pidi\u00f3 \u00abque entren a Gaza m\u00e1s ayudas humanitarias y que se insista en el di\u00e1logo, que es la \u00fanica v\u00eda para tener paz\u00bb.<\/p>\n<p>\u00abQuien no quiere dialogar no quiere la paz\u00bb, asever\u00f3.<\/p>\n<p>Por otro lado, en vista del viaje que har\u00e1 del 1 al 3 de diciembre, el Papa plante\u00f3 que \u00abm\u00e1s all\u00e1 de la guerra, nuestro mundo est\u00e1 amenazado de otro peligro, el clim\u00e1tico, que pone en riesgo la vida sobre la tierra, especialmente a las futuras generaciones\u00bb.<\/p>\n<p>\u00abEsto es contrario al proyecto de Dios que creo todo para la vida. Por eso el pr\u00f3ximo fin de semana ir\u00e9 a Emiratos \u00c1rabes Unidos para intervenir el s\u00e1bado en la COP28 de Dubai\u00bb, ratific\u00f3 sobre su ida al encuentro clim\u00e1tico organizado, entre otros, por Naciones Unidas.<\/p>\n","protected":false},"excerpt":{"rendered":"<p>El papa Francisco destac\u00f3 hoy el acuerdo entre Israel y Hamas para el intercambio de rehenes tomados por el grupo islamista a cambio de prisioneros y de una tregua y advirti\u00f3 del \u00abpeligro\u00bb del cambio clim\u00e1tico al anunciar el viaje que har\u00e1 a la cumbre ambiental COP28 de Dubai. \u00abAgradecemos a Dios porque hay finalmente &hellip;<\/p>\n","protected":false},"author":2,"featured_media":0,"comment_status":"open","ping_status":"open","sticky":false,"template":"","format":"standard","meta":{"advanced_seo_description":"","jetpack_seo_html_title":"","jetpack_seo_noindex":false,"_jetpack_memberships_contains_paid_content":false,"footnotes":"","jetpack_publicize_message":"","jetpack_publicize_feature_enabled":true,"jetpack_social_post_already_shared":false,"jetpack_social_options":{"image_generator_settings":{"template":"highway","default_image_id":0,"font":"","enabled":false},"version":2}},"categories":[6],"tags":[],"class_list":["post-2704","post","type-post","status-publish","format-standard","hentry","category-calle-angosta"],"jetpack_publicize_connections":[],"jetpack_featured_media_url":"","jetpack_sharing_enabled":true,"_links":{"self":[{"href":"https:\/\/calleangosta.com\/ca\/wp-json\/wp\/v2\/posts\/2704","targetHints":{"allow":["GET"]}}],"collection":[{"href":"https:\/\/calleangosta.com\/ca\/wp-json\/wp\/v2\/posts"}],"about":[{"href":"https:\/\/calleangosta.com\/ca\/wp-json\/wp\/v2\/types\/post"}],"author":[{"embeddable":true,"href":"https:\/\/calleangosta.com\/ca\/wp-json\/wp\/v2\/users\/2"}],"replies":[{"embeddable":true,"href":"https:\/\/calleangosta.com\/ca\/wp-json\/wp\/v2\/comments?post=2704"}],"version-history":[{"count":1,"href":"https:\/\/calleangosta.com\/ca\/wp-json\/wp\/v2\/posts\/2704\/revisions"}],"predecessor-version":[{"id":6762,"href":"https:\/\/calleangosta.com\/ca\/wp-json\/wp\/v2\/posts\/2704\/revisions\/6762"}],"wp:attachment":[{"href":"https:\/\/calleangosta.com\/ca\/wp-json\/wp\/v2\/media?parent=2704"}],"wp:term":[{"taxonomy":"category","embeddable":true,"href":"https:\/\/calleangosta.com\/ca\/wp-json\/wp\/v2\/categories?post=2704"},{"taxonomy":"post_tag","embeddable":true,"href":"https:\/\/calleangosta.com\/ca\/wp-json\/wp\/v2\/tags?post=2704"}],"curies":[{"name":"wp","href":"https:\/\/api.w.org\/{rel}","templated":true}]}}